{"id":20457,"date":"2025-05-16T09:15:40","date_gmt":"2025-05-16T07:15:40","guid":{"rendered":"https:\/\/blogs.deia.eus\/anasagasti\/?p=20457"},"modified":"2025-05-16T09:15:40","modified_gmt":"2025-05-16T07:15:40","slug":"en-el-pnv-vivian-muy-tranquilos-con-franco","status":"publish","type":"post","link":"https:\/\/blogs.deia.eus\/anasagasti\/2025\/05\/16\/en-el-pnv-vivian-muy-tranquilos-con-franco\/","title":{"rendered":"\u00abEn el PNV viv\u00edan muy tranquilos con Franco\u00bb"},"content":{"rendered":"\n<p><strong>Viernes 16 de mayo de 2025<\/strong><\/p>\n\n\n\n<p><strong>Javier Leoz Sanz<\/strong><\/p>\n\n\n<div class=\"wp-block-image\">\n<figure class=\"aligncenter size-large\"><a href=\"https:\/\/blogs.deia.eus\/anasagasti\/files\/2025\/05\/Maria-Caballero.jpg\"><img loading=\"lazy\" decoding=\"async\" width=\"940\" height=\"529\" src=\"https:\/\/blogs.deia.eus\/anasagasti\/files\/2025\/05\/Maria-Caballero-940x529.jpg\" alt=\"\" class=\"wp-image-20458\" srcset=\"https:\/\/blogs.deia.eus\/anasagasti\/files\/2025\/05\/Maria-Caballero-940x529.jpg 940w, https:\/\/blogs.deia.eus\/anasagasti\/files\/2025\/05\/Maria-Caballero-580x326.jpg 580w, https:\/\/blogs.deia.eus\/anasagasti\/files\/2025\/05\/Maria-Caballero-768x432.jpg 768w, https:\/\/blogs.deia.eus\/anasagasti\/files\/2025\/05\/Maria-Caballero.jpg 1200w\" sizes=\"auto, (max-width: 940px) 100vw, 940px\" \/><\/a><\/figure>\n<\/div>\n\n\n<p>Mar\u00eda Caballero, concejala de UPN en el Ayuntamiento de Pamplona.\u00a0Iban Aguinaga<\/p>\n\n\n\n<p><strong>\u201cEn el PNV viv\u00edan muy tranquilos con Franco\u201d<\/strong>. Es la frase que pronunci\u00f3 el pasado jueves en el Pleno la concejala de UPN en el Ayuntamiento de Pamplona,&nbsp;<a href=\"https:\/\/www.noticiasdenavarra.com\/tags\/maria-caballero\/\">Mar\u00eda Caballero<\/a>. Un insulto a todas las familias de aquellos miembros de EAJ-PNV que durante el franquismo sufrieron<strong>&nbsp;violencia, represi\u00f3n, persecuci\u00f3n, c\u00e1rcel, torturas, sanciones, depuraciones, requisas, castigos de destierro o exilio<\/strong>, y un insulto a las familias de aquellos miembros de EAJ-PNV que fueron&nbsp;<strong>fusilados<\/strong>.<\/p>\n\n\n\n<p>En julio de 1936, nada m\u00e1s producirse la sublevaci\u00f3n militar franquista, miembros de la Falange asaltaron la sede de EAJ-PNV en la calle Zapater\u00eda 50 de Iru\u00f1ea, apresaron y torturaron a&nbsp;<strong>Jos\u00e9 Aguerre Santesteban<\/strong>, presidente del Napar Buru Batzar y director de La Voz de Navarra, requisaron la rotativa y comenzaron a editar Arriba Espa\u00f1a, el \u00f3rgano de Falange espa\u00f1ola.<\/p>\n\n\n\n<p>El 29 septiembre de 1936,&nbsp;<strong>Fortunato Aguirre Lukin<\/strong>, alcalde de Estella-Lizarra desde 1933 y tras 72 d\u00edas de cautiverio, fue fusilado frente al cementerio de Tajonar.&nbsp;<strong>Mirentxu y Mikele Aguirre<\/strong>, dos de sus hijas, ni siquiera hab\u00edan nacido cuando su padre fue asesinado con dos tiros. El 31 de octubre de 1936,&nbsp;<strong>Jes\u00fas Ederra Aranguren<\/strong>, alcalde de EAJ-PNV en Murillo el Cuende, fue asesinado en el paraje de la Tejer\u00eda.<\/p>\n\n\n\n<p>Como lo fueron otros tantos navarros nacionalistas vascos, como&nbsp;<strong>Eustaquio Bengoetxea Bengoetxea, \u00c1ngel Txokarro Ramos, Arturo Ziordia Guillen, Miguel Flores Estanca, Hilario Goikoetxea Agirre, Pedro Mar\u00eda Gorostidi Imaz, Miguel Hualde Gorosterratzu, Valeriano Ilzauspe Iriarte, Juan Bautista Iriarte Azp\u00edroz, Santos Itarte Nuin, Juan Jos\u00e9 Lakunza Uncilla, Joaqu\u00edn Lizarraga Mart\u00ednez de Bujanda, Sab\u00edno Lizarraga Barandiaran, Ricardo Olejua Irurzun, Florentino Bilotxe Estenoz, Pedro Yabar Lacunza<\/strong>&nbsp;y otros muchos.<\/p>\n\n\n\n<p>Las palabras de la representante de UPN son un insulto a la familia de&nbsp;<strong>Fortunato Aguirre<\/strong>, a la familia de&nbsp;<strong>Jes\u00fas Ederra<\/strong>, a la familia de&nbsp;<strong>Jos\u00e9 Aguerre<\/strong>, y a la de tantos y tantas nacionalistas vascos. Un insulto a la familia de&nbsp;<strong>Jos\u00e9 Antonio Aguirre y Lecube<\/strong>, primer lehendakari del Gobierno Vasco, que tuvo que permanecer en el exilio, y un insulto a la familia de&nbsp;<strong>Manuel Irujo Ollo<\/strong>, quien tuvo que partir hacia el exilio en 1939.<\/p>\n\n\n\n<p>Un insulto a la familia de&nbsp;<strong>Modesto Urbiola Oroquieta<\/strong>, quien tom\u00f3 parte en 1930 en la formaci\u00f3n de la Junta Nacionalista de Aoiz, miembro del NBB desde 1934, componente de la primera red de informaci\u00f3n antifranquista montada por la Resistencia Vasca de 1937 a 1940 (conocida como Red \u00c1lava), oficial del juzgado de Pamplona, que fue detenido en 1941, juzgado en consejo de guerra y condenado a 25 a\u00f1os, de los que cumpli\u00f3 cinco en prisi\u00f3n.<\/p>\n\n\n\n<p>Un insulto a la familia de&nbsp;<strong>Julia Fern\u00e1ndez Zabaleta<\/strong>, una de las principales promotoras de la implantaci\u00f3n de la organizaci\u00f3n femenina nacionalista Emakume Abertzale Batza (EAB) en Nafarroa, llegando a ser presidenta de la organizaci\u00f3n, maestra en las Escuelas Municipales de Pamplona (actuales Escuelas de San Francisco), que fue represaliada, apartada de su trabajo docente por motivos pol\u00edticos y condenada al ostracismo.<\/p>\n\n\n\n<p>Un insulto a la familia de&nbsp;<strong>Javier Ciga Echandi<\/strong>, pintor y exconcejal del Ayuntamiento de Iru\u00f1a en los per\u00edodos 1920-23 y 1930-31, encarcelado durante 3 a\u00f1os, aunque finalmente absuelto y sancionado con una multa econ\u00f3mica. Pintor reconocido por el propio Ayuntamiento ya que cuenta con su brillante obra, El mercado de Elizondo en el sal\u00f3n de recepciones del ayuntamiento y que pr\u00f3ximamente contar\u00e1 con una sala de exposici\u00f3n permanente en el civivox del II Ensanche.<\/p>\n\n\n\n<p><strong>Un insulto a las familias de todas estas v\u00edctimas y de muchas otras<\/strong>, un insulto a la memoria, un insulto a la democracia. Porque la vida de miles de nacionalistas vascos cambi\u00f3 en julio de 1936 con el golpe de Estado. Porque la vida de miles de personas cambi\u00f3 durante la dictadura franquista, y miles de hombres y mujeres fueron&nbsp;<strong>fusilados, encarcelados, silenciados, represaliados, perseguidos, torturados, sancionados, desterrados o exiliados.<\/strong><\/p>\n\n\n\n<p><strong>Para todas las v\u00edctimas<\/strong><\/p>\n\n\n\n<p>\u00bfQu\u00e9 pensar\u00edan y dir\u00edan en UPN si un representante pol\u00edtico dijera que \u201cen UPN viv\u00edan muy tranquilos con ETA\u201d? En EAJ-PNV&nbsp;<strong>defendemos memoria, verdad, justicia y reparaci\u00f3n para todas las v\u00edctimas del franquismo. Para todas las v\u00edctimas de ETA<\/strong>. Para todas las v\u00edctimas de violencia policial. Para todas las v\u00edctimas. Una memoria democr\u00e1tica y una memoria integral. En EAJ-PNV cumplimos este a\u00f1o 115 a\u00f1os de presencia consolidada en Navarra, y siempre hemos estado del lado de los derechos humanos, la convivencia y la democracia, y como hemos hecho siempre vamos a seguir trabajando para construir un futuro en paz en nuestra tierra.<\/p>\n\n\n\n<p>Durante demasiadas d\u00e9cadas hemos convivido con&nbsp;<strong>distintas formas de violencia injusta y vulneraciones de derechos humanos<\/strong>&nbsp;en nuestro pa\u00eds, y la \u00fanica manera de avanzar en el camino hacia la paz y la convivencia es el reconocimiento de la verdad, la justicia, la memoria y la reparaci\u00f3n para todas las v\u00edctimas sin excepci\u00f3n. Porque sin memoria no hay verdad, sin verdad no hay justicia, y sin justicia no hay convivencia duradera. Y la verdad, la justicia, la memoria y la reparaci\u00f3n&nbsp;<strong>exigen tambi\u00e9n empat\u00eda y respeto<\/strong>.<\/p>\n\n\n\n<p><em>El autor es concejal de Geroa Bai en el Ayuntamiento de Pamplona y miembro de EAJ-PNV<\/em><\/p>\n<!-- AddThis Advanced Settings generic via filter on the_content --><!-- AddThis Share Buttons generic via filter on the_content -->","protected":false},"excerpt":{"rendered":"<p>Viernes 16 de mayo de 2025 Javier Leoz Sanz Mar\u00eda Caballero, concejala de UPN en el Ayuntamiento de Pamplona.\u00a0Iban Aguinaga \u201cEn el PNV viv\u00edan muy tranquilos con Franco\u201d. Es la frase que pronunci\u00f3 el pasado jueves en el Pleno la concejala de UPN en el Ayuntamiento de Pamplona,&nbsp;Mar\u00eda Caballero. Un insulto a todas las familias &hellip; <a href=\"https:\/\/blogs.deia.eus\/anasagasti\/2025\/05\/16\/en-el-pnv-vivian-muy-tranquilos-con-franco\/\" class=\"more-link\">Sigue leyendo <span class=\"screen-reader-text\">\u00abEn el PNV viv\u00edan muy tranquilos con Franco\u00bb<\/span><\/a><!-- AddThis Advanced Settings generic via filter on get_the_excerpt --><!-- AddThis Share Buttons generic via filter on get_the_excerpt --><\/p>\n","protected":false},"author":19,"featured_media":0,"comment_status":"open","ping_status":"open","sticky":false,"template":"","format":"standard","meta":{"footnotes":""},"categories":[1],"tags":[],"class_list":["post-20457","post","type-post","status-publish","format-standard","hentry","category-general"],"_links":{"self":[{"href":"https:\/\/blogs.deia.eus\/anasagasti\/wp-json\/wp\/v2\/posts\/20457","targetHints":{"allow":["GET"]}}],"collection":[{"href":"https:\/\/blogs.deia.eus\/anasagasti\/wp-json\/wp\/v2\/posts"}],"about":[{"href":"https:\/\/blogs.deia.eus\/anasagasti\/wp-json\/wp\/v2\/types\/post"}],"author":[{"embeddable":true,"href":"https:\/\/blogs.deia.eus\/anasagasti\/wp-json\/wp\/v2\/users\/19"}],"replies":[{"embeddable":true,"href":"https:\/\/blogs.deia.eus\/anasagasti\/wp-json\/wp\/v2\/comments?post=20457"}],"version-history":[{"count":1,"href":"https:\/\/blogs.deia.eus\/anasagasti\/wp-json\/wp\/v2\/posts\/20457\/revisions"}],"predecessor-version":[{"id":20459,"href":"https:\/\/blogs.deia.eus\/anasagasti\/wp-json\/wp\/v2\/posts\/20457\/revisions\/20459"}],"wp:attachment":[{"href":"https:\/\/blogs.deia.eus\/anasagasti\/wp-json\/wp\/v2\/media?parent=20457"}],"wp:term":[{"taxonomy":"category","embeddable":true,"href":"https:\/\/blogs.deia.eus\/anasagasti\/wp-json\/wp\/v2\/categories?post=20457"},{"taxonomy":"post_tag","embeddable":true,"href":"https:\/\/blogs.deia.eus\/anasagasti\/wp-json\/wp\/v2\/tags?post=20457"}],"curies":[{"name":"wp","href":"https:\/\/api.w.org\/{rel}","templated":true}]}}