{"id":20461,"date":"2025-05-17T12:45:41","date_gmt":"2025-05-17T10:45:41","guid":{"rendered":"https:\/\/blogs.deia.eus\/anasagasti\/?p=20461"},"modified":"2025-05-17T12:45:41","modified_gmt":"2025-05-17T10:45:41","slug":"fallece-el-hijo-cubano-del-alcalde-de-legazpi-del-pnv","status":"publish","type":"post","link":"https:\/\/blogs.deia.eus\/anasagasti\/2025\/05\/17\/fallece-el-hijo-cubano-del-alcalde-de-legazpi-del-pnv\/","title":{"rendered":"FALLECE EL HIJO CUBANO\u00a0 DEL ALCALDE DE LEGAZPI DEL PNV"},"content":{"rendered":"\n<p><strong>S\u00e1bado 17 de mayo de 2025<\/strong><\/p>\n\n\n<div class=\"wp-block-image\">\n<figure class=\"aligncenter size-large\"><a href=\"https:\/\/blogs.deia.eus\/anasagasti\/files\/2025\/05\/Daniel-Aranguren_Legazpia.jpg\"><img loading=\"lazy\" decoding=\"async\" width=\"940\" height=\"540\" src=\"https:\/\/blogs.deia.eus\/anasagasti\/files\/2025\/05\/Daniel-Aranguren_Legazpia-940x540.jpg\" alt=\"\" class=\"wp-image-20462\" srcset=\"https:\/\/blogs.deia.eus\/anasagasti\/files\/2025\/05\/Daniel-Aranguren_Legazpia-940x540.jpg 940w, https:\/\/blogs.deia.eus\/anasagasti\/files\/2025\/05\/Daniel-Aranguren_Legazpia-580x333.jpg 580w, https:\/\/blogs.deia.eus\/anasagasti\/files\/2025\/05\/Daniel-Aranguren_Legazpia-768x441.jpg 768w, https:\/\/blogs.deia.eus\/anasagasti\/files\/2025\/05\/Daniel-Aranguren_Legazpia.jpg 1024w\" sizes=\"auto, (max-width: 940px) 100vw, 940px\" \/><\/a><\/figure>\n<\/div>\n\n\n<p>Pello Agirrezabal me informa que el pasado 28 de abril falleci\u00f3 en la Habana Daniel Aranguren Etxeberria, hermano del Obispo cubano Emilio Aranguren.<\/p>\n\n\n\n<p>Se trata de una familia referencial en el mundo vasco y en el cubano.<\/p>\n\n\n\n<p>Su aita fue alcalde del EAJ-PNV de Legazpia y su hijo, el obispo Aranguren es el presidente de la Conferencia Episcopal de Cuba. En el viaje que hicimos a Cuba Xabier Albistur, Joseba Egibar, Ricardo Ansotegi, Josu Jon Imaz y yo en 1998, el obispo nos cont\u00f3 como su aita, antes de salir al exilio enterr\u00f3 a cinco metros de un \u00e1rbol, la ikurri\u00f1a, y material abertzale que ser\u00eda destruido. Fallecido el aita, fueron al lugar que les hab\u00eda dicho y all\u00ed estaban.<\/p>\n\n\n\n<p>Daniel Aranguren, alcalde de Legazpi durante la Rep\u00fablica, tuvo que huir a Cuba. Su hijo, Daniel, el fallecido, cuando era vicepresidente de la Euskal Etxea de La Habana, viaj\u00f3 a Euzkadi y el Diario de Noticias de Gipuzkoa, le hizo <strong>Asier Zaldua<\/strong> esta entrevista.<\/p>\n\n\n\n<p><em>\u201cDaniel Aranguren, del caser\u00edo Erreizabal, fue alcalde de Legazpi durante la Rep\u00fablica (de 1931 a 1933). Con el inicio de la guerra, tuvo que huir. Fue a Francia y de all\u00ed a Cuba, donde un hermano suyo estaba de misionero. En 1940 se le unieron su mujer, la mutiloarra Emilia Etxeberria, y su hija, Libe. En el pa\u00eds caribe\u00f1o tuvo cuatro hijos m\u00e1s. Uno de ellos, Daniel Aranguren Etxeberria, se encuentra estos d\u00edas en Euzkadi. Ayer fue objeto de un recibimiento, en el ayuntamiento.<\/em><\/p>\n\n\n\n<p><em>En el acto tomaron parte la alcaldesa Koldobike Olabide y los concejales Javier Iraeta, I\u00f1igo Imaz y Oscar Valbuena. Aranguren Etxeberria estuvo acompa\u00f1ado por varios familiares.<\/em><\/p>\n\n\n\n<p><em>Olabide le regal\u00f3, en nombre del Ayuntamiento, una copia del acta de la sesi\u00f3n plenaria en la que se constituy\u00f3 la corporaci\u00f3n que lider\u00f3 su padre y un libro sobre la historia del siglo XX en Legazpi. En este libro, del cronista local Jos\u00e9 Mari Urcelay, se hace menci\u00f3n al trabajo desempe\u00f1ado por la corporaci\u00f3n que tuvo a Aranguren como alcalde. La alcaldesa ley\u00f3 el p\u00e1rrafo donde se dice que aquella corporaci\u00f3n hizo una gran labor. \u201cSe corrieron riesgos, pero los objetivos estaban bien definidos\u201d.<\/em><\/p>\n\n\n\n<p><em>A continuaci\u00f3n, fue el protagonista del acto el que tom\u00f3 la palabra. Est\u00e1 tomando parte en el Congreso Mundial de Colectividades Vascas, organizado por el Gobierno Vasco, y ha aprovechado la visita para acercarse a Legazpi. Visita la localidad natal de su padre por tercera vez.<\/em><\/p>\n\n\n\n<p><em>Aranguren Etxeberria no pudo evitar emocionarse cuando record\u00f3 a sus padres. \u201cMe siento muy contento por estar de nuevo con mi familia. Siento que estoy honrando a mis padres. Mi padre fue un gran vasco, que vivi\u00f3 pensando en este pueblo. En 1981 vino de visita a Legazpi y, cuando volvi\u00f3 a Cuba, mi hermana me llam\u00f3 para decirme que le ve\u00eda muy mal. Fui a visitarle y le vi destruido. Nuestra madre me dijo que estaba as\u00ed desde que volvi\u00f3 de Euskadi. \u00a1Hab\u00edan pasado ya tres meses! Le dije que ten\u00eda que reaccionar, que tendr\u00eda m\u00e1s oportunidades de volver a Euskadi.&nbsp;Me alegro de haber ido, pero me hubiera quedado all\u00ed, me respondi\u00f3\u201d.<\/em><\/p>\n\n\n\n<p><em>Daniel Aranguren conoci\u00f3 al lehendakari Jos\u00e9 Antonio Agirre y consigui\u00f3 que Niceto Alcal\u00e1 Zamora visitara Legazpi<\/em><\/p>\n\n\n\n<p><em>Tambi\u00e9n record\u00f3 a su madre. \u201cMi padre era un hombre con carisma. Llegaba a un lugar y a los cinco minutos se hac\u00eda due\u00f1o de la situaci\u00f3n. Mi madre siempre estaba en un segundo plano, pero Aranguren exist\u00eda porque hab\u00eda una Etxeberria detr\u00e1s. Mi padre avanzaba gracias a mi madre\u201d.<\/em><\/p>\n\n\n\n<p><em>Con un padre del caser\u00edo Erreizabal de Telleriarte, famoso por sus quesos, y una madre de Mutiloa, Aranguren es tan vasco como el que m\u00e1s. Record\u00f3 que es uno de los \u00faltimos hijos de vasco que quedan en Cuba y dej\u00f3 claro que est\u00e1 trabajando para unir a la comunidad vasca y conseguir que los descendientes de los vascos no olviden de d\u00f3nde proceden y se sientan orgullosos de su origen. \u201cEstamos trabajando en la refundaci\u00f3n de la Euskal Etxea de La Habana. Todos los a\u00f1os celebramos el Aberri Eguna y a mis nietos les gusta mucho esta fiesta. Eso es buena se\u00f1al. Adem\u00e1s, tenemos 38 alumnos de euskera. Mi madre y mi padre hablaron en euskera entre ellos hasta el \u00faltimo d\u00eda\u201d.<\/em><\/p>\n\n\n\n<p><em>Tras pronunciar estas palabras, visitaron el despacho de la alcaldesa, donde se encuentran las fotos de todos los alcaldes de Legazpi. Aranguren se emocion\u00f3 cuando vio el retrato de su padre y, vi\u00e9ndole tan joven, record\u00f3 que era quinto del lehendakari Jos\u00e9 Antonio Agirre. De hecho, lleg\u00f3 a conocerle. \u201cEn casa de mis padres apareci\u00f3 una americana muy linda y me dijeron que era la que se hizo para ir a visitar al lehendakari Agirre\u201d.<\/em><\/p>\n\n\n\n<p><em>La alcaldesa de Legazpi a\u00f1adi\u00f3 que Aranguren era un hombre con buenos contactos y poder de convicci\u00f3n. \u201cEn 1932, el presidente de la Rep\u00fablica, Niceto Alcal\u00e1 Zamora, visit\u00f3 Legazpi. Vino a Donostia y Aranguren hizo las gestiones oportunas para que visitara tambi\u00e9n Legazpi\u201d.<\/em><\/p>\n\n\n\n<p><em>Tras estos actos protocolarios, Aranguren Etxeberria cont\u00f3 varias historias relacionadas con su familia. Por ejemplo, que su hermana mayor vino a Euskadi en 1960, tras acabar la carrera, y viendo cu\u00e1l era la situaci\u00f3n en Cuba, decidi\u00f3 emigrar a Estados Unidos. Todav\u00eda vive all\u00ed. Otro hermano es obispo en Cuba. \u201cEn Cienfuegos tienen puestas las fotos de todos los obispos, pero falta la de mi hermano. Siempre le digo que no sea tan modesto. Cuando vuelva le dir\u00e9 que la foto de nuestro padre est\u00e1 en el ayuntamiento de Legazpi, junto con la del resto de los alcaldes. Con eso espero convencerle\u201d. De otra hermana dijo que es \u201cfruto del amor de sus padres\u201d, porque naci\u00f3 justo nueve meses despu\u00e9s de que se reencontraran en Cuba.<\/em><\/p>\n\n\n\n<p><em>Como se puede ver, la vida de esta familia no ha sido f\u00e1cil. En 1936 Daniel Aranguren tuvo que huir de Euskadi y tard\u00f3 cuatro a\u00f1os en reencontrarse con su mujer y su hija. Cuando consigui\u00f3 salir adelante en Cuba como ganadero, lleg\u00f3 la Revoluci\u00f3n: sus propiedades pasaron a manos del Estado y una hija emigr\u00f3 a Estados Unidos. \u201cTodo eso fue traum\u00e1tico, pero nunca escuch\u00e9 quejarse a nuestro padre. Nunca nos transmiti\u00f3 amargura\u201d.<\/em><\/p>\n\n\n\n<p><em>Lo que les transmiti\u00f3 fue su amor por Euskal Herria, Legazpi y Erreizabal. \u201cWilliam Douglass, el estudioso de los temas vascos m\u00e1s grande de entre los nacidos fuera de Euskadi, me habl\u00f3 de los pastores. Le dije que yo lo llevo en la sangre: soy de Erreizabal\u201d.<\/em><\/p>\n<!-- AddThis Advanced Settings generic via filter on the_content --><!-- AddThis Share Buttons generic via filter on the_content -->","protected":false},"excerpt":{"rendered":"<p>S\u00e1bado 17 de mayo de 2025 Pello Agirrezabal me informa que el pasado 28 de abril falleci\u00f3 en la Habana Daniel Aranguren Etxeberria, hermano del Obispo cubano Emilio Aranguren. Se trata de una familia referencial en el mundo vasco y en el cubano. Su aita fue alcalde del EAJ-PNV de Legazpia y su hijo, el &hellip; <a href=\"https:\/\/blogs.deia.eus\/anasagasti\/2025\/05\/17\/fallece-el-hijo-cubano-del-alcalde-de-legazpi-del-pnv\/\" class=\"more-link\">Sigue leyendo <span class=\"screen-reader-text\">FALLECE EL HIJO CUBANO\u00a0 DEL ALCALDE DE LEGAZPI DEL PNV<\/span><\/a><!-- AddThis Advanced Settings generic via filter on get_the_excerpt --><!-- AddThis Share Buttons generic via filter on get_the_excerpt --><\/p>\n","protected":false},"author":19,"featured_media":0,"comment_status":"open","ping_status":"open","sticky":false,"template":"","format":"standard","meta":{"footnotes":""},"categories":[1],"tags":[],"class_list":["post-20461","post","type-post","status-publish","format-standard","hentry","category-general"],"_links":{"self":[{"href":"https:\/\/blogs.deia.eus\/anasagasti\/wp-json\/wp\/v2\/posts\/20461","targetHints":{"allow":["GET"]}}],"collection":[{"href":"https:\/\/blogs.deia.eus\/anasagasti\/wp-json\/wp\/v2\/posts"}],"about":[{"href":"https:\/\/blogs.deia.eus\/anasagasti\/wp-json\/wp\/v2\/types\/post"}],"author":[{"embeddable":true,"href":"https:\/\/blogs.deia.eus\/anasagasti\/wp-json\/wp\/v2\/users\/19"}],"replies":[{"embeddable":true,"href":"https:\/\/blogs.deia.eus\/anasagasti\/wp-json\/wp\/v2\/comments?post=20461"}],"version-history":[{"count":1,"href":"https:\/\/blogs.deia.eus\/anasagasti\/wp-json\/wp\/v2\/posts\/20461\/revisions"}],"predecessor-version":[{"id":20463,"href":"https:\/\/blogs.deia.eus\/anasagasti\/wp-json\/wp\/v2\/posts\/20461\/revisions\/20463"}],"wp:attachment":[{"href":"https:\/\/blogs.deia.eus\/anasagasti\/wp-json\/wp\/v2\/media?parent=20461"}],"wp:term":[{"taxonomy":"category","embeddable":true,"href":"https:\/\/blogs.deia.eus\/anasagasti\/wp-json\/wp\/v2\/categories?post=20461"},{"taxonomy":"post_tag","embeddable":true,"href":"https:\/\/blogs.deia.eus\/anasagasti\/wp-json\/wp\/v2\/tags?post=20461"}],"curies":[{"name":"wp","href":"https:\/\/api.w.org\/{rel}","templated":true}]}}