{"id":20467,"date":"2025-05-19T11:01:42","date_gmt":"2025-05-19T09:01:42","guid":{"rendered":"https:\/\/blogs.deia.eus\/anasagasti\/?p=20467"},"modified":"2025-05-19T11:01:42","modified_gmt":"2025-05-19T09:01:42","slug":"cesarismo-presidencial","status":"publish","type":"post","link":"https:\/\/blogs.deia.eus\/anasagasti\/2025\/05\/19\/cesarismo-presidencial\/","title":{"rendered":"CESARISMO PRESIDENCIAL"},"content":{"rendered":"\n<p><strong>Lunes 19 de mayo de 2025<\/strong><\/p>\n\n\n<div class=\"wp-block-image\">\n<figure class=\"aligncenter size-large\"><a href=\"https:\/\/blogs.deia.eus\/anasagasti\/files\/2025\/05\/El-cesarismo-presidencial.jpg\"><img loading=\"lazy\" decoding=\"async\" width=\"940\" height=\"453\" src=\"https:\/\/blogs.deia.eus\/anasagasti\/files\/2025\/05\/El-cesarismo-presidencial-940x453.jpg\" alt=\"\" class=\"wp-image-20468\" srcset=\"https:\/\/blogs.deia.eus\/anasagasti\/files\/2025\/05\/El-cesarismo-presidencial-940x453.jpg 940w, https:\/\/blogs.deia.eus\/anasagasti\/files\/2025\/05\/El-cesarismo-presidencial-580x279.jpg 580w, https:\/\/blogs.deia.eus\/anasagasti\/files\/2025\/05\/El-cesarismo-presidencial-768x370.jpg 768w, https:\/\/blogs.deia.eus\/anasagasti\/files\/2025\/05\/El-cesarismo-presidencial.jpg 1024w\" sizes=\"auto, (max-width: 940px) 100vw, 940px\" \/><\/a><\/figure>\n<\/div>\n\n\n<p>La fotograf\u00eda es del viernes. Estoy con el ex Diputado General de Gipuzkoa Joxe Joan Gonz\u00e1lez Txabarri, el ex alcalde de Donostia, Xabier Albistur y el ex diputado del PP (hasta 2001) Guillermo Gortazar. Nos quer\u00eda hablar de su nuevo libro, ya que los cuatro comensales hab\u00edamos coincidido en el Congreso. La cita fue en Izeta Sagardotegia, en Urdaneta, arriba de Zarautz, una sidrer\u00eda llena de comensales con un rape magn\u00edfico, que recomienda Argi\u00f1ano y Txabarri. El comedor &nbsp;y el men\u00fa, de nota.<\/p>\n\n\n\n<p>El libro se titula \u201cCesarismo Presidencial\u201d. \u201dLa irresistible atracci\u00f3n del poder absoluto\u201d. Un libro que seg\u00fan nos dijo trataba de incidir en la crisis de lo que vivimos en la actualidad sugiriendo las reformas necesaria \u201cpara recuperar el esp\u00edritu de concordia de 1978\u201d. Y con este tema pasamos revista a lo que hemos conocido destacando la situaci\u00f3n actual de los partidos. Guillermo es historiador y aunque naci\u00f3 en Vitoria se considera donostiarra. Estuvo casado con la ex ministra y actual eurodiputada &nbsp;Pilar del Castillo. Es profesor y ha sido diputado por Barcelona. En su juventud milit\u00f3 en Bandera Roja y el Partido Comunista.<\/p>\n\n\n\n<p>Tras la comida, Joxe Joan nos llev\u00f3 a ver el espl\u00e9ndido paisaje y a Elkano donde hay una peque\u00f1a iglesia rectangular de 500 a\u00f1os, con toques g\u00f3ticos, donde cada segundo domingo de mes unos m\u00fasicos ofrecen a los parroquianos y amigos su concierto. Vimos de lejos Aizarnazabal, San Miguel de Artadi, Getaria, Aia, Zarautz. Un paisaje magn\u00edfico en un d\u00eda magn\u00edfico.<\/p>\n\n\n\n<p>Record\u00e9 como siendo chaval y para aprender euskera mis aitas nos llevaron a mi hermana Maitena y a m\u00ed a aprender euskera al caser\u00edo Ondalde de la familia Zumeta en Aizarnazabal. Una gran familia. Estuvimos dos veranos y&nbsp; recuerdo como un domingo fuimos a las fiestas de Zarautz caminando por monte desde Aizarnabal. Aquello me pareci\u00f3 una proeza pero bien se encarg\u00f3 Txabarri de demostrarme, desde las alturas de Elkano, que aquello solo hab\u00eda sido un buen paseo.<\/p>\n\n\n\n<p>Fue un d\u00eda interesante y pleno en el que no arreglamos el mundo, pero casi.<\/p>\n<!-- AddThis Advanced Settings generic via filter on the_content --><!-- AddThis Share Buttons generic via filter on the_content -->","protected":false},"excerpt":{"rendered":"<p>Lunes 19 de mayo de 2025 La fotograf\u00eda es del viernes. Estoy con el ex Diputado General de Gipuzkoa Joxe Joan Gonz\u00e1lez Txabarri, el ex alcalde de Donostia, Xabier Albistur y el ex diputado del PP (hasta 2001) Guillermo Gortazar. Nos quer\u00eda hablar de su nuevo libro, ya que los cuatro comensales hab\u00edamos coincidido en &hellip; <a href=\"https:\/\/blogs.deia.eus\/anasagasti\/2025\/05\/19\/cesarismo-presidencial\/\" class=\"more-link\">Sigue leyendo <span class=\"screen-reader-text\">CESARISMO PRESIDENCIAL<\/span><\/a><!-- AddThis Advanced Settings generic via filter on get_the_excerpt --><!-- AddThis Share Buttons generic via filter on get_the_excerpt --><\/p>\n","protected":false},"author":19,"featured_media":0,"comment_status":"open","ping_status":"open","sticky":false,"template":"","format":"standard","meta":{"footnotes":""},"categories":[1],"tags":[],"class_list":["post-20467","post","type-post","status-publish","format-standard","hentry","category-general"],"_links":{"self":[{"href":"https:\/\/blogs.deia.eus\/anasagasti\/wp-json\/wp\/v2\/posts\/20467","targetHints":{"allow":["GET"]}}],"collection":[{"href":"https:\/\/blogs.deia.eus\/anasagasti\/wp-json\/wp\/v2\/posts"}],"about":[{"href":"https:\/\/blogs.deia.eus\/anasagasti\/wp-json\/wp\/v2\/types\/post"}],"author":[{"embeddable":true,"href":"https:\/\/blogs.deia.eus\/anasagasti\/wp-json\/wp\/v2\/users\/19"}],"replies":[{"embeddable":true,"href":"https:\/\/blogs.deia.eus\/anasagasti\/wp-json\/wp\/v2\/comments?post=20467"}],"version-history":[{"count":1,"href":"https:\/\/blogs.deia.eus\/anasagasti\/wp-json\/wp\/v2\/posts\/20467\/revisions"}],"predecessor-version":[{"id":20469,"href":"https:\/\/blogs.deia.eus\/anasagasti\/wp-json\/wp\/v2\/posts\/20467\/revisions\/20469"}],"wp:attachment":[{"href":"https:\/\/blogs.deia.eus\/anasagasti\/wp-json\/wp\/v2\/media?parent=20467"}],"wp:term":[{"taxonomy":"category","embeddable":true,"href":"https:\/\/blogs.deia.eus\/anasagasti\/wp-json\/wp\/v2\/categories?post=20467"},{"taxonomy":"post_tag","embeddable":true,"href":"https:\/\/blogs.deia.eus\/anasagasti\/wp-json\/wp\/v2\/tags?post=20467"}],"curies":[{"name":"wp","href":"https:\/\/api.w.org\/{rel}","templated":true}]}}