{"id":20470,"date":"2025-05-20T10:19:59","date_gmt":"2025-05-20T08:19:59","guid":{"rendered":"https:\/\/blogs.deia.eus\/anasagasti\/?p=20470"},"modified":"2025-05-20T16:17:51","modified_gmt":"2025-05-20T14:17:51","slug":"que-bueno-es-este-libro-memorias-de-un-silencio","status":"publish","type":"post","link":"https:\/\/blogs.deia.eus\/anasagasti\/2025\/05\/20\/que-bueno-es-este-libro-memorias-de-un-silencio\/","title":{"rendered":"\u00a1QUE BUENO ES ESTE LIBRO!. MEMORIAS DE UN SILENCIO"},"content":{"rendered":"\n<p><strong>Martes 20 de mayo de 2025<\/strong><\/p>\n\n\n<div class=\"wp-block-image\">\n<figure class=\"aligncenter size-large\"><a href=\"https:\/\/blogs.deia.eus\/anasagasti\/files\/2025\/05\/MEMORIAS-DE-UN-SILENCIO.jpg\"><img loading=\"lazy\" decoding=\"async\" width=\"940\" height=\"480\" src=\"https:\/\/blogs.deia.eus\/anasagasti\/files\/2025\/05\/MEMORIAS-DE-UN-SILENCIO-940x480.jpg\" alt=\"\" class=\"wp-image-20471\" srcset=\"https:\/\/blogs.deia.eus\/anasagasti\/files\/2025\/05\/MEMORIAS-DE-UN-SILENCIO-940x480.jpg 940w, https:\/\/blogs.deia.eus\/anasagasti\/files\/2025\/05\/MEMORIAS-DE-UN-SILENCIO-580x296.jpg 580w, https:\/\/blogs.deia.eus\/anasagasti\/files\/2025\/05\/MEMORIAS-DE-UN-SILENCIO-768x392.jpg 768w, https:\/\/blogs.deia.eus\/anasagasti\/files\/2025\/05\/MEMORIAS-DE-UN-SILENCIO.jpg 1024w\" sizes=\"auto, (max-width: 940px) 100vw, 940px\" \/><\/a><\/figure>\n<\/div>\n\n\n<p>Ayer estuvimos con Emilio Aperribay, su hija Monika y la escritora F\u00e1tima Diez. Me entregaron este libro sobre las vivencias de una familia vasca perdedora en la guerra. Emilio ten\u00eda ocho meses cuando en brazos de su ama sali\u00f3 carretera adelante dejando Gernika en llamas. Su otro hermano y su aita, lograron llegar a un refugio. El chaval fue herido.<\/p>\n\n\n\n<p>Pero no fue solo eso. Hubo que rehacer la vida desde cero en aquella sociedad dividida entre vencedores y vencidos. Tuvieron que hacerlo en la Rioja, para, con el tiempo, volver a Euzkadi. Su hogar estaba destruido. De eso trata el libro que F\u00e1tima Diez ha recogido con buen pulso en este ejemplar titulado MEMORIAS DE UN SILENCIO. El silencio impuesto a los vencidos por los vencedores.<\/p>\n\n\n\n<p>F\u00e1tima nos dice en la contraportada. \u201dEsta es una historia de voluntades y superaciones, de como las nuevas expectativas pueden cambiar el devenir de una familia en su amor por su tierra y por la nueva tierra castellana que les acogi\u00f3\u201d.<\/p>\n\n\n\n<p>El libro ha sido autoeditado. Siempre reivindico una gran Editorial Vasca gubernamental para estos trabajos que si no los editas tu, se pierden en la nada y son &nbsp;parte de nuestra historia e identidad. Los libros de los vencedores tienen editoriales y medios de comunicaci\u00f3n que los apoyan. Por eso creo tenemos que apoyar estas joyas que, de lo contrario, corren el riesgo de perderse y que la historia la sigan contando los vencedores.<\/p>\n\n\n\n<p>A esto se le une el hecho de que Emilio con 89 a\u00f1os y su hija Monika, adem\u00e1s de contar Estas vivencia \u00a0reivindican que el gobierno espa\u00f1ol pida perd\u00f3n, como lo hizo el alem\u00e1n. Lograron que hace dos a\u00f1os en Gernika, el ministro Bola\u00f1os les escuchara tres minutos, frente a 86 a\u00f1os de silencio. Pero se niegan. Piden asimismo que el \u201cGuernica \u201cde Picasso est\u00e9 en la Villa bombardeada y, en tercer lugar, desean un hermanamiento entre Gernika y Durango y ojal\u00e1 de todos aquellos bancos de pruebas como fueron Otxandiio, Amorebieta, Eibar, Galdakao, Bilbao\u2026.Es cierto que Gernika fue el gran banco de pruebas de la Legi\u00f3n C\u00f3ndor, pero en las dem\u00e1s, las muertes y destrucci\u00f3n no fueron menores. Hermanamiento en la tragedia para denunciar con m\u00e1s fuerza y m\u00e1s ecos lo sucedido para evitar vuelva a suceder, como est\u00e1 ocurriendo en Ucrania, Gaza, Yemen\u2026.<\/p>\n\n\n\n<p>Fue un rato muy agradable con Este tr\u00edo tan militante por la causa de una paz con memoria.<\/p>\n<!-- AddThis Advanced Settings generic via filter on the_content --><!-- AddThis Share Buttons generic via filter on the_content -->","protected":false},"excerpt":{"rendered":"<p>Martes 20 de mayo de 2025 Ayer estuvimos con Emilio Aperribay, su hija Monika y la escritora F\u00e1tima Diez. Me entregaron este libro sobre las vivencias de una familia vasca perdedora en la guerra. Emilio ten\u00eda ocho meses cuando en brazos de su ama sali\u00f3 carretera adelante dejando Gernika en llamas. Su otro hermano y &hellip; <a href=\"https:\/\/blogs.deia.eus\/anasagasti\/2025\/05\/20\/que-bueno-es-este-libro-memorias-de-un-silencio\/\" class=\"more-link\">Sigue leyendo <span class=\"screen-reader-text\">\u00a1QUE BUENO ES ESTE LIBRO!. MEMORIAS DE UN SILENCIO<\/span><\/a><!-- AddThis Advanced Settings generic via filter on get_the_excerpt --><!-- AddThis Share Buttons generic via filter on get_the_excerpt --><\/p>\n","protected":false},"author":19,"featured_media":0,"comment_status":"open","ping_status":"open","sticky":false,"template":"","format":"standard","meta":{"footnotes":""},"categories":[1],"tags":[],"class_list":["post-20470","post","type-post","status-publish","format-standard","hentry","category-general"],"_links":{"self":[{"href":"https:\/\/blogs.deia.eus\/anasagasti\/wp-json\/wp\/v2\/posts\/20470","targetHints":{"allow":["GET"]}}],"collection":[{"href":"https:\/\/blogs.deia.eus\/anasagasti\/wp-json\/wp\/v2\/posts"}],"about":[{"href":"https:\/\/blogs.deia.eus\/anasagasti\/wp-json\/wp\/v2\/types\/post"}],"author":[{"embeddable":true,"href":"https:\/\/blogs.deia.eus\/anasagasti\/wp-json\/wp\/v2\/users\/19"}],"replies":[{"embeddable":true,"href":"https:\/\/blogs.deia.eus\/anasagasti\/wp-json\/wp\/v2\/comments?post=20470"}],"version-history":[{"count":2,"href":"https:\/\/blogs.deia.eus\/anasagasti\/wp-json\/wp\/v2\/posts\/20470\/revisions"}],"predecessor-version":[{"id":20473,"href":"https:\/\/blogs.deia.eus\/anasagasti\/wp-json\/wp\/v2\/posts\/20470\/revisions\/20473"}],"wp:attachment":[{"href":"https:\/\/blogs.deia.eus\/anasagasti\/wp-json\/wp\/v2\/media?parent=20470"}],"wp:term":[{"taxonomy":"category","embeddable":true,"href":"https:\/\/blogs.deia.eus\/anasagasti\/wp-json\/wp\/v2\/categories?post=20470"},{"taxonomy":"post_tag","embeddable":true,"href":"https:\/\/blogs.deia.eus\/anasagasti\/wp-json\/wp\/v2\/tags?post=20470"}],"curies":[{"name":"wp","href":"https:\/\/api.w.org\/{rel}","templated":true}]}}