{"id":20474,"date":"2025-05-21T09:55:38","date_gmt":"2025-05-21T07:55:38","guid":{"rendered":"https:\/\/blogs.deia.eus\/anasagasti\/?p=20474"},"modified":"2025-05-21T09:55:38","modified_gmt":"2025-05-21T07:55:38","slug":"dos-grandes-personalidades-vascas-en-mexico","status":"publish","type":"post","link":"https:\/\/blogs.deia.eus\/anasagasti\/2025\/05\/21\/dos-grandes-personalidades-vascas-en-mexico\/","title":{"rendered":"DOS GRANDES PERSONALIDADES VASCAS EN M\u00c9XICO"},"content":{"rendered":"\n<p><strong>Mi\u00e9rcoles 21 de mayo de 202<\/strong>5<\/p>\n\n\n<div class=\"wp-block-image\">\n<figure class=\"aligncenter size-large\"><a href=\"https:\/\/blogs.deia.eus\/anasagasti\/files\/2025\/05\/Delegacion-Mexico_1.jpg\"><img loading=\"lazy\" decoding=\"async\" width=\"940\" height=\"654\" src=\"https:\/\/blogs.deia.eus\/anasagasti\/files\/2025\/05\/Delegacion-Mexico_1-940x654.jpg\" alt=\"\" class=\"wp-image-20475\" srcset=\"https:\/\/blogs.deia.eus\/anasagasti\/files\/2025\/05\/Delegacion-Mexico_1-940x654.jpg 940w, https:\/\/blogs.deia.eus\/anasagasti\/files\/2025\/05\/Delegacion-Mexico_1-580x403.jpg 580w, https:\/\/blogs.deia.eus\/anasagasti\/files\/2025\/05\/Delegacion-Mexico_1-768x534.jpg 768w, https:\/\/blogs.deia.eus\/anasagasti\/files\/2025\/05\/Delegacion-Mexico_1.jpg 1024w\" sizes=\"auto, (max-width: 940px) 100vw, 940px\" \/><\/a><\/figure>\n<\/div>\n\n\n<p>Ya han fallecido pero fueron dos grandes abertzales.<\/p>\n\n\n\n<p>Son Anton Zugadi, una de las personalidades, m\u00e1s relevantes de la Resistencia antifranquista&nbsp; entre 1936 y 1956. Abogado, capit\u00e1n de gudaris, sucede a Joseba Rezola en la presidencia del Consejo Delegado de Gobierno Vasco, un organismo pluripartidista que desde 1943 actuaba clandestinamente en el Interior como representante del Gobierno Vasco. En 1946 hace de conductor y de gu\u00eda del diputado laborista Francis Noel Baker que quer\u00eda conocer como estaba organizada la resistencia antifranquista en el estado. Detenido y liberado, el Lehendakari Agirre le nombra Delegado del Gobierno Vasco en el Cairo. De El Cairo pasa como ministro plenipotenciario de la Rep\u00fablica espa\u00f1ola en Guatemala, pa\u00eds del que fue expulsado a ra\u00edz del golpe de estado contra Jacobo Arbenz. Se exilia definitivamente en M\u00e9xico donde fue Delegado del Gobierno Vasco. Falleci\u00f3 en 1999.<\/p>\n\n\n\n<p>Jos\u00e9 Luis Irisarri tambi\u00e9n fue Delegado del Gobierno Vasco en M\u00e9xico. Fue un miembro muy activo de Juventud Vasca de Bilbao. Durante la guerra fue persona de confianza del Consejero Eliodoro de la Torre y nombrado administrador del Hospital de la Roseraie. Durante la guerra es nombrado funcionario del Consulado de M\u00e9xico en Marsella desde donde gestiona la salida de barcos y de los exiliados hacia dicho pa\u00eds. Presidente de la Junta Extraterritorial, presidente de Galeuzka en 1945 y delegado del Gobierno Vasco en M\u00e9xico &nbsp;as\u00ed como presidente del Centro Vasco de M\u00e9xico. En 1979 fue elegido burukide del Bizkai Buru Batzar. Trabaja intensamente con el alcalde Jon Casta\u00f1ares.<\/p>\n\n\n\n<p>La fotograf\u00eda est\u00e1 sacada en la oficina que ten\u00eda Irisarri en la sede del PNV en el edificio Granada de Bilbao.<\/p>\n<!-- AddThis Advanced Settings generic via filter on the_content --><!-- AddThis Share Buttons generic via filter on the_content -->","protected":false},"excerpt":{"rendered":"<p>Mi\u00e9rcoles 21 de mayo de 2025 Ya han fallecido pero fueron dos grandes abertzales. Son Anton Zugadi, una de las personalidades, m\u00e1s relevantes de la Resistencia antifranquista&nbsp; entre 1936 y 1956. Abogado, capit\u00e1n de gudaris, sucede a Joseba Rezola en la presidencia del Consejo Delegado de Gobierno Vasco, un organismo pluripartidista que desde 1943 actuaba &hellip; <a href=\"https:\/\/blogs.deia.eus\/anasagasti\/2025\/05\/21\/dos-grandes-personalidades-vascas-en-mexico\/\" class=\"more-link\">Sigue leyendo <span class=\"screen-reader-text\">DOS GRANDES PERSONALIDADES VASCAS EN M\u00c9XICO<\/span><\/a><!-- AddThis Advanced Settings generic via filter on get_the_excerpt --><!-- AddThis Share Buttons generic via filter on get_the_excerpt --><\/p>\n","protected":false},"author":19,"featured_media":0,"comment_status":"open","ping_status":"open","sticky":false,"template":"","format":"standard","meta":{"footnotes":""},"categories":[1],"tags":[],"class_list":["post-20474","post","type-post","status-publish","format-standard","hentry","category-general"],"_links":{"self":[{"href":"https:\/\/blogs.deia.eus\/anasagasti\/wp-json\/wp\/v2\/posts\/20474","targetHints":{"allow":["GET"]}}],"collection":[{"href":"https:\/\/blogs.deia.eus\/anasagasti\/wp-json\/wp\/v2\/posts"}],"about":[{"href":"https:\/\/blogs.deia.eus\/anasagasti\/wp-json\/wp\/v2\/types\/post"}],"author":[{"embeddable":true,"href":"https:\/\/blogs.deia.eus\/anasagasti\/wp-json\/wp\/v2\/users\/19"}],"replies":[{"embeddable":true,"href":"https:\/\/blogs.deia.eus\/anasagasti\/wp-json\/wp\/v2\/comments?post=20474"}],"version-history":[{"count":1,"href":"https:\/\/blogs.deia.eus\/anasagasti\/wp-json\/wp\/v2\/posts\/20474\/revisions"}],"predecessor-version":[{"id":20476,"href":"https:\/\/blogs.deia.eus\/anasagasti\/wp-json\/wp\/v2\/posts\/20474\/revisions\/20476"}],"wp:attachment":[{"href":"https:\/\/blogs.deia.eus\/anasagasti\/wp-json\/wp\/v2\/media?parent=20474"}],"wp:term":[{"taxonomy":"category","embeddable":true,"href":"https:\/\/blogs.deia.eus\/anasagasti\/wp-json\/wp\/v2\/categories?post=20474"},{"taxonomy":"post_tag","embeddable":true,"href":"https:\/\/blogs.deia.eus\/anasagasti\/wp-json\/wp\/v2\/tags?post=20474"}],"curies":[{"name":"wp","href":"https:\/\/api.w.org\/{rel}","templated":true}]}}