{"id":20480,"date":"2025-05-23T09:38:44","date_gmt":"2025-05-23T07:38:44","guid":{"rendered":"https:\/\/blogs.deia.eus\/anasagasti\/?p=20480"},"modified":"2025-05-23T09:38:50","modified_gmt":"2025-05-23T07:38:50","slug":"manana-dia-das-letras-galegas-en-santurtzi","status":"publish","type":"post","link":"https:\/\/blogs.deia.eus\/anasagasti\/2025\/05\/23\/manana-dia-das-letras-galegas-en-santurtzi\/","title":{"rendered":"MA\u00d1ANA \u201cDIA DAS LETRAS GALEGAS\u201d EN SANTURTZI"},"content":{"rendered":"\n<p><strong>Viernes 23 de mayo de 2025<\/strong><\/p>\n\n\n<div class=\"wp-block-image\">\n<figure class=\"aligncenter size-full\"><a href=\"https:\/\/blogs.deia.eus\/anasagasti\/files\/2025\/05\/Dia-da-las-letras-galegas.jpg\"><img loading=\"lazy\" decoding=\"async\" width=\"674\" height=\"94\" src=\"https:\/\/blogs.deia.eus\/anasagasti\/files\/2025\/05\/Dia-da-las-letras-galegas.jpg\" alt=\"\" class=\"wp-image-20481\" srcset=\"https:\/\/blogs.deia.eus\/anasagasti\/files\/2025\/05\/Dia-da-las-letras-galegas.jpg 674w, https:\/\/blogs.deia.eus\/anasagasti\/files\/2025\/05\/Dia-da-las-letras-galegas-580x81.jpg 580w\" sizes=\"auto, (max-width: 674px) 100vw, 674px\" \/><\/a><\/figure>\n<\/div>\n\n\n<p>Ma\u00f1ana, s\u00e1bado 24 de mayo, a las 12 horas en la Sala Higarillo de la Casa Torre de Santurtzi, el profesor Xos\u00e9 Est\u00e9vez y yo presentaremos el libro <strong>\u201cHomenaje del Gobierno Vasco a Castelao en Paris (1950)\u201d,<\/strong> del que somos autores.<\/p>\n\n\n\n<p>Se trata del homenaje que el Gobierno Vasco presidido por el Lehendakari Agirre organiz\u00f3 en febrero de 1950, al mes del fallecimiento en Buenos Aires del l\u00edder gallego, Alfonso R. de Castelao.<\/p>\n\n\n\n<p>Este acto tuvo lugar en la Delegaci\u00f3n del Gobierno Vasco sita en el n\u00famero 11 de la Av. Marceau en Par\u00eds, un a\u00f1o antes de que el franquismo se hiciera con \u00e9l, como consecuencia de una sentencia del Tribunal del Sena en plena ocupaci\u00f3n alemana en 1943. Afortunadamente el 24 de diciembre del a\u00f1o pasado, el Consejo de ministros decidi\u00f3 devolverlo al EAJ-PNV su leg\u00edtimo propietario.<\/p>\n\n\n\n<p>Don Manuel de Irujo, gran amigo de Castelao fue quien se ocup\u00f3 de cursar las invitaciones a los responsables en el exilio de la Rep\u00fablica as\u00ed como a&nbsp; dirigentes gallegos, vascos y catalanes. Y, en este libro damos cuenta de eso.<\/p>\n\n\n\n<p>En Santurtzi, al haber una presencia gallega importante y celebrarse all\u00ed el D\u00eda de las Letras Gallegas, el profesor Xos\u00e9 Est\u00e9vez y quien esto escribe, dirigiremos unas palabras recordando aquel evento ya que este a\u00f1o 2025 se conmemora el 75 aniversario del fallecimiento de aquel gran patriota como fue Castelao en su exilio bonaerense.<\/p>\n<!-- AddThis Advanced Settings generic via filter on the_content --><!-- AddThis Share Buttons generic via filter on the_content -->","protected":false},"excerpt":{"rendered":"<p>Viernes 23 de mayo de 2025 Ma\u00f1ana, s\u00e1bado 24 de mayo, a las 12 horas en la Sala Higarillo de la Casa Torre de Santurtzi, el profesor Xos\u00e9 Est\u00e9vez y yo presentaremos el libro \u201cHomenaje del Gobierno Vasco a Castelao en Paris (1950)\u201d, del que somos autores. Se trata del homenaje que el Gobierno Vasco &hellip; <a href=\"https:\/\/blogs.deia.eus\/anasagasti\/2025\/05\/23\/manana-dia-das-letras-galegas-en-santurtzi\/\" class=\"more-link\">Sigue leyendo <span class=\"screen-reader-text\">MA\u00d1ANA \u201cDIA DAS LETRAS GALEGAS\u201d EN SANTURTZI<\/span><\/a><!-- AddThis Advanced Settings generic via filter on get_the_excerpt --><!-- AddThis Share Buttons generic via filter on get_the_excerpt --><\/p>\n","protected":false},"author":19,"featured_media":0,"comment_status":"open","ping_status":"open","sticky":false,"template":"","format":"standard","meta":{"footnotes":""},"categories":[1],"tags":[],"class_list":["post-20480","post","type-post","status-publish","format-standard","hentry","category-general"],"_links":{"self":[{"href":"https:\/\/blogs.deia.eus\/anasagasti\/wp-json\/wp\/v2\/posts\/20480","targetHints":{"allow":["GET"]}}],"collection":[{"href":"https:\/\/blogs.deia.eus\/anasagasti\/wp-json\/wp\/v2\/posts"}],"about":[{"href":"https:\/\/blogs.deia.eus\/anasagasti\/wp-json\/wp\/v2\/types\/post"}],"author":[{"embeddable":true,"href":"https:\/\/blogs.deia.eus\/anasagasti\/wp-json\/wp\/v2\/users\/19"}],"replies":[{"embeddable":true,"href":"https:\/\/blogs.deia.eus\/anasagasti\/wp-json\/wp\/v2\/comments?post=20480"}],"version-history":[{"count":2,"href":"https:\/\/blogs.deia.eus\/anasagasti\/wp-json\/wp\/v2\/posts\/20480\/revisions"}],"predecessor-version":[{"id":20483,"href":"https:\/\/blogs.deia.eus\/anasagasti\/wp-json\/wp\/v2\/posts\/20480\/revisions\/20483"}],"wp:attachment":[{"href":"https:\/\/blogs.deia.eus\/anasagasti\/wp-json\/wp\/v2\/media?parent=20480"}],"wp:term":[{"taxonomy":"category","embeddable":true,"href":"https:\/\/blogs.deia.eus\/anasagasti\/wp-json\/wp\/v2\/categories?post=20480"},{"taxonomy":"post_tag","embeddable":true,"href":"https:\/\/blogs.deia.eus\/anasagasti\/wp-json\/wp\/v2\/tags?post=20480"}],"curies":[{"name":"wp","href":"https:\/\/api.w.org\/{rel}","templated":true}]}}