{"id":20488,"date":"2025-05-26T15:09:55","date_gmt":"2025-05-26T13:09:55","guid":{"rendered":"https:\/\/blogs.deia.eus\/anasagasti\/?p=20488"},"modified":"2025-05-26T15:09:55","modified_gmt":"2025-05-26T13:09:55","slug":"y-para-cuando-el-homenaje-a-castelao","status":"publish","type":"post","link":"https:\/\/blogs.deia.eus\/anasagasti\/2025\/05\/26\/y-para-cuando-el-homenaje-a-castelao\/","title":{"rendered":"\u00bfY PARA CU\u00c1NDO EL HOMENAJE \u00a0A CASTELAO?"},"content":{"rendered":"\n<p><strong>Lunes 26 de mayo de 2025<\/strong><\/p>\n\n\n<div class=\"wp-block-image\">\n<figure class=\"aligncenter size-large\"><a href=\"https:\/\/blogs.deia.eus\/anasagasti\/files\/2025\/05\/20250524_122052.jpg\"><img loading=\"lazy\" decoding=\"async\" width=\"940\" height=\"705\" src=\"https:\/\/blogs.deia.eus\/anasagasti\/files\/2025\/05\/20250524_122052-940x705.jpg\" alt=\"\" class=\"wp-image-20490\" srcset=\"https:\/\/blogs.deia.eus\/anasagasti\/files\/2025\/05\/20250524_122052-940x705.jpg 940w, https:\/\/blogs.deia.eus\/anasagasti\/files\/2025\/05\/20250524_122052-580x435.jpg 580w, https:\/\/blogs.deia.eus\/anasagasti\/files\/2025\/05\/20250524_122052-768x576.jpg 768w, https:\/\/blogs.deia.eus\/anasagasti\/files\/2025\/05\/20250524_122052.jpg 1024w\" sizes=\"auto, (max-width: 940px) 100vw, 940px\" \/><\/a><\/figure>\n<\/div>\n\n\n<p>La fotograf\u00eda es del s\u00e1bado en la Casa Torre de Santurtzi. All\u00ed presentamos el profesor Xos\u00e9 Est\u00e9vez y yo mismo \u00a0el librito autoeditado sobre el homenaje que el Gobierno Vasco presidido por Jos\u00e9 Antonio Agirre organiz\u00f3 al mes del fallecimiento del l\u00edder gallego Alfonso R. Castelao en Buenos Aires en enero de 1950 en Paris y en la sede del ejecutivo vasco. Se cumplen pues 75 a\u00f1os de aquel acto gubernamental vasco. Si no se hace nada, no digamos pues que la cadena no se rompe.<\/p>\n\n\n\n<p>En la mesa podemos ver a Milo Mosteiro, ex presidente de la Casa de Galicia de Santurtzi y ex presidente de las &nbsp;Irmandade de Centros Galegos en Euskadi y que fue el encargado de la presentaci\u00f3n, I\u00f1aki, el profesor Xos\u00e9 Estevez y el Presidente actual, Pablo Garc\u00eda. En el p\u00fablico, una gallega muy activa Bel\u00e9n, la concejala de cultura del PNV Itziar Carrocera &nbsp;y la exalcaldesa&nbsp; Aintzane Urkijo.<\/p>\n\n\n\n<p>Tras nuestras palabras hubo un agradable coloquio. Est\u00e9vez record\u00f3 como en aquel viaje de 1933, para crear la Triple Alianza entre vascos, gallegos y catalanes, pasaron por Santurtzi y dejaron su semilla. Asimismo ley\u00f3 la dedicatoria de Castelao escrita &nbsp;en la Casa de Juntas de Gernika. Y hablamos de la calle de Santurtzi &nbsp;llamada de los gallegos y de la necesidad de recordar &nbsp;a Castelao en Santurtzi &nbsp;ya que siempre ha tenido una colectividad muy activa y con mucha historia por detr\u00e1s.<\/p>\n\n\n\n<p>Y digo lo del merecido homenaje a Castelao porque si en 1950, estando exiliados y careciendo de todo, el Gobierno Vasco presidido por el Lehendakari Agirre y D. Manuel de Irujo le organizaron un acto en recuerdo de Castelao por todo lo alto en la Delegaci\u00f3n Vasca de la Av. Marceau, \u00bfC\u00f3mo hoy, nuestro Gobierno no hace lo propio en esta fecha redonda del 75 aniversario y no solo por respeto a la memoria del gran prohombre gallego sino por respeto asimismo a todos los gallegos que viven en Euskadi?.<\/p>\n\n\n\n<p>Igual no saben la importancia de lo que fue aquello y no dimensionan bien quien fue Castelao, quiz\u00e1s por desconocimiento, pero no hacerlo, no estar\u00eda bien. Creo asimismo que el &nbsp;Gobierno Vasco deber\u00eda tener, como tienen otros gobiernos, un departamento de Aniversarios y Conmemoraciones para que algo tan de justicia, como en este acto y en otros, la fecha y el recuerdo no &nbsp;pasen desapercibidos. Honrar, honra.<\/p>\n\n\n\n<p>Nosotros en nuestra modestia, lo hicimos, pero falta que el Departamento de Cultura, bien de la Diputaci\u00f3n o del Gobierno Vasco, lo hagan y ponga en marcha toda la trompeter\u00eda ya que el ejemplo de Castelao y su liderazgo, y la relaci\u00f3n que tuvo con nuestros exiliados, y la complicidad en acciones reivindicativas, obliga m\u00ednimamente al recuerdo.<\/p>\n<!-- AddThis Advanced Settings generic via filter on the_content --><!-- AddThis Share Buttons generic via filter on the_content -->","protected":false},"excerpt":{"rendered":"<p>Lunes 26 de mayo de 2025 La fotograf\u00eda es del s\u00e1bado en la Casa Torre de Santurtzi. All\u00ed presentamos el profesor Xos\u00e9 Est\u00e9vez y yo mismo \u00a0el librito autoeditado sobre el homenaje que el Gobierno Vasco presidido por Jos\u00e9 Antonio Agirre organiz\u00f3 al mes del fallecimiento del l\u00edder gallego Alfonso R. Castelao en Buenos Aires &hellip; <a href=\"https:\/\/blogs.deia.eus\/anasagasti\/2025\/05\/26\/y-para-cuando-el-homenaje-a-castelao\/\" class=\"more-link\">Sigue leyendo <span class=\"screen-reader-text\">\u00bfY PARA CU\u00c1NDO EL HOMENAJE \u00a0A CASTELAO?<\/span><\/a><!-- AddThis Advanced Settings generic via filter on get_the_excerpt --><!-- AddThis Share Buttons generic via filter on get_the_excerpt --><\/p>\n","protected":false},"author":19,"featured_media":0,"comment_status":"open","ping_status":"open","sticky":false,"template":"","format":"standard","meta":{"footnotes":""},"categories":[1],"tags":[],"class_list":["post-20488","post","type-post","status-publish","format-standard","hentry","category-general"],"_links":{"self":[{"href":"https:\/\/blogs.deia.eus\/anasagasti\/wp-json\/wp\/v2\/posts\/20488","targetHints":{"allow":["GET"]}}],"collection":[{"href":"https:\/\/blogs.deia.eus\/anasagasti\/wp-json\/wp\/v2\/posts"}],"about":[{"href":"https:\/\/blogs.deia.eus\/anasagasti\/wp-json\/wp\/v2\/types\/post"}],"author":[{"embeddable":true,"href":"https:\/\/blogs.deia.eus\/anasagasti\/wp-json\/wp\/v2\/users\/19"}],"replies":[{"embeddable":true,"href":"https:\/\/blogs.deia.eus\/anasagasti\/wp-json\/wp\/v2\/comments?post=20488"}],"version-history":[{"count":1,"href":"https:\/\/blogs.deia.eus\/anasagasti\/wp-json\/wp\/v2\/posts\/20488\/revisions"}],"predecessor-version":[{"id":20491,"href":"https:\/\/blogs.deia.eus\/anasagasti\/wp-json\/wp\/v2\/posts\/20488\/revisions\/20491"}],"wp:attachment":[{"href":"https:\/\/blogs.deia.eus\/anasagasti\/wp-json\/wp\/v2\/media?parent=20488"}],"wp:term":[{"taxonomy":"category","embeddable":true,"href":"https:\/\/blogs.deia.eus\/anasagasti\/wp-json\/wp\/v2\/categories?post=20488"},{"taxonomy":"post_tag","embeddable":true,"href":"https:\/\/blogs.deia.eus\/anasagasti\/wp-json\/wp\/v2\/tags?post=20488"}],"curies":[{"name":"wp","href":"https:\/\/api.w.org\/{rel}","templated":true}]}}