{"id":20492,"date":"2025-05-27T13:56:44","date_gmt":"2025-05-27T11:56:44","guid":{"rendered":"https:\/\/blogs.deia.eus\/anasagasti\/?p=20492"},"modified":"2025-05-27T13:56:44","modified_gmt":"2025-05-27T11:56:44","slug":"lauaxeta-120","status":"publish","type":"post","link":"https:\/\/blogs.deia.eus\/anasagasti\/2025\/05\/27\/lauaxeta-120\/","title":{"rendered":"LAUAXETA, 120."},"content":{"rendered":"\n<p><strong>Martes 27 de mayo de 2025<\/strong><\/p>\n\n\n<div class=\"wp-block-image\">\n<figure class=\"aligncenter size-large\"><a href=\"https:\/\/blogs.deia.eus\/anasagasti\/files\/2025\/05\/Lauaxeta.jpg\"><img loading=\"lazy\" decoding=\"async\" width=\"940\" height=\"498\" src=\"https:\/\/blogs.deia.eus\/anasagasti\/files\/2025\/05\/Lauaxeta-940x498.jpg\" alt=\"\" class=\"wp-image-20493\" srcset=\"https:\/\/blogs.deia.eus\/anasagasti\/files\/2025\/05\/Lauaxeta-940x498.jpg 940w, https:\/\/blogs.deia.eus\/anasagasti\/files\/2025\/05\/Lauaxeta-580x307.jpg 580w, https:\/\/blogs.deia.eus\/anasagasti\/files\/2025\/05\/Lauaxeta-768x407.jpg 768w, https:\/\/blogs.deia.eus\/anasagasti\/files\/2025\/05\/Lauaxeta.jpg 1297w\" sizes=\"auto, (max-width: 940px) 100vw, 940px\" \/><\/a><\/figure>\n<\/div>\n\n\n<p>La fotograf\u00eda, de mi aita, es de un grupo de activistas de aquella hist\u00f3rica Juventud Vasca de Bilbao en tiempos de la Rep\u00fablica que Don Manuel de Irujo calificaba como \u201caquello era un horno de nacionalismo\u201d.<\/p>\n\n\n\n<p>Podemos ver en la foto, sentados a Jos\u00e9 Luis Irisarri, muy conocido por todos ya que tras ser Delegado en M\u00e9xico en 1978 fue miembro del BBB, ocup\u00e1ndose posteriormente de la relaci\u00f3n con el ayuntamiento de Bilbao, Esteban Urkiaga \u201cLauaxeta\u201d, Andr\u00e9s de Aranbalza (estuvo posteriormente exiliado en Venezuela). De pie. Jos\u00e9 Domingo de Arana, Pedro de Albisu, Pedro de Basaldua (fue secretario del Lehendakari Agirre y delegado del Gobierno Vasco en Argentina), Sabino de Artolozabal (exiliado en Chile y asiduo&nbsp; del batzoki de Abando ), Emilio de Abando. Todos &nbsp;est\u00e1n muy pinchos. Y es que Juventud Vasca de Bilbao, fue el motor del PNV en aquellos a\u00f1os. Euskera, excursiones, conocimiento de Euzkadi, mendigoizales, campeonatos de pelota, asambleas, discusiones, grupos de baile, teatro,\u2026.Y all\u00ed Lauaxeta brill\u00f3 con luz propia.<\/p>\n\n\n\n<p>Est\u00e1 &nbsp;en esa foto en el centro &nbsp;Lauaxeta, cuyo 120 aniversario de su nacimiento celebr\u00f3 con acierto y buen discurso de Elixabete Etxanobe, la Diputaci\u00f3n de Bizkaia. El acto cont\u00f3 con familiares de Lauaxeta y representantes institucionales en un emotivo acto celebrado frente a su casa natal en Laukiz, actual sede del Ayuntamiento.<\/p>\n\n\n\n<p>El acto cont\u00f3 con las actuaciones musicales de Antton Valverde y E\u00f1aut Elorrieta, quienes&nbsp; interpretaron &nbsp;piezas inspiradas en los versos del autor.<\/p>\n\n\n\n<p>En su intervenci\u00f3n, la Diputada General de Bizkaia destac\u00f3 la figura de Lauaxeta, \u00abun bizkaino de pura cepa, un ciudadano sabio de la segunda rep\u00fablica, un agente social impulsor, de las m\u00e1s altas personalidades de esta generaci\u00f3n. Con una influencia como pocos en la pol\u00edtica y en el mundo del euskera de esa \u00e9poca, siempre, con una responsabilidad profunda, una conciencia clara y una lealtad firme \u00ab.<\/p>\n\n\n\n<p>Elixabete Etxanobe subray\u00f3 &nbsp;el valor de la memoria y la transmisi\u00f3n \u00abporque en la construcci\u00f3n de Euzkadi estamos mirando hacia adelante, pero para ello tambi\u00e9n tenemos que mirar hacia atr\u00e1s. Sin nostalgia, pero para ser constructores proactivos, es necesario tener un conocimiento exacto del pasado. \u00ab<\/p>\n\n\n\n<p>En el marco del acto se present\u00f3 &nbsp;la exposici\u00f3n itinerante \u00abLauaxeta, arquitecto de sue\u00f1os\u00bb, comisariada por el catedr\u00e1tico y cr\u00edtico literario Jon Kortazar, que recorrer\u00e1 hasta final de a\u00f1o diversos municipios fundamentales en la vida del autor: Laukiz, Mungia, Durango, Bilbao y Gernika. Echo en falta no pase por Bakio que en Txakoligunea tiene un espacio estupendo de exposici\u00f3n sabiendo como sabemos, el&nbsp; cari\u00f1o que ten\u00eda Lauaxeta por esta localidad bizkaina.<\/p>\n\n\n\n<p>La muestra, compuesta por 10 paneles, ofrece un recorrido visual y narrativo por los principales hitos de la biograf\u00eda de Lauaxeta. Cada panel evoca uno de sus grandes sue\u00f1os: la infancia, la vocaci\u00f3n po\u00e9tica, la militancia cultural, el compromiso pol\u00edtico, el despertar nacional&#8230; hasta llegar a la tragedia de la guerra y su ejecuci\u00f3n en 1937.<\/p>\n\n\n\n<p>La exposici\u00f3n incorpora adem\u00e1s documentos in\u00e9ditos y materiales recientemente recuperados, como el testimonio del lehendakari Leizaola, el registro de su ingreso en prisi\u00f3n o el homenaje que recibi\u00f3 en Barcelona en 1938 por parte de escritores vascos en el exilio.<\/p>\n\n\n\n<p>Con este proyecto, la Diputaci\u00f3n Foral de Bizkaia pone en valor la figura de Lauaxeta y su legado literario y pol\u00edtico, reafirmando el compromiso institucional con la memoria hist\u00f3rica y la difusi\u00f3n de la cultura vasca.<\/p>\n<!-- AddThis Advanced Settings generic via filter on the_content --><!-- AddThis Share Buttons generic via filter on the_content -->","protected":false},"excerpt":{"rendered":"<p>Martes 27 de mayo de 2025 La fotograf\u00eda, de mi aita, es de un grupo de activistas de aquella hist\u00f3rica Juventud Vasca de Bilbao en tiempos de la Rep\u00fablica que Don Manuel de Irujo calificaba como \u201caquello era un horno de nacionalismo\u201d. Podemos ver en la foto, sentados a Jos\u00e9 Luis Irisarri, muy conocido por &hellip; <a href=\"https:\/\/blogs.deia.eus\/anasagasti\/2025\/05\/27\/lauaxeta-120\/\" class=\"more-link\">Sigue leyendo <span class=\"screen-reader-text\">LAUAXETA, 120.<\/span><\/a><!-- AddThis Advanced Settings generic via filter on get_the_excerpt --><!-- AddThis Share Buttons generic via filter on get_the_excerpt --><\/p>\n","protected":false},"author":19,"featured_media":0,"comment_status":"open","ping_status":"open","sticky":false,"template":"","format":"standard","meta":{"footnotes":""},"categories":[1],"tags":[],"class_list":["post-20492","post","type-post","status-publish","format-standard","hentry","category-general"],"_links":{"self":[{"href":"https:\/\/blogs.deia.eus\/anasagasti\/wp-json\/wp\/v2\/posts\/20492","targetHints":{"allow":["GET"]}}],"collection":[{"href":"https:\/\/blogs.deia.eus\/anasagasti\/wp-json\/wp\/v2\/posts"}],"about":[{"href":"https:\/\/blogs.deia.eus\/anasagasti\/wp-json\/wp\/v2\/types\/post"}],"author":[{"embeddable":true,"href":"https:\/\/blogs.deia.eus\/anasagasti\/wp-json\/wp\/v2\/users\/19"}],"replies":[{"embeddable":true,"href":"https:\/\/blogs.deia.eus\/anasagasti\/wp-json\/wp\/v2\/comments?post=20492"}],"version-history":[{"count":1,"href":"https:\/\/blogs.deia.eus\/anasagasti\/wp-json\/wp\/v2\/posts\/20492\/revisions"}],"predecessor-version":[{"id":20494,"href":"https:\/\/blogs.deia.eus\/anasagasti\/wp-json\/wp\/v2\/posts\/20492\/revisions\/20494"}],"wp:attachment":[{"href":"https:\/\/blogs.deia.eus\/anasagasti\/wp-json\/wp\/v2\/media?parent=20492"}],"wp:term":[{"taxonomy":"category","embeddable":true,"href":"https:\/\/blogs.deia.eus\/anasagasti\/wp-json\/wp\/v2\/categories?post=20492"},{"taxonomy":"post_tag","embeddable":true,"href":"https:\/\/blogs.deia.eus\/anasagasti\/wp-json\/wp\/v2\/tags?post=20492"}],"curies":[{"name":"wp","href":"https:\/\/api.w.org\/{rel}","templated":true}]}}