{"id":20495,"date":"2025-05-28T13:03:59","date_gmt":"2025-05-28T11:03:59","guid":{"rendered":"https:\/\/blogs.deia.eus\/anasagasti\/?p=20495"},"modified":"2025-05-28T13:03:59","modified_gmt":"2025-05-28T11:03:59","slug":"elogio-escalofriante-de-la-misoginia","status":"publish","type":"post","link":"https:\/\/blogs.deia.eus\/anasagasti\/2025\/05\/28\/elogio-escalofriante-de-la-misoginia\/","title":{"rendered":"ELOGIO (ESCALOFRIANTE) DE LA MISOGINIA"},"content":{"rendered":"\n<p><strong>Mi\u00e9rcoles 28 de mayo de 2025<\/strong><\/p>\n\n\n<div class=\"wp-block-image\">\n<figure class=\"aligncenter size-large\"><a href=\"https:\/\/blogs.deia.eus\/anasagasti\/files\/2025\/05\/Articulo-28-de-mayo-de-2025.jpg\"><img loading=\"lazy\" decoding=\"async\" width=\"940\" height=\"531\" src=\"https:\/\/blogs.deia.eus\/anasagasti\/files\/2025\/05\/Articulo-28-de-mayo-de-2025-940x531.jpg\" alt=\"\" class=\"wp-image-20496\" srcset=\"https:\/\/blogs.deia.eus\/anasagasti\/files\/2025\/05\/Articulo-28-de-mayo-de-2025-940x531.jpg 940w, https:\/\/blogs.deia.eus\/anasagasti\/files\/2025\/05\/Articulo-28-de-mayo-de-2025-580x327.jpg 580w, https:\/\/blogs.deia.eus\/anasagasti\/files\/2025\/05\/Articulo-28-de-mayo-de-2025-768x433.jpg 768w, https:\/\/blogs.deia.eus\/anasagasti\/files\/2025\/05\/Articulo-28-de-mayo-de-2025-1536x867.jpg 1536w, https:\/\/blogs.deia.eus\/anasagasti\/files\/2025\/05\/Articulo-28-de-mayo-de-2025.jpg 1600w\" sizes=\"auto, (max-width: 940px) 100vw, 940px\" \/><\/a><\/figure>\n<\/div>\n\n\n<p>El pasado viernes, el programa de TVE2&nbsp;<strong><em>Caf\u00e8 d\u2019idees<\/em><\/strong>&nbsp;trajo&nbsp;a&nbsp;<strong>una tal Najia Lotfi,&nbsp;adecuadamente coronada con un hiyab, para hablar de la eterna pol\u00e9mica del velo isl\u00e1mico<\/strong>. El programa deb\u00eda de tener la intenci\u00f3n de responder a la pregunta que se ha convertido en central en nuestra sociedad: \u00bfqu\u00e9 hacer con los hiyabs, niqabs y burkas que se est\u00e1n multiplicando en nuestro pa\u00eds a una velocidad imparable?&nbsp;<strong>\u00bfProhibirlos en las escuelas o en la calle? \u00bfProhibirlo en todos los sitios o en ninguno?&nbsp;<\/strong>Pero si esa era la intenci\u00f3n, fue fallida, porque lo \u00fanico que logr\u00f3&nbsp;TVE fue dar voz a un&nbsp;<strong>discurso blanqueador de la misoginia<\/strong>, capaz de llegar a asegurar que el burka es una cuesti\u00f3n cultural.<\/p>\n\n\n\n<p>Este ser\u00eda el fragmento m\u00e1s estridente del programa, en boca de la tal se\u00f1ora Lotfi: \u00abEl burka es m\u00e1s cultural que religioso, es una cultura, las mujeres quieren ir as\u00ed\u00bb. Y ante la pregunta de la presentadora: \u00ab\u00bfQuieren ir as\u00ed o las obligan a ir as\u00ed?\u00bb, la culminaci\u00f3n de la respuesta: \u00abDepende de las interpretaciones de cada uno\u00bb. Vemos las \u00abinterpretaciones\u00bb de la cosa\u2026: si no llevan burka en Afganist\u00e1n, ser\u00e1n azotadas, golpeadas, encarceladas y corren un riesgo real de muerte. En otros pa\u00edses donde el niqab es obligatorio, como Ir\u00e1n,&nbsp;<strong>conocemos muy bien el precio de sangre que han pagado las mujeres<\/strong>. A\u00f1adamos, al mismo tiempo, las m\u00faltiples prohibiciones que destruyen sus derechos b\u00e1sicos, y que en el caso de Afganist\u00e1n llegan a la prohibici\u00f3n absoluta de estudiar, hablar en la calle, mirar por&nbsp;la ventana, pintarse las u\u00f1as (el castigo es cortarles los dedos)&nbsp;y, huelga decirlo, la lapidaci\u00f3n en caso de adulterio.&nbsp;<strong>No hay espacio en este humilde art\u00edculo para relatar los millares de leyes en los pa\u00edses donde se aplica la&nbsp;<em>shar\u00eda<\/em>, que convierten a la mujer en un ser minorizado, secuestrado y esclavizado<\/strong>. Sin olvidar la pr\u00e1ctica de estas leyes mis\u00f3ginas en ciudades y barrios de Europa donde el salafismo se ha hecho fuerte.&nbsp;<strong>\u00bfO acaso no vemos niqabs en nuestras calles?<\/strong>&nbsp;Es tal el odio a la mujer que surge de esta ideolog\u00eda, que las expresiones grotescas e indecentes de la tal Lotfi en la televisi\u00f3n p\u00fablica pueden&nbsp;llegar a ser consideradas \u00abnormales\u00bb.<\/p>\n\n\n\n<p>Obviamente, el principal problema es la ideolog\u00eda salafista, que ha convertido en ley implacable \u2014y legalmente violenta\u2014 los aspectos m\u00e1s reaccionarios y mis\u00f3ginos del texto sagrado, y que se sustenta en un poder econ\u00f3mico inimaginable.&nbsp;<strong>El salafismo quiere conquistar el mundo<\/strong>&nbsp;\u2014y me excuso por&nbsp;un concepto que podr\u00eda parecer medieval, pero que es muy actual\u2014, y la conquista, all\u00ed donde tenemos democracias liberales, pasa por poner en cuesti\u00f3n los derechos democr\u00e1ticos, con la mujer convertida en el centro de este combate ideol\u00f3gico. Considerar, a estas alturas, que detr\u00e1s de esta presi\u00f3n sobre el velo \u2014y todas sus variantes\u2014 hay una cuesti\u00f3n cultural o tradicional, y no un reto ideol\u00f3gico,&nbsp;<strong>es no entender nada de lo que est\u00e1 ocurriendo en el mundo<\/strong>. Y, este es el segundo problema: lo tarde que llegamos al debate sobre la cuesti\u00f3n.&nbsp;<strong>Con el problema del islam ideol\u00f3gico siempre vamos a destiempo, amordazados por el miedo a&nbsp;lo pol\u00edticamente correcto<\/strong>. Si me permiten la autorreferencia, recuerdo haber protagonizado una portada de&nbsp;<em>El Peri\u00f3dico<\/em>&nbsp;en los a\u00f1os 90 (en la \u00e9poca en la que lo dirig\u00eda Rafael Nadal), planteando justamente el reto isl\u00e1mico.&nbsp;<strong>Todav\u00eda est\u00e1bamos a tiempo de sentar las bases para gestionar adecuadamente el fen\u00f3meno, pero no hubo manera<\/strong>. Inmediatamente, el debate se abort\u00f3 por&nbsp;la presi\u00f3n de las izquierdas, que, en este tema, muestran una mentalidad reaccionaria, irresponsable y a menudo utilitaria, no en balde mercadean con los votos. Y, por el camino, abandonan completamente a las mujeres musulmanas que luchan por sus derechos en las peores condiciones.<\/p>\n\n\n\n<p>Con el problema del islam ideol\u00f3gico siempre vamos a destiempo, amordazados por el miedo a&nbsp;lo pol\u00edticamente correcto<\/p>\n\n\n\n<p>De hecho, es la postura de este progresismo paternalista y buenista, que&nbsp;<strong>inmediatamente saca el eslogan de la islamofobia para impedir el debate<\/strong>, la culpable de que la extrema derecha se la apropie sin competencia. Paternalista, buenista y censor, porque tambi\u00e9n hay que a\u00f1adir una cuesti\u00f3n que no es menor:&nbsp;<strong>hoy por hoy, los principales enemigos del pensamiento libre son los gur\u00fas progresistas<\/strong>, que practican una cultura de la cancelaci\u00f3n a todos los temas y todas las personas que no entran en su mollera ideol\u00f3gica.&nbsp;<strong>Es sorprendente y alarmante c\u00f3mo los partidos m\u00e1s radicales de este espectro ideol\u00f3gico no ganan elecciones, pero imponen el relato p\u00fablico<\/strong>.<\/p>\n\n\n\n<p>De todas maneras, m\u00e1s tarde o m\u00e1s temprano, este debate tiene que abrirse en canal, porque&nbsp;<strong>el problema ya es masivo en nuestro pa\u00eds. Y no ir\u00e1 a menos, sino al contrario, ir\u00e1 a m\u00e1s<\/strong>. Es un combate ideol\u00f3gico entre la democracia y una doctrina totalitaria que quiere imponer conceptos medievales a nuestra sociedad. No se trata de Dios y de la religi\u00f3n, sino de ideolog\u00eda, y se sit\u00faa la cuesti\u00f3n de la mujer en el centro de la diana para reventar la sociedad democr\u00e1tica. Hiyab, niqab, burka\u2026 variables diversas de una misma concepci\u00f3n mis\u00f3gina que ha llegado para quedarse y que tiene intenci\u00f3n de conquistar el espacio.<\/p>\n\n\n\n<p><strong>Pilar Rahola<\/strong><\/p>\n<!-- AddThis Advanced Settings generic via filter on the_content --><!-- AddThis Share Buttons generic via filter on the_content -->","protected":false},"excerpt":{"rendered":"<p>Mi\u00e9rcoles 28 de mayo de 2025 El pasado viernes, el programa de TVE2&nbsp;Caf\u00e8 d\u2019idees&nbsp;trajo&nbsp;a&nbsp;una tal Najia Lotfi,&nbsp;adecuadamente coronada con un hiyab, para hablar de la eterna pol\u00e9mica del velo isl\u00e1mico. El programa deb\u00eda de tener la intenci\u00f3n de responder a la pregunta que se ha convertido en central en nuestra sociedad: \u00bfqu\u00e9 hacer con los &hellip; <a href=\"https:\/\/blogs.deia.eus\/anasagasti\/2025\/05\/28\/elogio-escalofriante-de-la-misoginia\/\" class=\"more-link\">Sigue leyendo <span class=\"screen-reader-text\">ELOGIO (ESCALOFRIANTE) DE LA MISOGINIA<\/span><\/a><!-- AddThis Advanced Settings generic via filter on get_the_excerpt --><!-- AddThis Share Buttons generic via filter on get_the_excerpt --><\/p>\n","protected":false},"author":19,"featured_media":0,"comment_status":"open","ping_status":"open","sticky":false,"template":"","format":"standard","meta":{"footnotes":""},"categories":[1],"tags":[],"class_list":["post-20495","post","type-post","status-publish","format-standard","hentry","category-general"],"_links":{"self":[{"href":"https:\/\/blogs.deia.eus\/anasagasti\/wp-json\/wp\/v2\/posts\/20495","targetHints":{"allow":["GET"]}}],"collection":[{"href":"https:\/\/blogs.deia.eus\/anasagasti\/wp-json\/wp\/v2\/posts"}],"about":[{"href":"https:\/\/blogs.deia.eus\/anasagasti\/wp-json\/wp\/v2\/types\/post"}],"author":[{"embeddable":true,"href":"https:\/\/blogs.deia.eus\/anasagasti\/wp-json\/wp\/v2\/users\/19"}],"replies":[{"embeddable":true,"href":"https:\/\/blogs.deia.eus\/anasagasti\/wp-json\/wp\/v2\/comments?post=20495"}],"version-history":[{"count":1,"href":"https:\/\/blogs.deia.eus\/anasagasti\/wp-json\/wp\/v2\/posts\/20495\/revisions"}],"predecessor-version":[{"id":20497,"href":"https:\/\/blogs.deia.eus\/anasagasti\/wp-json\/wp\/v2\/posts\/20495\/revisions\/20497"}],"wp:attachment":[{"href":"https:\/\/blogs.deia.eus\/anasagasti\/wp-json\/wp\/v2\/media?parent=20495"}],"wp:term":[{"taxonomy":"category","embeddable":true,"href":"https:\/\/blogs.deia.eus\/anasagasti\/wp-json\/wp\/v2\/categories?post=20495"},{"taxonomy":"post_tag","embeddable":true,"href":"https:\/\/blogs.deia.eus\/anasagasti\/wp-json\/wp\/v2\/tags?post=20495"}],"curies":[{"name":"wp","href":"https:\/\/api.w.org\/{rel}","templated":true}]}}