{"id":20498,"date":"2025-05-29T12:55:49","date_gmt":"2025-05-29T10:55:49","guid":{"rendered":"https:\/\/blogs.deia.eus\/anasagasti\/?p=20498"},"modified":"2025-05-29T12:55:49","modified_gmt":"2025-05-29T10:55:49","slug":"euzkadi-es-asi","status":"publish","type":"post","link":"https:\/\/blogs.deia.eus\/anasagasti\/2025\/05\/29\/euzkadi-es-asi\/","title":{"rendered":"EUZKADI ES AS\u00cd"},"content":{"rendered":"\n<p><strong>Jueves 29 de mayo de 2025<\/strong><\/p>\n\n\n<div class=\"wp-block-image\">\n<figure class=\"aligncenter size-full\"><a href=\"https:\/\/blogs.deia.eus\/anasagasti\/files\/2025\/05\/1000450106.jpg\"><img loading=\"lazy\" decoding=\"async\" width=\"244\" height=\"304\" src=\"https:\/\/blogs.deia.eus\/anasagasti\/files\/2025\/05\/1000450106.jpg\" alt=\"\" class=\"wp-image-20499\" \/><\/a><\/figure>\n<\/div>\n\n\n<p>La foto es expresiva. Dos caras de una moneda. Los dos propiciaban en octubre de 1979 la aprobaci\u00f3n del Estatuto de Autonom\u00eda de Gernika en el mitin de la Casilla en Bilbao con todos los partidos que lo apoyaban. Alianza Popular no estaba entre los que apostaron por aquella salida estatutaria que ahora hacen suya y restriegan a los dem\u00e1s, aunque anteayer votaran para que Europa no reconociera el euskera como una de sus lenguas institucionales.<\/p>\n\n\n\n<p>Mitxel Unzueta, a la izquierda, era el portavoz del PNV en el Senado. Uno de los ide\u00f3logos de la apuesta negociadora del PNV con la reintegraci\u00f3n foral plena plasmada de alguna manera en la Disposici\u00f3n Adicional constitucional que dio como resultado el mejor estatuto que se pod\u00eda aprobar en aquel momento. Tan bueno que sigue sin cumplirse siendo una ley org\u00e1nica refrendada.<\/p>\n\n\n\n<p>Abogado, foralista, persona comprometida ah\u00ed lo vemos al lado de un Mario Onaindia con el pu\u00f1o comunista en alto y muy cerrado. Se hab\u00eda declarado marxista leninista en el propio Juicio. Mitxel Unzueta parece decir. !Que paciencia!, pero el ponerse de acuerdo con alguien que hab\u00eda sido de EGI, luego de ETA condenado en Burgos, para pasar a EE y luego al PSOE, con el fin de &nbsp;sacar este pa\u00eds adelante requer\u00eda el remar juntos, aunque el discurso de Mario Onaindia hasta entonces hab\u00eda sido el de la dictadura del proletariado. Posteriormente fue cambiando.<\/p>\n\n\n\n<p>Algunos analistas dicen que la actual Bildu va camino del discurso final de Onaindia. No lo creo. Al final de su vida ten\u00eda verdadera obsesi\u00f3n contra el PNV y los jesuitas hasta el punto de que una noche, Joxe Joan Gonzalez de Txabarri y yo, estando en el Congreso, le invitamos a cenar a la Redondela del hotel Palace y le contamos algo que no sab\u00eda.<\/p>\n\n\n\n<p>Al haber dos sacerdotes entre los encausados, seg\u00fan el Concordato el Juicio deb\u00eda celebrarse a puerta cerrada. Pero se buscaba fuera a puerta abierta para que tuviera seguimiento informativo. Los militares quer\u00edan un juicio con condenas a muerte r\u00e1pido y a puerta cerrada. Y hab\u00eda que lograr que el Vaticano pidiera se celebrara a puerta abierta.<\/p>\n\n\n\n<p>Se logr\u00f3 y \u00e9l, entre otros salv\u00f3 la vida porque en Roma estuvieron el Lehendakari Leizaola y su vicepresidente Rezola, tocando las puertas de la DC italiana, y de los cl\u00e9rigos vascos o amigos de los vascos, para que influyeran en el Vaticano y permitieran un juicio abierto. Al final, se logr\u00f3. Y eso le salv\u00f3 la vida ante la protesta mundial que se organiz\u00f3 contra el franquismo.<\/p>\n\n\n\n<p>Posteriormente Onaindia fue parlamentario vasco del primer Parlamento y cuando Leizaola dej\u00f3 el Parlamento en noviembre de 1980 le despedimos en el Portal\u00f3n de Gasteiz todos los Grupos. Cuando le toc\u00f3 el turno para la despedida, nos cont\u00f3 una vivencia con \u00e9l.<\/p>\n\n\n\n<p>Tras salir de la c\u00e1rcel, en octubre de 1977, y andar por Francia como \u201cpreso extra\u00f1ado\u201d decidieron ir a visitarle al Lehendakari a su despacho en Par\u00eds. Leizaola les recibi\u00f3 con consideraci\u00f3n y les habl\u00f3 de Kili Kili aquella revista infantil para la recuperaci\u00f3n del euskera y algo m\u00e1s. Aquellos hombretones forjados en la lucha violenta y revolucionaria salieron despotricando de la reuni\u00f3n, pero, en la comida del Portal\u00f3n le dijo al Lehendakari que quien ten\u00eda la raz\u00f3n era \u00e9l y no ellos pues en ese momento no hab\u00eda que plantear la \u201crevoluci\u00f3n pendiente\u201d sino la construcci\u00f3n nacional entre todos, consolidando las instituciones y hablando de la recuperaci\u00f3n del euskera y la educaci\u00f3n d ellos ni\u00f1os. Fue un respetuoso reconocimiento que aplaudimos.<\/p>\n\n\n\n<p>P\u00e1ginas de nuestra historia reciente reverdecidas tras cumplirse este a\u00f1o el 45 de la puesta en marcha del Parlamento Vasco.<\/p>\n<!-- AddThis Advanced Settings generic via filter on the_content --><!-- AddThis Share Buttons generic via filter on the_content -->","protected":false},"excerpt":{"rendered":"<p>Jueves 29 de mayo de 2025 La foto es expresiva. Dos caras de una moneda. Los dos propiciaban en octubre de 1979 la aprobaci\u00f3n del Estatuto de Autonom\u00eda de Gernika en el mitin de la Casilla en Bilbao con todos los partidos que lo apoyaban. Alianza Popular no estaba entre los que apostaron por aquella &hellip; <a href=\"https:\/\/blogs.deia.eus\/anasagasti\/2025\/05\/29\/euzkadi-es-asi\/\" class=\"more-link\">Sigue leyendo <span class=\"screen-reader-text\">EUZKADI ES AS\u00cd<\/span><\/a><!-- AddThis Advanced Settings generic via filter on get_the_excerpt --><!-- AddThis Share Buttons generic via filter on get_the_excerpt --><\/p>\n","protected":false},"author":19,"featured_media":0,"comment_status":"open","ping_status":"open","sticky":false,"template":"","format":"standard","meta":{"footnotes":""},"categories":[1],"tags":[],"class_list":["post-20498","post","type-post","status-publish","format-standard","hentry","category-general"],"_links":{"self":[{"href":"https:\/\/blogs.deia.eus\/anasagasti\/wp-json\/wp\/v2\/posts\/20498","targetHints":{"allow":["GET"]}}],"collection":[{"href":"https:\/\/blogs.deia.eus\/anasagasti\/wp-json\/wp\/v2\/posts"}],"about":[{"href":"https:\/\/blogs.deia.eus\/anasagasti\/wp-json\/wp\/v2\/types\/post"}],"author":[{"embeddable":true,"href":"https:\/\/blogs.deia.eus\/anasagasti\/wp-json\/wp\/v2\/users\/19"}],"replies":[{"embeddable":true,"href":"https:\/\/blogs.deia.eus\/anasagasti\/wp-json\/wp\/v2\/comments?post=20498"}],"version-history":[{"count":1,"href":"https:\/\/blogs.deia.eus\/anasagasti\/wp-json\/wp\/v2\/posts\/20498\/revisions"}],"predecessor-version":[{"id":20500,"href":"https:\/\/blogs.deia.eus\/anasagasti\/wp-json\/wp\/v2\/posts\/20498\/revisions\/20500"}],"wp:attachment":[{"href":"https:\/\/blogs.deia.eus\/anasagasti\/wp-json\/wp\/v2\/media?parent=20498"}],"wp:term":[{"taxonomy":"category","embeddable":true,"href":"https:\/\/blogs.deia.eus\/anasagasti\/wp-json\/wp\/v2\/categories?post=20498"},{"taxonomy":"post_tag","embeddable":true,"href":"https:\/\/blogs.deia.eus\/anasagasti\/wp-json\/wp\/v2\/tags?post=20498"}],"curies":[{"name":"wp","href":"https:\/\/api.w.org\/{rel}","templated":true}]}}