{"id":20502,"date":"2025-05-30T13:06:45","date_gmt":"2025-05-30T11:06:45","guid":{"rendered":"https:\/\/blogs.deia.eus\/anasagasti\/?p=20502"},"modified":"2025-05-30T13:06:45","modified_gmt":"2025-05-30T11:06:45","slug":"juan-manuel-egiagaray-un-importante-representate-publico-gb","status":"publish","type":"post","link":"https:\/\/blogs.deia.eus\/anasagasti\/2025\/05\/30\/juan-manuel-egiagaray-un-importante-representate-publico-gb\/","title":{"rendered":"JUAN MANUEL EGIAGARAY, UN IMPORTANTE REPRESENTATE PUBLICO. GB"},"content":{"rendered":"\n<p><strong>Viernes 30 de mayo de 2025<\/strong><\/p>\n\n\n<div class=\"wp-block-image\">\n<figure class=\"aligncenter size-full is-resized\"><a href=\"https:\/\/blogs.deia.eus\/anasagasti\/files\/2025\/05\/Presentacion1-1.jpg\"><img loading=\"lazy\" decoding=\"async\" width=\"427\" height=\"596\" src=\"https:\/\/blogs.deia.eus\/anasagasti\/files\/2025\/05\/Presentacion1-1.jpg\" alt=\"\" class=\"wp-image-20503\" style=\"width:511px;height:auto\" \/><\/a><\/figure>\n<\/div>\n\n\n<p>Cuando nos reunimos en Gernika para conmemorar el 45 aniversario de la constituci\u00f3n del primer Parlamento Vasco, le echamos de menos. Pregunt\u00e9 por \u00e9l y me dijeron estaba delicado de salud. Ayer falleci\u00f3.<\/p>\n\n\n\n<p>Juan Manuel Egiagaray, Juanma, era una referencia no solo del socialismo vasco sino de hechos importantes en la historia reciente vasca y no solo porque estuvo en las Juntas Generales de Bizkaia de 1979 a 1983, sino en el Parlamento vasco desde su inicio hasta 1988. De all\u00ed pas\u00f3 a Delegado del Gobierno espa\u00f1ol en Murcia y luego, hasta 1991, de Delegado en Gasteiz sucediendo al sospechoso Julen Elgorriaga. El junto a Benegas fue la referencia socialista de aquellos a\u00f1os y uno de los negociadores del PSE cuando este partido apoy\u00f3 al Lehendakari Ardanza como Lehendakari.<\/p>\n\n\n\n<p>Apoyo al PNV aquellos a\u00f1os, lucha contra ETA, negociaciones de todo tipo entre el PNV y el PSE.<\/p>\n\n\n\n<p>Pas\u00f3 a Madrid como diputado en 1996 siendo nada menos que el portavoz del Grupo Socialista de septiembre de 1997 a mayo de 1998. Sustituy\u00f3 a Almunia como portavoz y cuando Borrel le gan\u00f3 a Almunia \u00e9ste le sustituy\u00f3. Recuerdo la comida que le ofrecimos en el comedor del Congreso. El PSOE viv\u00eda momentos dif\u00edciles.<\/p>\n\n\n\n<p>Fue asimismo ministro dos veces. De Administraciones P\u00fablicas y de Industria y Energ\u00eda en los gobiernos de Felipe Gonz\u00e1lez.<\/p>\n\n\n\n<p>Hay que recordar aquellos primeros a\u00f1os democr\u00e1ticos y la estruendosa m\u00fasica de fondo de las acciones de ETA que lo condicionaban todo, con Benegas, Jauregi, Mugica, Agiriano, Rojo, Maturana, Buesa, peleando con Garc\u00eda Damborenea y en el caso de Egiagaray reuni\u00e9ndose con ETA en Argel.<\/p>\n\n\n\n<p>Hijo de uno de los capitanes de los remolcadores del Puerto de Bilbao, profesor en Deusto, mi hermano Koldo recuerda una escena dura de los \u00faltimos a\u00f1os del franquismo cuando estando en un bar entr\u00f3 un joven a toda velocidad y se encerr\u00f3 en el ba\u00f1o. Al poco la polic\u00eda le sac\u00f3 d\u00e1ndole una serie de golpes all\u00ed mismo. Era Egiagaray, un tipo templado del que me dice Albistur que fueron compa\u00f1eros de estudios junior jesuitas en Salamanca. \u201dEra un m\u00edstico\u201d.<\/p>\n\n\n\n<p>Toda una personalidad. Ha fallecido, una esquela del Parlamento Vasco, menos mal, ninguna de todo lo dem\u00e1s, unas declaraciones de Andueza y tira millas. Una persona que ha sido juntero, parlamentario, diputado, portavoz, ministro dos veces. Al parecer, nada. Y, en representaci\u00f3n de Bizkaia.<\/p>\n\n\n\n<p>Este es el pa\u00eds del adanismo militante. Luego, algunos ingenuos preguntan el por qu\u00e9 pasan las cosas sin tener nadie el inter\u00e9s, en ocasiones como \u00e9stas, en contar como se ha llegado donde se ha llegado, ni quien lo ha hecho. Nada nuevo bajo el sol. Juan Manuel Egiagaray GB.<\/p>\n<!-- AddThis Advanced Settings generic via filter on the_content --><!-- AddThis Share Buttons generic via filter on the_content -->","protected":false},"excerpt":{"rendered":"<p>Viernes 30 de mayo de 2025 Cuando nos reunimos en Gernika para conmemorar el 45 aniversario de la constituci\u00f3n del primer Parlamento Vasco, le echamos de menos. Pregunt\u00e9 por \u00e9l y me dijeron estaba delicado de salud. Ayer falleci\u00f3. Juan Manuel Egiagaray, Juanma, era una referencia no solo del socialismo vasco sino de hechos importantes &hellip; <a href=\"https:\/\/blogs.deia.eus\/anasagasti\/2025\/05\/30\/juan-manuel-egiagaray-un-importante-representate-publico-gb\/\" class=\"more-link\">Sigue leyendo <span class=\"screen-reader-text\">JUAN MANUEL EGIAGARAY, UN IMPORTANTE REPRESENTATE PUBLICO. GB<\/span><\/a><!-- AddThis Advanced Settings generic via filter on get_the_excerpt --><!-- AddThis Share Buttons generic via filter on get_the_excerpt --><\/p>\n","protected":false},"author":19,"featured_media":0,"comment_status":"open","ping_status":"open","sticky":false,"template":"","format":"standard","meta":{"footnotes":""},"categories":[1],"tags":[],"class_list":["post-20502","post","type-post","status-publish","format-standard","hentry","category-general"],"_links":{"self":[{"href":"https:\/\/blogs.deia.eus\/anasagasti\/wp-json\/wp\/v2\/posts\/20502","targetHints":{"allow":["GET"]}}],"collection":[{"href":"https:\/\/blogs.deia.eus\/anasagasti\/wp-json\/wp\/v2\/posts"}],"about":[{"href":"https:\/\/blogs.deia.eus\/anasagasti\/wp-json\/wp\/v2\/types\/post"}],"author":[{"embeddable":true,"href":"https:\/\/blogs.deia.eus\/anasagasti\/wp-json\/wp\/v2\/users\/19"}],"replies":[{"embeddable":true,"href":"https:\/\/blogs.deia.eus\/anasagasti\/wp-json\/wp\/v2\/comments?post=20502"}],"version-history":[{"count":1,"href":"https:\/\/blogs.deia.eus\/anasagasti\/wp-json\/wp\/v2\/posts\/20502\/revisions"}],"predecessor-version":[{"id":20504,"href":"https:\/\/blogs.deia.eus\/anasagasti\/wp-json\/wp\/v2\/posts\/20502\/revisions\/20504"}],"wp:attachment":[{"href":"https:\/\/blogs.deia.eus\/anasagasti\/wp-json\/wp\/v2\/media?parent=20502"}],"wp:term":[{"taxonomy":"category","embeddable":true,"href":"https:\/\/blogs.deia.eus\/anasagasti\/wp-json\/wp\/v2\/categories?post=20502"},{"taxonomy":"post_tag","embeddable":true,"href":"https:\/\/blogs.deia.eus\/anasagasti\/wp-json\/wp\/v2\/tags?post=20502"}],"curies":[{"name":"wp","href":"https:\/\/api.w.org\/{rel}","templated":true}]}}