{"id":20505,"date":"2025-06-01T12:02:25","date_gmt":"2025-06-01T10:02:25","guid":{"rendered":"https:\/\/blogs.deia.eus\/anasagasti\/?p=20505"},"modified":"2025-06-01T12:02:25","modified_gmt":"2025-06-01T10:02:25","slug":"este-lunes-con-un-superviviente-del-bombardeo-de-gernika","status":"publish","type":"post","link":"https:\/\/blogs.deia.eus\/anasagasti\/2025\/06\/01\/este-lunes-con-un-superviviente-del-bombardeo-de-gernika\/","title":{"rendered":"ESTE LUNES, CON UN SUPERVIVIENTE DEL BOMBARDEO DE GERNIKA"},"content":{"rendered":"\n<p><strong>Domingo 1 de junio de 2025<\/strong><\/p>\n\n\n<div class=\"wp-block-image\">\n<figure class=\"aligncenter size-full\"><a href=\"https:\/\/blogs.deia.eus\/anasagasti\/files\/2025\/06\/IMG-20250601-WA0004-1.jpg\"><img loading=\"lazy\" decoding=\"async\" width=\"633\" height=\"600\" src=\"https:\/\/blogs.deia.eus\/anasagasti\/files\/2025\/06\/IMG-20250601-WA0004-1.jpg\" alt=\"\" class=\"wp-image-20507\" srcset=\"https:\/\/blogs.deia.eus\/anasagasti\/files\/2025\/06\/IMG-20250601-WA0004-1.jpg 633w, https:\/\/blogs.deia.eus\/anasagasti\/files\/2025\/06\/IMG-20250601-WA0004-1-580x550.jpg 580w\" sizes=\"auto, (max-width: 633px) 100vw, 633px\" \/><\/a><\/figure>\n<\/div>\n\n\n<p>Quedan muy pocos. Contados con los dedos de la mano. Y es que la Legi\u00f3n Condor bombarde\u00f3 Gernika en 1937, hace ahora 88 a\u00f1os. Pero Emilio Aperribay lo puede contar, aunque afortunadamente, no se enteraba de nada. Ten\u00eda ocho meses y su hermano tres a\u00f1os. A \u00e9l lo salv\u00f3 su ama quien lo sac\u00f3 en brazos de aquel horror de sangre y fuego y a su hermano, su aita. Toda una historia.<\/p>\n\n\n\n<p>La escritora F\u00e1tima D\u00edez lo ha narrado en un libro titulado \u201cMemorias de un Silencio\u201d que se presentar\u00e1 este lunes 2 de junio en la Carpa de la Feria del Libro en el Arenal a las cinco de la tarde. Emilio estar\u00e1 junto a F\u00e1tima y aplaudiendo su hija M\u00f3nika, toda una activista del intento de difusi\u00f3n de historias desconocidas de perdedores, en este caso de su familia. Un buen trabajo.<\/p>\n\n\n\n<p>Ser\u00eda interesante que usted fuera y le pidiera a Emilio una dedicatoria. No es usual contar con el privilegio de tener tan cerca al protagonista, a su pesar, de aquella barbarie. Quedan pocos.<\/p>\n\n\n\n<p>De vez en cuando hay estos chispazos de la historia que no se pueden desaprovechar.<\/p>\n<!-- AddThis Advanced Settings generic via filter on the_content --><!-- AddThis Share Buttons generic via filter on the_content -->","protected":false},"excerpt":{"rendered":"<p>Domingo 1 de junio de 2025 Quedan muy pocos. Contados con los dedos de la mano. Y es que la Legi\u00f3n Condor bombarde\u00f3 Gernika en 1937, hace ahora 88 a\u00f1os. Pero Emilio Aperribay lo puede contar, aunque afortunadamente, no se enteraba de nada. Ten\u00eda ocho meses y su hermano tres a\u00f1os. A \u00e9l lo salv\u00f3 &hellip; <a href=\"https:\/\/blogs.deia.eus\/anasagasti\/2025\/06\/01\/este-lunes-con-un-superviviente-del-bombardeo-de-gernika\/\" class=\"more-link\">Sigue leyendo <span class=\"screen-reader-text\">ESTE LUNES, CON UN SUPERVIVIENTE DEL BOMBARDEO DE GERNIKA<\/span><\/a><!-- AddThis Advanced Settings generic via filter on get_the_excerpt --><!-- AddThis Share Buttons generic via filter on get_the_excerpt --><\/p>\n","protected":false},"author":19,"featured_media":0,"comment_status":"open","ping_status":"open","sticky":false,"template":"","format":"standard","meta":{"footnotes":""},"categories":[1],"tags":[],"class_list":["post-20505","post","type-post","status-publish","format-standard","hentry","category-general"],"_links":{"self":[{"href":"https:\/\/blogs.deia.eus\/anasagasti\/wp-json\/wp\/v2\/posts\/20505","targetHints":{"allow":["GET"]}}],"collection":[{"href":"https:\/\/blogs.deia.eus\/anasagasti\/wp-json\/wp\/v2\/posts"}],"about":[{"href":"https:\/\/blogs.deia.eus\/anasagasti\/wp-json\/wp\/v2\/types\/post"}],"author":[{"embeddable":true,"href":"https:\/\/blogs.deia.eus\/anasagasti\/wp-json\/wp\/v2\/users\/19"}],"replies":[{"embeddable":true,"href":"https:\/\/blogs.deia.eus\/anasagasti\/wp-json\/wp\/v2\/comments?post=20505"}],"version-history":[{"count":1,"href":"https:\/\/blogs.deia.eus\/anasagasti\/wp-json\/wp\/v2\/posts\/20505\/revisions"}],"predecessor-version":[{"id":20508,"href":"https:\/\/blogs.deia.eus\/anasagasti\/wp-json\/wp\/v2\/posts\/20505\/revisions\/20508"}],"wp:attachment":[{"href":"https:\/\/blogs.deia.eus\/anasagasti\/wp-json\/wp\/v2\/media?parent=20505"}],"wp:term":[{"taxonomy":"category","embeddable":true,"href":"https:\/\/blogs.deia.eus\/anasagasti\/wp-json\/wp\/v2\/categories?post=20505"},{"taxonomy":"post_tag","embeddable":true,"href":"https:\/\/blogs.deia.eus\/anasagasti\/wp-json\/wp\/v2\/tags?post=20505"}],"curies":[{"name":"wp","href":"https:\/\/api.w.org\/{rel}","templated":true}]}}