{"id":20510,"date":"2025-06-02T11:23:43","date_gmt":"2025-06-02T09:23:43","guid":{"rendered":"https:\/\/blogs.deia.eus\/anasagasti\/?p=20510"},"modified":"2025-06-02T11:23:43","modified_gmt":"2025-06-02T09:23:43","slug":"por-fin-los-pelotaris-vascos-podran-elegir-la-verde-ademas-de-la-roja-o-la-azul","status":"publish","type":"post","link":"https:\/\/blogs.deia.eus\/anasagasti\/2025\/06\/02\/por-fin-los-pelotaris-vascos-podran-elegir-la-verde-ademas-de-la-roja-o-la-azul\/","title":{"rendered":"POR FIN LOS PELOTARIS VASCOS PODR\u00c1N ELEGIR LA VERDE, ADEM\u00c1S DE LA ROJA O LA AZUL"},"content":{"rendered":"\n<p><strong>Lunes 2 de junio de 2025<\/strong><\/p>\n\n\n\n<p><strong>David Salinas Armendariz (*)<\/strong><\/p>\n\n\n<div class=\"wp-block-image\">\n<figure class=\"aligncenter size-large\"><a href=\"https:\/\/blogs.deia.eus\/anasagasti\/files\/2025\/06\/IMG-20250602-WA0006.jpg\"><img loading=\"lazy\" decoding=\"async\" width=\"940\" height=\"1175\" src=\"https:\/\/blogs.deia.eus\/anasagasti\/files\/2025\/06\/IMG-20250602-WA0006-940x1175.jpg\" alt=\"\" class=\"wp-image-20511\" srcset=\"https:\/\/blogs.deia.eus\/anasagasti\/files\/2025\/06\/IMG-20250602-WA0006-940x1175.jpg 940w, https:\/\/blogs.deia.eus\/anasagasti\/files\/2025\/06\/IMG-20250602-WA0006-580x725.jpg 580w, https:\/\/blogs.deia.eus\/anasagasti\/files\/2025\/06\/IMG-20250602-WA0006-768x960.jpg 768w, https:\/\/blogs.deia.eus\/anasagasti\/files\/2025\/06\/IMG-20250602-WA0006.jpg 1080w\" sizes=\"auto, (max-width: 940px) 100vw, 940px\" \/><\/a><\/figure>\n<\/div>\n\n\n<p>\u00abEl enfrentamiento deportivo entre Euzkadi y Espa\u00f1a no vulnera regulaci\u00f3n alguna, ni interna ni internacional, y no es sino reproducci\u00f3n de otros habituales entre representaciones de territorios y estados en variados deportes, y ah\u00ed est\u00e1n los ejemplos de las naciones brit\u00e1nicas, o de Groenlandia e Islas Feroe respecto a Dinamarca, o de Hawai en relaci\u00f3n a Estados Unidos, por citar algunos\u201d<\/p>\n\n\n\n<p>Lleg\u00f3 el momento. El torneo de cesta punta &#8216;Liga de Naciones&#8217; que se celebra en Gernika del 1 al 6 de junio va a suponer la primera vez en la historia en la que una Selecci\u00f3n Vasca de pelota participa de forma oficial en el \u00e1mbito internacional bajo el parag\u00fcas de la FIPV, principal organismo de este deporte en cuya creaci\u00f3n en 1929 ya estuvieron los vascos. Un cambio legislativo lo ha propiciado, pero sobre todo la tenaz voluntad de los y las pelotaris, arropados por los pelotazales de los siete territorios de Euzkadi&nbsp; hoycon el apoyo de las instituciones, de lo que ha sido buena prueba la presencia del lehendakari Pradales vistiendo la Verde como el primero de los vascos.<\/p>\n\n\n\n<p>En el campeonato de Gernika estar\u00e1n las selecciones de las federaciones que integran hoy la Internacional, entre ellas la federaci\u00f3n espa\u00f1ola y tambi\u00e9n la vasca, que fue aceptada como miembro de pleno derecho el pasado 28 de diciembre. Es cierto que pesa sobre esa decisi\u00f3n asociativa (adoptada por dos tercios de su asamblea, incluidas las federaciones de Francia, Argentina, M\u00e9xico o Venezuela) un recurso ante el TAS por parte de las federaciones espa\u00f1ola y (a su rebufo) cubana, posici\u00f3n, la del ente que hoy preside el navarro Javier Conde, que supone, de suyo, el incumplimiento de la ley espa\u00f1ola del deporte, que en su art\u00edculo 48.2 (el que abre el derecho de federaciones auton\u00f3micas a acceder a la representaci\u00f3n internacional) obliga a la federaci\u00f3n espa\u00f1ola concernida a aceptar y dar \u201capoyo conjunto\u201d a la entrada de la auton\u00f3mica tras el acuerdo con el CSD, que en este caso ya se produjo con car\u00e1cter previo, como as\u00ed mismo establece el precepto.<\/p>\n\n\n\n<p>La federaci\u00f3n espa\u00f1ola no s\u00f3lo ha incumplido la ley (sin que el CSD le haya conminado expresamente a acatarla, como debiera) sino que ha sacado un comunicado que roza el surrealismo. La espa\u00f1ola dice participar en Gernika en la competici\u00f3n organizada por la FIPV clasificatoria para los Mundiales del a\u00f1o pr\u00f3ximo, pero no le reconoce car\u00e1cter \u201coficial\u201d porque dice no estar autorizada por ella misma y por el propio CSD. El desenfoque es tremendo. La federaci\u00f3n espa\u00f1ola parece desconocer que las competiciones oficiales en el calendario de la FIPV las decide \u00e9sta, y no una administraci\u00f3n p\u00fablica o una federaci\u00f3n concreta, siendo que aqu\u00ed, adem\u00e1s, la espa\u00f1ola se ha inscrito voluntariamente e incluso sometido al tribunal arbitral de la FIPV (circunstancias que han de tener consecuencias de cara al recurso pendiente). Recordamos que la no autorizaci\u00f3n de celebraci\u00f3n en territorio estatal de una competici\u00f3n deportiva internacional s\u00f3lo podr\u00eda obedecer a razones de pol\u00edtica exterior, o, pongamos, de salud u orden p\u00fablico, seg\u00fan establece nuestra legislaci\u00f3n interna, en la que siempre prevalecer\u00e1 lo dispuesto en la vigente ley del deporte, no existiendo en este caso prohibici\u00f3n alguna por parte de las autoridades administrativas.<\/p>\n\n\n\n<p>Por otro lado, el enfrentamiento deportivo entre Euskadi y Espa\u00f1a no vulnera regulaci\u00f3n alguna, ni interna ni internacional, y no es sino reproducci\u00f3n de otros habituales entre representaciones de territorios y estados en variados deportes, y ah\u00ed est\u00e1n los ejemplos de las naciones brit\u00e1nicas, o de Groenlandia e Islas Feroe respecto a Dinamarca, o de Hawai en relaci\u00f3n a Estados Unidos, por citar algunos.<\/p>\n\n\n\n<p>En Gernika se va a poner de manifiesto la posibilidad de que deportistas vascos puedan elegir libremente entre defender distintas camisetas, en esta ocasi\u00f3n las de los combinados de Espa\u00f1a, de Francia o de Euskadi. Una demostraci\u00f3n de convivencia y de normalizaci\u00f3n, de concreci\u00f3n del derecho a la libre opci\u00f3n por parte de los deportistas, algo asumido en un mundo del deporte donde es posible vestir distintos colores por cuesti\u00f3n de origen y de establecimiento. Lo fundamental es que los pelotaris vascos (que dominan claramente la especialidad) podr\u00e1n optar, por fin, por la camiseta verde de la Euskal Selekzioa, adem\u00e1s de por la roja de Espa\u00f1a o la azul de Francia. Ese es el ejercicio de pluralidad que conlleva la oficialidad internacional, a la que aspiraban y aspiran mayoritariamente deportistas y sociedad vasca. Menos esencialismos, por tanto, y m\u00e1s normalidad. Y que gane el mejor en la cancha, sea el o la que sea. Porque si lo son pelotaris vascos defendiendo a Espa\u00f1a tambi\u00e9n lucir\u00e1n la txapela.<\/p>\n\n\n\n<p>Lo cierto es que hoy lunes d\u00eda 2 de junio veremos saltar al front\u00f3n Jai-Alai de la villa foral a los primeros representantes de la Verde en un nuevo e ilusionante camino, tantos a\u00f1os despu\u00e9s, hoy en la cesta punta, y en sucesivas citas en las dem\u00e1s modalidades de la pelota vasca, con la vista puesta en los Mundiales que se desarrollar\u00e1n en 2026 en San Luis, Argentina. Que sirva para un gran impulso a este deporte, de la mano del Ongi Etorri, por fin, a la Euskal Pilota Selekzioa.<\/p>\n\n\n\n<p><strong>(*) Letrado Gobierno Vasco<\/strong><\/p>\n<!-- AddThis Advanced Settings generic via filter on the_content --><!-- AddThis Share Buttons generic via filter on the_content -->","protected":false},"excerpt":{"rendered":"<p>Lunes 2 de junio de 2025 David Salinas Armendariz (*) \u00abEl enfrentamiento deportivo entre Euzkadi y Espa\u00f1a no vulnera regulaci\u00f3n alguna, ni interna ni internacional, y no es sino reproducci\u00f3n de otros habituales entre representaciones de territorios y estados en variados deportes, y ah\u00ed est\u00e1n los ejemplos de las naciones brit\u00e1nicas, o de Groenlandia e &hellip; <a href=\"https:\/\/blogs.deia.eus\/anasagasti\/2025\/06\/02\/por-fin-los-pelotaris-vascos-podran-elegir-la-verde-ademas-de-la-roja-o-la-azul\/\" class=\"more-link\">Sigue leyendo <span class=\"screen-reader-text\">POR FIN LOS PELOTARIS VASCOS PODR\u00c1N ELEGIR LA VERDE, ADEM\u00c1S DE LA ROJA O LA AZUL<\/span><\/a><!-- AddThis Advanced Settings generic via filter on get_the_excerpt --><!-- AddThis Share Buttons generic via filter on get_the_excerpt --><\/p>\n","protected":false},"author":19,"featured_media":0,"comment_status":"open","ping_status":"open","sticky":false,"template":"","format":"standard","meta":{"footnotes":""},"categories":[1],"tags":[],"class_list":["post-20510","post","type-post","status-publish","format-standard","hentry","category-general"],"_links":{"self":[{"href":"https:\/\/blogs.deia.eus\/anasagasti\/wp-json\/wp\/v2\/posts\/20510","targetHints":{"allow":["GET"]}}],"collection":[{"href":"https:\/\/blogs.deia.eus\/anasagasti\/wp-json\/wp\/v2\/posts"}],"about":[{"href":"https:\/\/blogs.deia.eus\/anasagasti\/wp-json\/wp\/v2\/types\/post"}],"author":[{"embeddable":true,"href":"https:\/\/blogs.deia.eus\/anasagasti\/wp-json\/wp\/v2\/users\/19"}],"replies":[{"embeddable":true,"href":"https:\/\/blogs.deia.eus\/anasagasti\/wp-json\/wp\/v2\/comments?post=20510"}],"version-history":[{"count":1,"href":"https:\/\/blogs.deia.eus\/anasagasti\/wp-json\/wp\/v2\/posts\/20510\/revisions"}],"predecessor-version":[{"id":20512,"href":"https:\/\/blogs.deia.eus\/anasagasti\/wp-json\/wp\/v2\/posts\/20510\/revisions\/20512"}],"wp:attachment":[{"href":"https:\/\/blogs.deia.eus\/anasagasti\/wp-json\/wp\/v2\/media?parent=20510"}],"wp:term":[{"taxonomy":"category","embeddable":true,"href":"https:\/\/blogs.deia.eus\/anasagasti\/wp-json\/wp\/v2\/categories?post=20510"},{"taxonomy":"post_tag","embeddable":true,"href":"https:\/\/blogs.deia.eus\/anasagasti\/wp-json\/wp\/v2\/tags?post=20510"}],"curies":[{"name":"wp","href":"https:\/\/api.w.org\/{rel}","templated":true}]}}