{"id":20516,"date":"2025-06-04T08:45:17","date_gmt":"2025-06-04T06:45:17","guid":{"rendered":"https:\/\/blogs.deia.eus\/anasagasti\/?p=20516"},"modified":"2025-06-04T08:45:17","modified_gmt":"2025-06-04T06:45:17","slug":"nos-vemos-el-viernes-13-en-el-batzoki-de-larrazabal","status":"publish","type":"post","link":"https:\/\/blogs.deia.eus\/anasagasti\/2025\/06\/04\/nos-vemos-el-viernes-13-en-el-batzoki-de-larrazabal\/","title":{"rendered":"NOS VEMOS EL VIERNES 13 EN EL BATZOKI DE LARRAZABAL"},"content":{"rendered":"\n<p><strong>Mi\u00e9rcoles 4 de junio de 2025<\/strong><\/p>\n\n\n<div class=\"wp-block-image\">\n<figure class=\"aligncenter size-large\"><a href=\"https:\/\/blogs.deia.eus\/anasagasti\/files\/2025\/06\/IMG-20250603-WA0017.jpg\"><img loading=\"lazy\" decoding=\"async\" width=\"940\" height=\"664\" src=\"https:\/\/blogs.deia.eus\/anasagasti\/files\/2025\/06\/IMG-20250603-WA0017-940x664.jpg\" alt=\"\" class=\"wp-image-20517\" srcset=\"https:\/\/blogs.deia.eus\/anasagasti\/files\/2025\/06\/IMG-20250603-WA0017-940x664.jpg 940w, https:\/\/blogs.deia.eus\/anasagasti\/files\/2025\/06\/IMG-20250603-WA0017-580x410.jpg 580w, https:\/\/blogs.deia.eus\/anasagasti\/files\/2025\/06\/IMG-20250603-WA0017-768x543.jpg 768w, https:\/\/blogs.deia.eus\/anasagasti\/files\/2025\/06\/IMG-20250603-WA0017-1536x1086.jpg 1536w, https:\/\/blogs.deia.eus\/anasagasti\/files\/2025\/06\/IMG-20250603-WA0017.jpg 1600w\" sizes=\"auto, (max-width: 940px) 100vw, 940px\" \/><\/a><\/figure>\n<\/div>\n\n\n<p>Un a\u00f1o m\u00e1s, la Asociaci\u00f3n Betiko Lagunak, que puso en marcha Txomin Saratxaga, celebraremos la comida anual que recuerda el Juramento de Larrazabal del joven Sabino Arana.<\/p>\n\n\n\n<p>Este a\u00f1o la celebraremos en el Batzoki de Larrazabal el viernes 13 de junio a las 2 de la tarde con una comida en cuyos postres contaremos con la intervenci\u00f3n de Emilio Aperribai, a quien su ama sac\u00f3 en brazos de Gernika en llamas cuando ten\u00eda ocho meses. Nos contar\u00e1 lo vivido hace ahora 88 a\u00f1os y de como pudieron rehacer su vida. Es un testimonio \u00fanico. Estar\u00e1 acompa\u00f1ado de su hija Monika y F\u00e1tima Diez la escritora del libro \u201cMemoria de un silencio\u201d. Son muy escasos los testimonios vivos que nos quedan y esta es una ocasi\u00f3n \u00fanica de vernos y de escuchar y animar a este gran superviviente.<\/p>\n\n\n\n<p>Por esto os esperamos en este encuentro anual. Es el viernes 13 de la semana que viene.<\/p>\n\n\n\n<p>En el gr\u00e1fico aparece la hora, el precio y la inscripci\u00f3n.<\/p>\n<!-- AddThis Advanced Settings generic via filter on the_content --><!-- AddThis Share Buttons generic via filter on the_content -->","protected":false},"excerpt":{"rendered":"<p>Mi\u00e9rcoles 4 de junio de 2025 Un a\u00f1o m\u00e1s, la Asociaci\u00f3n Betiko Lagunak, que puso en marcha Txomin Saratxaga, celebraremos la comida anual que recuerda el Juramento de Larrazabal del joven Sabino Arana. Este a\u00f1o la celebraremos en el Batzoki de Larrazabal el viernes 13 de junio a las 2 de la tarde con una &hellip; <a href=\"https:\/\/blogs.deia.eus\/anasagasti\/2025\/06\/04\/nos-vemos-el-viernes-13-en-el-batzoki-de-larrazabal\/\" class=\"more-link\">Sigue leyendo <span class=\"screen-reader-text\">NOS VEMOS EL VIERNES 13 EN EL BATZOKI DE LARRAZABAL<\/span><\/a><!-- AddThis Advanced Settings generic via filter on get_the_excerpt --><!-- AddThis Share Buttons generic via filter on get_the_excerpt --><\/p>\n","protected":false},"author":19,"featured_media":0,"comment_status":"open","ping_status":"open","sticky":false,"template":"","format":"standard","meta":{"footnotes":""},"categories":[1],"tags":[],"class_list":["post-20516","post","type-post","status-publish","format-standard","hentry","category-general"],"_links":{"self":[{"href":"https:\/\/blogs.deia.eus\/anasagasti\/wp-json\/wp\/v2\/posts\/20516","targetHints":{"allow":["GET"]}}],"collection":[{"href":"https:\/\/blogs.deia.eus\/anasagasti\/wp-json\/wp\/v2\/posts"}],"about":[{"href":"https:\/\/blogs.deia.eus\/anasagasti\/wp-json\/wp\/v2\/types\/post"}],"author":[{"embeddable":true,"href":"https:\/\/blogs.deia.eus\/anasagasti\/wp-json\/wp\/v2\/users\/19"}],"replies":[{"embeddable":true,"href":"https:\/\/blogs.deia.eus\/anasagasti\/wp-json\/wp\/v2\/comments?post=20516"}],"version-history":[{"count":1,"href":"https:\/\/blogs.deia.eus\/anasagasti\/wp-json\/wp\/v2\/posts\/20516\/revisions"}],"predecessor-version":[{"id":20518,"href":"https:\/\/blogs.deia.eus\/anasagasti\/wp-json\/wp\/v2\/posts\/20516\/revisions\/20518"}],"wp:attachment":[{"href":"https:\/\/blogs.deia.eus\/anasagasti\/wp-json\/wp\/v2\/media?parent=20516"}],"wp:term":[{"taxonomy":"category","embeddable":true,"href":"https:\/\/blogs.deia.eus\/anasagasti\/wp-json\/wp\/v2\/categories?post=20516"},{"taxonomy":"post_tag","embeddable":true,"href":"https:\/\/blogs.deia.eus\/anasagasti\/wp-json\/wp\/v2\/tags?post=20516"}],"curies":[{"name":"wp","href":"https:\/\/api.w.org\/{rel}","templated":true}]}}