{"id":20519,"date":"2025-06-05T12:35:33","date_gmt":"2025-06-05T10:35:33","guid":{"rendered":"https:\/\/blogs.deia.eus\/anasagasti\/?p=20519"},"modified":"2025-06-05T12:35:34","modified_gmt":"2025-06-05T10:35:34","slug":"lo-importante-es-la-transmision","status":"publish","type":"post","link":"https:\/\/blogs.deia.eus\/anasagasti\/2025\/06\/05\/lo-importante-es-la-transmision\/","title":{"rendered":"LO IMPORTANTE ES LA TRANSMISI\u00d3N"},"content":{"rendered":"\n<p><strong>Jueves 5 de junio de 2025<\/strong><\/p>\n\n\n<div class=\"wp-block-image\">\n<figure class=\"aligncenter size-full is-resized\"><a href=\"https:\/\/blogs.deia.eus\/anasagasti\/files\/2025\/06\/Gerrako-umeak.jpg\"><img loading=\"lazy\" decoding=\"async\" width=\"133\" height=\"190\" src=\"https:\/\/blogs.deia.eus\/anasagasti\/files\/2025\/06\/Gerrako-umeak.jpg\" alt=\"\" class=\"wp-image-20520\" style=\"width:327px;height:auto\" \/><\/a><\/figure>\n<\/div>\n\n\n<p>Hoy d\u00eda mundal del Medio Ambiente he escuchado un comentario estremecedor, creo de un capuchino, sobre lo que est\u00e1 ocurriendo en la Amazonia, ante nuestras narices y sin que una autoridad mundial pare la destrucci\u00f3n del equilibrio mundial y de aquellas reservas. Pronto nos daremos cuenta. Lo ha explicado y contado fenomenalmente. Todav\u00eda hay gente en el mundo que se preocupa de los dem\u00e1s.<\/p>\n\n\n\n<p>He estado varios d\u00edas visitando la Feria del Libro en el Arenal. En la carpa de la Feria estuve en la presentaci\u00f3n del libro de F\u00e1tima D\u00edez sobre las \u201cMemorias de un Silencio\u201d centradas en la familia Aperribai, superviviente del bombardeo de Gernika y terminar\u00e9 el viernes asistiendo bajo la Carpa de las presentaciones a la del libro de Almudena Otaola \u201cEl Legado que Seremos\u201d, a las seis. Me parece muy bien que una pol\u00edtica del EAJ-PNV escriba. No es lo usual.<\/p>\n\n\n\n<p>Y ayer mi\u00e9rcoles tuve raci\u00f3n doble. Buena raci\u00f3n. La del veterano historiador \u00c1ngel Vi\u00f1as, a quien conoc\u00ed en Bruselas, hablando de sus investigaciones en archivos varios y de como le encargaron trabajar sobre \u201cEl Oro de Mosc\u00fa\u201d y el rastreo que tuvo que hacer. Su libro de llama \u201cLa Forja de un Historiador\u201d. A su lado, Xabier Irujo que tiene un pie en los Estados Unidos pero siempre que puede est\u00e1 por aqu\u00ed, presenta un libro o anima una actividad. Fue impresionante lo que nos cont\u00f3 de como llegaban ya muertos los prisioneros a los campos nazis de exterminio, frente a lo que creemos. All\u00ed los hac\u00edan desaparecer en los crematorios. No ten\u00eda ni idea y fue muy impresionante lo que cont\u00f3 llegando a emocionarse. No es para menos. Su libro \u201cLa Mec\u00e1nica del exterminio\u201d es un escalofriante y meticuloso an\u00e1lisis de los procedimientos para destruir vidas humanas en los campos de concentraci\u00f3n nazis llegando incluso a abrirles en canal por si guardaban joyas en su est\u00f3mago.<\/p>\n\n\n\n<p>Sal\u00eda del recinto cuando me invitaron a seguir escuchando la presentaci\u00f3n del libro de Alberto Bargos Cuc\u00f3, de Muskiz, sobre su libro en euskera que trata de los conocidos como \u201cNi\u00f1os de la Guerra\u201d. Eligi\u00f3 tres biograf\u00edas para narrar todas las vicisitudes que vivieron. L\u00f3gicamente el tema me interes\u00f3. Todav\u00eda vive la hermana de mi aita, Loli, quien con su hermana Paci estuvo en B\u00e9lgica. Asimismo en B\u00e9lgica fue acogida la hermana de mi ama Bego\u00f1a Olabeaga y mi suegro Joseba Solabarrieta. En Inglaterra mi suegra Esther Aznar con su hermano Santi. He tenido pues muy cerca a nada menos que seis \u201cni\u00f1os de la guerra\u201d narrando aquellas peripecias que vivieron. \u00a1C\u00f3mo tuvo que ser aquello tras el bombardeo de Gernika para que de un pueblo tan peque\u00f1o como el vasco, m\u00e1s de 4.500 ni\u00f1os tuvieron que huir pues sus padres ve\u00edan que iban a desaparecer bajo las bombas!. Fue el terror.<\/p>\n\n\n\n<p>A estos datos se le a\u00f1ad\u00eda una capacidad asombrosa de comunicaci\u00f3n y empat\u00eda sobre las tres historias del escritor del libro Alberto Bargos Cuc\u00f3 que me hicieron asistir a un rato muy agradable. \u00c9l lo resumi\u00f3 en la necesidad de transmitir a las nuevas generaciones todo lo sucedido. Desde luego con la capacidad de comunicaci\u00f3n de Alberto, eso ser\u00eda f\u00e1cil y negar\u00eda esa especie de que a la gente joven no le interesa lo ocurrido. Comprob\u00e9 ayer que depende de quien se lo cuente. Su sencillez, gesticulaci\u00f3n, y humor nos hicieron pasar un rato muy agradable a pesar de lo crudo e interesante de las historias que contaba.<\/p>\n\n\n\n<p>Una buena tarde. Hoy, el columnista de El Pa\u00eds Juan Cruz habla en la Biblioteca de Bidebarrieta de su libro \u201cSecreto y Pasi\u00f3n de la literatura\u201d. Es una buena cabeza. Tuve relaci\u00f3n con \u00e9l en los tiempos madrile\u00f1os. Sabe mucho. Lo recomiendo. Y ma\u00f1ana, Almudena Otaola.<\/p>\n<!-- AddThis Advanced Settings generic via filter on the_content --><!-- AddThis Share Buttons generic via filter on the_content -->","protected":false},"excerpt":{"rendered":"<p>Jueves 5 de junio de 2025 Hoy d\u00eda mundal del Medio Ambiente he escuchado un comentario estremecedor, creo de un capuchino, sobre lo que est\u00e1 ocurriendo en la Amazonia, ante nuestras narices y sin que una autoridad mundial pare la destrucci\u00f3n del equilibrio mundial y de aquellas reservas. Pronto nos daremos cuenta. Lo ha explicado &hellip; <a href=\"https:\/\/blogs.deia.eus\/anasagasti\/2025\/06\/05\/lo-importante-es-la-transmision\/\" class=\"more-link\">Sigue leyendo <span class=\"screen-reader-text\">LO IMPORTANTE ES LA TRANSMISI\u00d3N<\/span><\/a><!-- AddThis Advanced Settings generic via filter on get_the_excerpt --><!-- AddThis Share Buttons generic via filter on get_the_excerpt --><\/p>\n","protected":false},"author":19,"featured_media":0,"comment_status":"open","ping_status":"open","sticky":false,"template":"","format":"standard","meta":{"footnotes":""},"categories":[1],"tags":[],"class_list":["post-20519","post","type-post","status-publish","format-standard","hentry","category-general"],"_links":{"self":[{"href":"https:\/\/blogs.deia.eus\/anasagasti\/wp-json\/wp\/v2\/posts\/20519","targetHints":{"allow":["GET"]}}],"collection":[{"href":"https:\/\/blogs.deia.eus\/anasagasti\/wp-json\/wp\/v2\/posts"}],"about":[{"href":"https:\/\/blogs.deia.eus\/anasagasti\/wp-json\/wp\/v2\/types\/post"}],"author":[{"embeddable":true,"href":"https:\/\/blogs.deia.eus\/anasagasti\/wp-json\/wp\/v2\/users\/19"}],"replies":[{"embeddable":true,"href":"https:\/\/blogs.deia.eus\/anasagasti\/wp-json\/wp\/v2\/comments?post=20519"}],"version-history":[{"count":1,"href":"https:\/\/blogs.deia.eus\/anasagasti\/wp-json\/wp\/v2\/posts\/20519\/revisions"}],"predecessor-version":[{"id":20521,"href":"https:\/\/blogs.deia.eus\/anasagasti\/wp-json\/wp\/v2\/posts\/20519\/revisions\/20521"}],"wp:attachment":[{"href":"https:\/\/blogs.deia.eus\/anasagasti\/wp-json\/wp\/v2\/media?parent=20519"}],"wp:term":[{"taxonomy":"category","embeddable":true,"href":"https:\/\/blogs.deia.eus\/anasagasti\/wp-json\/wp\/v2\/categories?post=20519"},{"taxonomy":"post_tag","embeddable":true,"href":"https:\/\/blogs.deia.eus\/anasagasti\/wp-json\/wp\/v2\/tags?post=20519"}],"curies":[{"name":"wp","href":"https:\/\/api.w.org\/{rel}","templated":true}]}}