{"id":20525,"date":"2025-06-07T11:53:50","date_gmt":"2025-06-07T09:53:50","guid":{"rendered":"https:\/\/blogs.deia.eus\/anasagasti\/?p=20525"},"modified":"2025-06-07T11:53:51","modified_gmt":"2025-06-07T09:53:51","slug":"un-libro-bonito-el-legado-que-seremos","status":"publish","type":"post","link":"https:\/\/blogs.deia.eus\/anasagasti\/2025\/06\/07\/un-libro-bonito-el-legado-que-seremos\/","title":{"rendered":"UN LIBRO BONITO: \u201cEL LEGADO QUE SEREMOS\u201d"},"content":{"rendered":"\n<p><strong>S\u00e1bado 7 de junio de 2025<\/strong><\/p>\n\n\n<div class=\"wp-block-image\">\n<figure class=\"aligncenter size-full is-resized\"><a href=\"https:\/\/blogs.deia.eus\/anasagasti\/files\/2025\/06\/EL-LEGADO-QUE-SEREMOS.jpg\"><img loading=\"lazy\" decoding=\"async\" width=\"368\" height=\"464\" src=\"https:\/\/blogs.deia.eus\/anasagasti\/files\/2025\/06\/EL-LEGADO-QUE-SEREMOS.jpg\" alt=\"\" class=\"wp-image-20526\" style=\"width:464px;height:auto\" \/><\/a><\/figure>\n<\/div>\n\n\n<p>As\u00ed describi\u00f3 el presentador del libro de Almudena Otaola su libro \u201cEl legado que seremos\u201d presentado este viernes en la Carpa de la Feria del Libro en el Arenal de Bilbao. No son muchas las mujeres activas en pol\u00edtica que han escrito y escriben en los \u00faltimos tiempos. Ojal\u00e1 este libro de Almudena Otaola les anime a hacerlo.<\/p>\n\n\n\n<p>Almudena logr\u00f3 se llenase la carpa de lectores, amigos y familiares, cuesti\u00f3n \u00e9sta no f\u00e1cil ni habitual. Con su simpat\u00eda y cercan\u00eda logra que si escribe un relato sobre su saga familiar, la gente compre y lea este libro que sigue la vida de varias generaciones de una familia vasca, resaltando la importancia de la memoria y la transmisi\u00f3n de la identidad a lo largo del tiempo.<\/p>\n\n\n\n<p>Solo pude estar media hora ya que me tuve que ir a Gernika en el momento en el que Almudena contestaba las preguntas de su presentador qued\u00e1ndome con el inter\u00e9s de saber m\u00e1s del libro que compr\u00e9 y leer\u00e9 con atenci\u00f3n.<\/p>\n\n\n\n<p>En primera fila estaba el senador socialista Txema Oleaga con quien coincidi\u00f3 Almudena en su etapa de senadora. Vi tambi\u00e9n a Emilio Olabarria, los ex consejeros de Sanidad Jon Darp\u00f3n y Gotzone Sagardui, Izaskun Bilbao, I\u00f1aki Garc\u00eda Uribe, Mikel Arruabarrena, Ana Reka, Iker Merodio, Elisabete Pi\u00f1ol, y varios m\u00e1s que llenaban la carpa. \u201cSin memoria, repites errores\u201d fue un buen resumen de la necesidad de contar<\/p>\n<!-- AddThis Advanced Settings generic via filter on the_content --><!-- AddThis Share Buttons generic via filter on the_content -->","protected":false},"excerpt":{"rendered":"<p>S\u00e1bado 7 de junio de 2025 As\u00ed describi\u00f3 el presentador del libro de Almudena Otaola su libro \u201cEl legado que seremos\u201d presentado este viernes en la Carpa de la Feria del Libro en el Arenal de Bilbao. No son muchas las mujeres activas en pol\u00edtica que han escrito y escriben en los \u00faltimos tiempos. Ojal\u00e1 &hellip; <a href=\"https:\/\/blogs.deia.eus\/anasagasti\/2025\/06\/07\/un-libro-bonito-el-legado-que-seremos\/\" class=\"more-link\">Sigue leyendo <span class=\"screen-reader-text\">UN LIBRO BONITO: \u201cEL LEGADO QUE SEREMOS\u201d<\/span><\/a><!-- AddThis Advanced Settings generic via filter on get_the_excerpt --><!-- AddThis Share Buttons generic via filter on get_the_excerpt --><\/p>\n","protected":false},"author":19,"featured_media":0,"comment_status":"open","ping_status":"open","sticky":false,"template":"","format":"standard","meta":{"footnotes":""},"categories":[1],"tags":[],"class_list":["post-20525","post","type-post","status-publish","format-standard","hentry","category-general"],"_links":{"self":[{"href":"https:\/\/blogs.deia.eus\/anasagasti\/wp-json\/wp\/v2\/posts\/20525","targetHints":{"allow":["GET"]}}],"collection":[{"href":"https:\/\/blogs.deia.eus\/anasagasti\/wp-json\/wp\/v2\/posts"}],"about":[{"href":"https:\/\/blogs.deia.eus\/anasagasti\/wp-json\/wp\/v2\/types\/post"}],"author":[{"embeddable":true,"href":"https:\/\/blogs.deia.eus\/anasagasti\/wp-json\/wp\/v2\/users\/19"}],"replies":[{"embeddable":true,"href":"https:\/\/blogs.deia.eus\/anasagasti\/wp-json\/wp\/v2\/comments?post=20525"}],"version-history":[{"count":1,"href":"https:\/\/blogs.deia.eus\/anasagasti\/wp-json\/wp\/v2\/posts\/20525\/revisions"}],"predecessor-version":[{"id":20527,"href":"https:\/\/blogs.deia.eus\/anasagasti\/wp-json\/wp\/v2\/posts\/20525\/revisions\/20527"}],"wp:attachment":[{"href":"https:\/\/blogs.deia.eus\/anasagasti\/wp-json\/wp\/v2\/media?parent=20525"}],"wp:term":[{"taxonomy":"category","embeddable":true,"href":"https:\/\/blogs.deia.eus\/anasagasti\/wp-json\/wp\/v2\/categories?post=20525"},{"taxonomy":"post_tag","embeddable":true,"href":"https:\/\/blogs.deia.eus\/anasagasti\/wp-json\/wp\/v2\/tags?post=20525"}],"curies":[{"name":"wp","href":"https:\/\/api.w.org\/{rel}","templated":true}]}}