{"id":20528,"date":"2025-06-08T08:58:33","date_gmt":"2025-06-08T06:58:33","guid":{"rendered":"https:\/\/blogs.deia.eus\/anasagasti\/?p=20528"},"modified":"2025-06-08T08:59:44","modified_gmt":"2025-06-08T06:59:44","slug":"sede-himno-nombre-y-dia-de-una-nacion-llamada-euzkadi","status":"publish","type":"post","link":"https:\/\/blogs.deia.eus\/anasagasti\/2025\/06\/08\/sede-himno-nombre-y-dia-de-una-nacion-llamada-euzkadi\/","title":{"rendered":"SEDE, HIMNO, NOMBRE, Y D\u00cdA DE UNA NACI\u00d3N LLAMADA EUZKADI"},"content":{"rendered":"\n<p><strong>Domingo 8 de junio de 2025<\/strong><\/p>\n\n\n<div class=\"wp-block-image\">\n<figure class=\"aligncenter size-full\"><a href=\"https:\/\/blogs.deia.eus\/anasagasti\/files\/2025\/06\/Sabino-Arana_Diputado-001-1-1.jpg\"><img loading=\"lazy\" decoding=\"async\" width=\"454\" height=\"654\" src=\"https:\/\/blogs.deia.eus\/anasagasti\/files\/2025\/06\/Sabino-Arana_Diputado-001-1-1.jpg\" alt=\"\" class=\"wp-image-20530\" \/><\/a><\/figure>\n<\/div>\n\n\n<p>Nadie medianamente equilibrado pone en duda que para vivir la vida hay que mirar hacia adelante, pero para entenderla hay que mirar hacia atr\u00e1s, cosa que hoy en d\u00eda no est\u00e1 de moda.<\/p>\n\n\n\n<p>El Siglo XIX para los vascos fue una tragedia y un desastre. Tres guerras perdidas, una traici\u00f3n en Bergara, anulaci\u00f3n del r\u00e9gimen foral, imposici\u00f3n en pagar impuestos, servicio militar obligatorio, gobernadores civiles, la Gamazada, \u201dSi la fuerza causa estado, la fuerza es el derecho\u201d de C\u00e1novas. Una maravilla. En ese ambiente desolador de p\u00e9rdida total incluso del genio civil surge un joven de 28 a\u00f1os, el mismo que en un txakol\u00ed, les dice a sus oyentes que ya estaba bien y en Larrazabal enuncia un programa de recuperaci\u00f3n con valent\u00eda y sin circunloquios para poner pie en pared. Crea el EAJ-PNV, se presenta a las elecciones y resume su revoluci\u00f3n, ante aquella sociedad adormecida y comodona con siete palabras: \u201dEuzkadi es la Patria de los Vascos\u201d. Se llamaba Sabino Arna. Muere diez a\u00f1os despu\u00e9s dejando, \u201dno un partido, sino una provocaci\u00f3n, como un pararrayos mal puesto sobre un polvor\u00edn\u201d en palabras de su disc\u00edpulo Kiskitza. Y lo tiene todo tan claro que sabiendo que Euskal Herria exist\u00eda como una apelaci\u00f3n cultural, geogr\u00e1fica y ling\u00fc\u00edstica, innova pol\u00edticamente y hace la apuesta nacional de Euzkadi, con siete territorios, creando un neologismo euf\u00f3nico, Euzkadi con Z, y, en la c\u00e1rcel, escribe la letra a un Himno Nacional, porque de Naci\u00f3n vasca estamos hablando y no de Diputaciones.<\/p>\n\n\n\n<p><strong>CAPITALIDAD<\/strong><\/p>\n\n\n\n<p>Si se leen ustedes el art\u00edculo 5 de la Constituci\u00f3n espa\u00f1ola, ver\u00e1n que dice claramente que la capital de Espa\u00f1a es Madrid. Si leen usted el estatuto de Gernika ver\u00e1n en el art.4 que la designaci\u00f3n de la sede de las instituciones comunes de la CAV se har\u00e1 mediante ley del Parlamento Vasco. Solo ese dato refleja lo abierta que quedaron decisiones de nervio.<\/p>\n\n\n\n<p>Y eso fue lo que hicimos el viernes 23 de mayo de 1980. Fue la primera ley. Sede de las instituciones de la Comunidad Aut\u00f3noma Vasca. Siempre puesto el ojo en Iru\u00f1a, como capital definitiva de Euzkadi alg\u00fan d\u00eda. Con ese nombre.<\/p>\n\n\n\n<p>Si me permiten recordar, lo hago diciendo que no fue candidatura \u00fanica. Hubo cocina previa. El PNV gobernaba con la mayor\u00eda de un solo voto, en virtud de que HB no acud\u00eda a las instituciones, y esta decisi\u00f3n sobre la sede se discuti\u00f3 y dirimi\u00f3 en el seno de la Asamblea del PNV, que la traslad\u00f3 al Parlamento.<\/p>\n\n\n\n<p>Una serie de personas cre\u00edmos que a una peque\u00f1a naci\u00f3n que comenzaba a respirar institucionalmente le conven\u00eda una capital como Bilbao. Era m\u00e1s conocida, ten\u00eda m\u00e1s habitantes, era sede de bancos, empresas, astilleros, un superpuerto cercano, un aeropuerto transitado, y unos edificios p\u00fablicos adecuados, todo esto sin desdoro de Donostia y Gasteiz.<\/p>\n\n\n\n<p>Emilio Gevara que era el portavoz del PNV en el Parlamento y Diputado General de Araba, asumi\u00f3 la defensa de la sede alavesa como si de Perry Mason se tratara. Y nos dijo que Bilbao carec\u00eda de dichos edificios am\u00e9n de otras consideraciones rebatibles. Ante aquella argumentaci\u00f3n llevamos nosotros (Mitxel Unzueta, I\u00f1igo Agirre, Josu Bergara y yo) una lista de posibles ubicaciones. Ibaigane, residencia oficial del Lehendakari, el dep\u00f3sito Franco, sede del Parlamento una vez vaciado, la Hacienda de la Plaza El\u00edptica, sede del Departamento de Econom\u00eda y Hacienda, el seminario de Derio, sede del Gobierno vasco con una nueva construcci\u00f3n y aprovechando instalaciones, el palacio Artaza \u2026..Contrarrestamos con nombres la argumentaci\u00f3n efectista de Gevara, que era s\u00f3lida. Un comentarista escribi\u00f3 que los alaveses quer\u00edan llevar el gobierno a un geri\u00e1trico (Lakua) y los bizkainos a un Seminario. Los alaveses al Lehendakari a un Museo (Ajuria Enea) y los bizkainos al gobierno militar (el palacete estaba incautado). Los alaveses el Parlamento a un Instituto de Ense\u00f1anza Media (el Ramiro de Maeztu) y los bizkainos al Dep\u00f3sito Franco. \u2026.Cosas as\u00ed, dichas en un buen clima dial\u00e9ctico, al que se le a\u00f1ad\u00eda la debilidad de la conciencia nacional de Araba, en aquel momento, que ya ven\u00eda de tiempos de una Rep\u00fablica con Jos\u00e9 Luis Oriol al frente de una venenosa operaci\u00f3n anti estatutaria sacando a Araba del proyecto com\u00fan, contra un marco estatutario propio de los vascos como ocurri\u00f3 en Navarra. Era un serio argumento. Tambi\u00e9n el nuestro que dijimos que al castigo de cuarenta a\u00f1os sin Concierto para Gipuzkoa y Bizkaia, como \u201cprovincias traidoras\u201d por la dictadura, se le un\u00eda el mismo n\u00famero de diputados en el Parlamento, solo veinte, como Araba, triplicando Bizkaia su poblaci\u00f3n.<\/p>\n\n\n\n<p>Es preciso decir que al Lehendakari Garaikoetxea, natural de Iru\u00f1a, le asustaba la imagen del nacionalismo vasco unida al bizkaitarrismo y a Bilbao, que alimentaba la derecha navarra y tras una discusi\u00f3n argumentada, se acord\u00f3 fuera Gasteiz la sede de las instituciones vascas de la CAV hace ahora 45 a\u00f1os.<\/p>\n\n\n\n<p>En la actualidad la ubicaci\u00f3n de las oficinas centrales de 65 instituciones de todo tipo es que hay 34 en Vitoria-Gasteiz y 31 repartidas entre Bilbao, Donostia y otros Municipios, pero las principales est\u00e1n en Gasteiz. Asimismo y por acuerdo del Gobierno Vasco actual, en este 45 aniversario, se elevar\u00e1 en un 25% el canon de capitalidad para sufragar proyectos estrat\u00e9gicos para Gasteiz.<\/p>\n\n\n\n<p>Pasado el tiempo he de decir que fue una decisi\u00f3n acertada que ha logrado cohesionar tres territorios en espera del cuarto. Si alguien dice que mi destino no est\u00e1 ligado al tuyo, es como aquel que en un barco piensa que tu lado del bote se est\u00e1 hundiendo y el m\u00edo no. Estamos todos en el mismo bote y la mayor\u00eda remando juntos. Uno de los veteranos patriotas alaveses de los Aguirres me dijo: \u201dHab\u00e9is hecho bien en defender lo vuestro y aceptar el resultado. Todav\u00eda nos falta en Araba m\u00fasculo de pa\u00eds pero eso se ir\u00e1 haciendo lentamente, como la bechamel con los canelones\u201d.<\/p>\n\n\n\n<p><strong>LO PRIMERO QUE HICIERON<\/strong><\/p>\n\n\n\n<p>El primer gobierno vasco de nuestra historia, se eligi\u00f3 en Gernika el 7 de octubre de 1936. Circunstancias de guerra impidieron una elecci\u00f3n parlamentaria para aquel gobierno de concentraci\u00f3n donde estaban todos los partidos, PNV, PSE, ANV, PC y Republicanos, sin las derechas que estaban sublevadas. Y como el Lehendakari Agirre ten\u00eda obsesi\u00f3n por rendir cuentas, solo lo pudo hacer veinte a\u00f1os despu\u00e9s en el Congreso Mundial Vasco de 1956 en Par\u00eds. Y habl\u00f3 de ello. \u201dComenz\u00f3 la labor del Gobierno Vasco con su atenci\u00f3n fija en la guerra. Pero nac\u00eda un pa\u00eds y hab\u00eda que darle forma comenzando por los s\u00edmbolos, es decir, por los emblemas y la bandera. El d\u00eda 19 de octubre de 1936, despu\u00e9s del acuerdo un\u00e1nime del Gobierno de Euzkadi, se acord\u00f3 el emblema del gobierno y la bandera s\u00edmbolo de la nueva entidad. Asimismo, se acord\u00f3 el himno \u201cEuzko Abendaren Ererserkia\u201d que desde entonces fue ejecutado en todos los actos oficiales. El pa\u00eds estaba en marcha, y en ello tuvieron una participaci\u00f3n fundamental todos los Consejeros, de todas las ideolog\u00edas, que compon\u00edan el Gobierno Vasco.<\/p>\n\n\n\n<p><strong>EL HIMNO<\/strong><\/p>\n\n\n\n<p>En 1980, y ante un gobierno monocolor del PNV, el PSE no hizo honor a aquel acuerdo, pero nosotros s\u00ed y, habida cuenta que hab\u00eda sido anulado y reprimido por la dictadura, nada m\u00e1s ganada la guerra con apoyo nazi y fascista, lo planteamos como recuperaci\u00f3n de aquel acuerdo un\u00e1nime.<\/p>\n\n\n\n<p>Nos encontramos con un Garc\u00eda Damborenea que planteaba el \u201cDe Santurce a Bilbao\u201d y a una EE, el Gernikako Arbola. HB insinuaba el Eusko Gudariak, himno de los batallones del PNV en la guerra. No fue f\u00e1cil aprobarlo el 14 de abril de 1983 (aniversario de la Rep\u00fablica) y lo hicimos con el apoyo del CDS, pero sin letra. La letra, al haber sido escrita por Sabino Arana en la c\u00e1rcel, no se admit\u00eda. Y pasamos por el aro pero con el compromiso de plantear en breve su letra. Se argumentaban las menciones a Jaungoikoa, como si el Gernikako Arbola fuera un himno laico y no las tuviera, pero la diferencia era que la hab\u00eda escrito Iparraguirre y no Sabino, que naturalmente conoc\u00eda y respetaba el Gernikako, pero en su novaci\u00f3n nacional quiso romper totalmente con el pasado carlista. El \u201cGora ta Gora\u201d, seg\u00fan Karmelo Bernaola, es un gran Himno por su cadencia y su raigambre en la m\u00fasica popular del saludo a la bandera con m\u00fasica de Cleto de Zabala.<\/p>\n\n\n\n<p>Y es preciso repetir que el nombre Euskal Herria y el Gernikako fueron admitidos por la dictadura franquista y el nombre Euzkadi y el Himno \u201cGora ta Gora\u201d as\u00ed como la ikurri\u00f1a, perseguidos. Muy perseguidos. Lo mismo que el Aberri Eguna, instaurado en 1932 en recuerdo a Sabino Arana y su descubrimiento nacional que hab\u00eda sido celebrado, como d\u00eda de la Patria Vasca, por el partido socialista de 1937 a 1979, cuando se discuti\u00f3 el Estatuto de Gernika. Cosas de la oposici\u00f3n. Se olvidaron de lo que les hab\u00eda recordado el Lehendakari Agirre en dicho Congreso de Paris. \u201dAquella memorable sesi\u00f3n del Gobierno Vasco, con su impresionante unanimidad, quiso con su acuerdo tributar a Arana Goiri, maestros, ap\u00f3stol y m\u00e1rtir, un tributo de justicia y de agradecimiento, pues sin su doctrina, profundamente democr\u00e1tica y aut\u00e9nticamente cristiana, no hubiera sido posible que una brillante juventud educada en sus doctrinas y en su ejemplo tomara el fusil contra la dictadura violenta al lado del pueblo, aun cuando sus defensores, los atacantes, invocaran el nombre de Cristo\u201d.<\/p>\n\n\n\n<p>Har\u00eda bien Bildu en revisar la figura de Sabino Arana, enmarc\u00e1ndolo en su tiempo, y reconocer su visi\u00f3n nacional y la puesta en marcha de un proyecto de Naci\u00f3n y dejarse de ese antisabinianismo infantil y de garrafa cuando centra a Euzkadi solo en la CAV, sabiendo que Sabino Arana lo enunci\u00f3 para los siete territorios), la sustituye por una Euskal Herria permitida y cuando hasta ETA se llam\u00f3 Euzkadi ta Askatasuna, no Euskal Herria ta Askatasuna.<\/p>\n\n\n\n<p>Esta semana en un acto en Amorebieta, Tasio Erkizia, recordando a Jon Idigoras ha pedido un homenaje para \u201cChita\u201d como le llamaba Uzturre en confianza, ya que Idigoras hab\u00eda sido de EGI. Ped\u00eda el reconocimiento que ha tenido Pepe M\u00fagica. En breve el Gobierno Vasco homenajear\u00e1 al Lehendakari Garaikoetxea en un acto de reconocimiento justo y necesario. Honrar, honra. \u00bfPara cu\u00e1ndo el de Sabino Arana?. Porque lo de Euskal Herria, el Himno y el silencio a su obra solo obedece al infantilismo de haber dejado un instrumento nacional como es el EAJ-PNV.<\/p>\n\n\n\n<p>En cuando a la fiesta de la Comunidad, \u00a1Qu\u00e9 mejor que el 7 de octubre!, aniversario del primer estatuto de un gobierno vasco que tuvo hasta ej\u00e9rcito, moneda y pol\u00edtica exterior. Solo falta que culminen los intentos del Lehendakari Urkullu con la letra del himno y la festividad. Katea ez da eten.<\/p>\n<!-- AddThis Advanced Settings generic via filter on the_content --><!-- AddThis Share Buttons generic via filter on the_content -->","protected":false},"excerpt":{"rendered":"<p>Domingo 8 de junio de 2025 Nadie medianamente equilibrado pone en duda que para vivir la vida hay que mirar hacia adelante, pero para entenderla hay que mirar hacia atr\u00e1s, cosa que hoy en d\u00eda no est\u00e1 de moda. El Siglo XIX para los vascos fue una tragedia y un desastre. Tres guerras perdidas, una &hellip; <a href=\"https:\/\/blogs.deia.eus\/anasagasti\/2025\/06\/08\/sede-himno-nombre-y-dia-de-una-nacion-llamada-euzkadi\/\" class=\"more-link\">Sigue leyendo <span class=\"screen-reader-text\">SEDE, HIMNO, NOMBRE, Y D\u00cdA DE UNA NACI\u00d3N LLAMADA EUZKADI<\/span><\/a><!-- AddThis Advanced Settings generic via filter on get_the_excerpt --><!-- AddThis Share Buttons generic via filter on get_the_excerpt --><\/p>\n","protected":false},"author":19,"featured_media":0,"comment_status":"open","ping_status":"open","sticky":false,"template":"","format":"standard","meta":{"footnotes":""},"categories":[1],"tags":[],"class_list":["post-20528","post","type-post","status-publish","format-standard","hentry","category-general"],"_links":{"self":[{"href":"https:\/\/blogs.deia.eus\/anasagasti\/wp-json\/wp\/v2\/posts\/20528","targetHints":{"allow":["GET"]}}],"collection":[{"href":"https:\/\/blogs.deia.eus\/anasagasti\/wp-json\/wp\/v2\/posts"}],"about":[{"href":"https:\/\/blogs.deia.eus\/anasagasti\/wp-json\/wp\/v2\/types\/post"}],"author":[{"embeddable":true,"href":"https:\/\/blogs.deia.eus\/anasagasti\/wp-json\/wp\/v2\/users\/19"}],"replies":[{"embeddable":true,"href":"https:\/\/blogs.deia.eus\/anasagasti\/wp-json\/wp\/v2\/comments?post=20528"}],"version-history":[{"count":2,"href":"https:\/\/blogs.deia.eus\/anasagasti\/wp-json\/wp\/v2\/posts\/20528\/revisions"}],"predecessor-version":[{"id":20532,"href":"https:\/\/blogs.deia.eus\/anasagasti\/wp-json\/wp\/v2\/posts\/20528\/revisions\/20532"}],"wp:attachment":[{"href":"https:\/\/blogs.deia.eus\/anasagasti\/wp-json\/wp\/v2\/media?parent=20528"}],"wp:term":[{"taxonomy":"category","embeddable":true,"href":"https:\/\/blogs.deia.eus\/anasagasti\/wp-json\/wp\/v2\/categories?post=20528"},{"taxonomy":"post_tag","embeddable":true,"href":"https:\/\/blogs.deia.eus\/anasagasti\/wp-json\/wp\/v2\/tags?post=20528"}],"curies":[{"name":"wp","href":"https:\/\/api.w.org\/{rel}","templated":true}]}}