{"id":20533,"date":"2025-06-09T13:41:15","date_gmt":"2025-06-09T11:41:15","guid":{"rendered":"https:\/\/blogs.deia.eus\/anasagasti\/?p=20533"},"modified":"2025-06-09T13:41:16","modified_gmt":"2025-06-09T11:41:16","slug":"jai-alai-en-caracas-y-en-gernika","status":"publish","type":"post","link":"https:\/\/blogs.deia.eus\/anasagasti\/2025\/06\/09\/jai-alai-en-caracas-y-en-gernika\/","title":{"rendered":"JAI ALAI EN CARACAS Y EN GERNIKA"},"content":{"rendered":"\n<p><strong>Lunes 9 de junio de 2025<\/strong><\/p>\n\n\n<div class=\"wp-block-image\">\n<figure class=\"aligncenter size-full\"><a href=\"https:\/\/blogs.deia.eus\/anasagasti\/files\/2025\/06\/Caracas_Gernika_Jai-Alai-1.jpg\"><img loading=\"lazy\" decoding=\"async\" width=\"888\" height=\"596\" src=\"https:\/\/blogs.deia.eus\/anasagasti\/files\/2025\/06\/Caracas_Gernika_Jai-Alai-1.jpg\" alt=\"\" class=\"wp-image-20534\" srcset=\"https:\/\/blogs.deia.eus\/anasagasti\/files\/2025\/06\/Caracas_Gernika_Jai-Alai-1.jpg 888w, https:\/\/blogs.deia.eus\/anasagasti\/files\/2025\/06\/Caracas_Gernika_Jai-Alai-1-580x389.jpg 580w, https:\/\/blogs.deia.eus\/anasagasti\/files\/2025\/06\/Caracas_Gernika_Jai-Alai-1-768x515.jpg 768w\" sizes=\"auto, (max-width: 888px) 100vw, 888px\" \/><\/a><\/figure>\n<\/div>\n\n\n<p>Desde mi \u00e9poca en el Centro Vasco de Caracas no hab\u00eda visto un partido de cesta punta (Jai Alai) hasta el lunes pasado, cuando vi la apertura de la Liga de Naciones de cesta punta que organizaba la Federaci\u00f3n Internacional de Pelota Vasca (FIPV) as\u00ed como la clausura, el viernes con victoria masculina para Euzkadi y el subcampeonato en chicas muy j\u00f3venes y eficaces.<\/p>\n\n\n\n<p>Con un sonido malo, pero con una animaci\u00f3n impresionante, pues era la primera vez que jugaba Euzkadi como tal contra Espa\u00f1a, M\u00e9xico, Francia, Filipinas, USA\u2026Ha sido algo el\u00e9ctrico, nuevo, in\u00e9dito, hist\u00f3rico tras un nacimiento con forceps y a la entrega y gracias al papel jugado por Xavier Cazauvon, presidente de la Federaci\u00f3n Internacional de Pelota y de Joxemari Mitxelena, presidente de la Federaci\u00f3n vasca que hasta nos solt\u00f3 un emotivo bertso en la inauguraci\u00f3n.<\/p>\n\n\n\n<p>Les contaba a los que iba con ellos, en la puerta del precioso front\u00f3n de Gernika, (Pradera nos coment\u00f3 que siendo Diputado General lo adquiri\u00f3 por 250 millones de pesetas cuando la empresa entr\u00f3 en crisis) que los pelotaris que jugaban en Estados Unidos antes de aquella huelga que dio al traste con todo), como al volver a Euzkadi tras la temporada siempre pasaban los pelotaris por Caracas y ofrec\u00edan partidos en el gran front\u00f3n de Euskal Etxea, partidos que eran muy cotizados ya que eran un atractivo muy solicitado en la sociedad caraque\u00f1a. El primer saque incluso lo hac\u00eda el presidente de Venezuela Rafael Caldera.<\/p>\n\n\n\n<p>Estando contando esto me salud\u00f3 Tom\u00e1s Goyogana, el m\u00edtico puntista de la d\u00e9cada de los setenta, el zaguero de Markina, Con 84 a\u00f1os est\u00e1 como una rosa y casualmente me hizo varios comentarios de cuando pasaba por Caracas con el grupo de pelotaris, siendo aquellos partidos todo un espect\u00e1culo. Estuvo muy amable.<\/p>\n\n\n\n<p>Para m\u00ed fue volver a aquellos a\u00f1os con la gran noticia de que Euzkadi iba con su ikurri\u00f1a y si ganaba, se entonaba el Himno Vasco, que son\u00f3 maravillosamente, con toda solemnidad y respeto, me hizo mucha ilusi\u00f3n. Este pa\u00eds avanza.<\/p>\n\n\n\n<p>Al himno espa\u00f1ol le chiflaron con ganas. Estoy con Cazaubon cuando dice que o\u00edr un himno, sea del pa\u00eds que sea, merece respeto y se debe escuchar en silencio, porque en este caso lo importante era que los jugadores\/as vascos jugaban en un campeonato internacional, con el nombre de Euzkadi y la ikurri\u00f1a y adem\u00e1s ganamos.<\/p>\n\n\n\n<p>La Federaci\u00f3n ha demostrado gran capacidad de organizaci\u00f3n y deportiva. Ma\u00f1ana puede ser un referente en cuanto a formaci\u00f3n y capacitaci\u00f3n dentro de ciertas modalidades, pero tambi\u00e9n en otras en las cuales Euzkadi ha de aprender, por ejemplo, la de los frontenistas mexicanos, de los palistas argentinos, en el frontball. Se abre un mundo muy importante de posibilidades para ir avanzando y mejorando.<\/p>\n\n\n\n<p>Cazaubon en la apertura dijo que esta competici\u00f3n ten\u00eda que estar sustentada en tres pilares: la excelencia, la amistad y el respeto. Es lo que ha funcionado.<\/p>\n\n\n\n<p>Ojal\u00e1 se consolide un hito del que hemos de sentirnos orgullosos.<\/p>\n<!-- AddThis Advanced Settings generic via filter on the_content --><!-- AddThis Share Buttons generic via filter on the_content -->","protected":false},"excerpt":{"rendered":"<p>Lunes 9 de junio de 2025 Desde mi \u00e9poca en el Centro Vasco de Caracas no hab\u00eda visto un partido de cesta punta (Jai Alai) hasta el lunes pasado, cuando vi la apertura de la Liga de Naciones de cesta punta que organizaba la Federaci\u00f3n Internacional de Pelota Vasca (FIPV) as\u00ed como la clausura, el &hellip; <a href=\"https:\/\/blogs.deia.eus\/anasagasti\/2025\/06\/09\/jai-alai-en-caracas-y-en-gernika\/\" class=\"more-link\">Sigue leyendo <span class=\"screen-reader-text\">JAI ALAI EN CARACAS Y EN GERNIKA<\/span><\/a><!-- AddThis Advanced Settings generic via filter on get_the_excerpt --><!-- AddThis Share Buttons generic via filter on get_the_excerpt --><\/p>\n","protected":false},"author":19,"featured_media":0,"comment_status":"open","ping_status":"open","sticky":false,"template":"","format":"standard","meta":{"footnotes":""},"categories":[1],"tags":[],"class_list":["post-20533","post","type-post","status-publish","format-standard","hentry","category-general"],"_links":{"self":[{"href":"https:\/\/blogs.deia.eus\/anasagasti\/wp-json\/wp\/v2\/posts\/20533","targetHints":{"allow":["GET"]}}],"collection":[{"href":"https:\/\/blogs.deia.eus\/anasagasti\/wp-json\/wp\/v2\/posts"}],"about":[{"href":"https:\/\/blogs.deia.eus\/anasagasti\/wp-json\/wp\/v2\/types\/post"}],"author":[{"embeddable":true,"href":"https:\/\/blogs.deia.eus\/anasagasti\/wp-json\/wp\/v2\/users\/19"}],"replies":[{"embeddable":true,"href":"https:\/\/blogs.deia.eus\/anasagasti\/wp-json\/wp\/v2\/comments?post=20533"}],"version-history":[{"count":1,"href":"https:\/\/blogs.deia.eus\/anasagasti\/wp-json\/wp\/v2\/posts\/20533\/revisions"}],"predecessor-version":[{"id":20535,"href":"https:\/\/blogs.deia.eus\/anasagasti\/wp-json\/wp\/v2\/posts\/20533\/revisions\/20535"}],"wp:attachment":[{"href":"https:\/\/blogs.deia.eus\/anasagasti\/wp-json\/wp\/v2\/media?parent=20533"}],"wp:term":[{"taxonomy":"category","embeddable":true,"href":"https:\/\/blogs.deia.eus\/anasagasti\/wp-json\/wp\/v2\/categories?post=20533"},{"taxonomy":"post_tag","embeddable":true,"href":"https:\/\/blogs.deia.eus\/anasagasti\/wp-json\/wp\/v2\/tags?post=20533"}],"curies":[{"name":"wp","href":"https:\/\/api.w.org\/{rel}","templated":true}]}}