{"id":20537,"date":"2025-06-10T12:11:09","date_gmt":"2025-06-10T10:11:09","guid":{"rendered":"https:\/\/blogs.deia.eus\/anasagasti\/?p=20537"},"modified":"2025-06-10T12:11:10","modified_gmt":"2025-06-10T10:11:10","slug":"el-viernes-estara-el-hijo-sin-la-madre-te-esperamos","status":"publish","type":"post","link":"https:\/\/blogs.deia.eus\/anasagasti\/2025\/06\/10\/el-viernes-estara-el-hijo-sin-la-madre-te-esperamos\/","title":{"rendered":"EL VIERNES ESTAR\u00c1 EL HIJO SIN LA MADRE. TE ESPERAMOS"},"content":{"rendered":"\n<p><strong>Martes 10 de junio de 2025<\/strong><\/p>\n\n\n<div class=\"wp-block-image\">\n<figure class=\"aligncenter size-large is-resized\"><a href=\"https:\/\/blogs.deia.eus\/anasagasti\/files\/2025\/06\/Hijo-sin-la-madre.jpg\"><img loading=\"lazy\" decoding=\"async\" width=\"940\" height=\"1356\" src=\"https:\/\/blogs.deia.eus\/anasagasti\/files\/2025\/06\/Hijo-sin-la-madre-940x1356.jpg\" alt=\"\" class=\"wp-image-20538\" style=\"width:450px;height:auto\" srcset=\"https:\/\/blogs.deia.eus\/anasagasti\/files\/2025\/06\/Hijo-sin-la-madre-940x1356.jpg 940w, https:\/\/blogs.deia.eus\/anasagasti\/files\/2025\/06\/Hijo-sin-la-madre-580x837.jpg 580w, https:\/\/blogs.deia.eus\/anasagasti\/files\/2025\/06\/Hijo-sin-la-madre-768x1108.jpg 768w, https:\/\/blogs.deia.eus\/anasagasti\/files\/2025\/06\/Hijo-sin-la-madre.jpg 1032w\" sizes=\"auto, (max-width: 940px) 100vw, 940px\" \/><\/a><\/figure>\n<\/div>\n\n\n<p>Es un fragmento del cuadro de Picasso. Lo dice todo. A ello aludi\u00f3 Monika Aperribay cuando le preguntaron en la presentaci\u00f3n del libro, sobre la odisea de su familia tras el bombardeo de Gernika, en el Arenal. Su aita ten\u00eda ocho meses y su ama lo sac\u00f3 de la destrucci\u00f3n de la Villa en brazos.<\/p>\n\n\n\n<p>Es una imagen dura y poderosa. Pues bien. Emilio Aperribay, estar\u00e1 con su hija y F\u00e1tima Diez en la comida del viernes 13 en el batzoki de Larrazabal. No quedan muchos sobrevivientes de aquella tragedia nacional. Su ama falleci\u00f3 pero queda Emilio pidiendo se haga justicia y el gobierno espa\u00f1ol reconozca aquella masacre.<\/p>\n\n\n\n<p>Si te interesa, para la comida anual conmemorativa del discurso de Larrazabal de Sabino Arana (25 euros), puedes inscribirte o avisar que vas en: <a href=\"http:\/\/www.betikolagunak.org\">www.betikolagunak.org<\/a> o <a href=\"mailto:info@betikolagunak.org\">info@betikolagunak.org<\/a><\/p>\n<!-- AddThis Advanced Settings generic via filter on the_content --><!-- AddThis Share Buttons generic via filter on the_content -->","protected":false},"excerpt":{"rendered":"<p>Martes 10 de junio de 2025 Es un fragmento del cuadro de Picasso. Lo dice todo. A ello aludi\u00f3 Monika Aperribay cuando le preguntaron en la presentaci\u00f3n del libro, sobre la odisea de su familia tras el bombardeo de Gernika, en el Arenal. Su aita ten\u00eda ocho meses y su ama lo sac\u00f3 de la &hellip; <a href=\"https:\/\/blogs.deia.eus\/anasagasti\/2025\/06\/10\/el-viernes-estara-el-hijo-sin-la-madre-te-esperamos\/\" class=\"more-link\">Sigue leyendo <span class=\"screen-reader-text\">EL VIERNES ESTAR\u00c1 EL HIJO SIN LA MADRE. TE ESPERAMOS<\/span><\/a><!-- AddThis Advanced Settings generic via filter on get_the_excerpt --><!-- AddThis Share Buttons generic via filter on get_the_excerpt --><\/p>\n","protected":false},"author":19,"featured_media":0,"comment_status":"open","ping_status":"open","sticky":false,"template":"","format":"standard","meta":{"footnotes":""},"categories":[1],"tags":[],"class_list":["post-20537","post","type-post","status-publish","format-standard","hentry","category-general"],"_links":{"self":[{"href":"https:\/\/blogs.deia.eus\/anasagasti\/wp-json\/wp\/v2\/posts\/20537","targetHints":{"allow":["GET"]}}],"collection":[{"href":"https:\/\/blogs.deia.eus\/anasagasti\/wp-json\/wp\/v2\/posts"}],"about":[{"href":"https:\/\/blogs.deia.eus\/anasagasti\/wp-json\/wp\/v2\/types\/post"}],"author":[{"embeddable":true,"href":"https:\/\/blogs.deia.eus\/anasagasti\/wp-json\/wp\/v2\/users\/19"}],"replies":[{"embeddable":true,"href":"https:\/\/blogs.deia.eus\/anasagasti\/wp-json\/wp\/v2\/comments?post=20537"}],"version-history":[{"count":1,"href":"https:\/\/blogs.deia.eus\/anasagasti\/wp-json\/wp\/v2\/posts\/20537\/revisions"}],"predecessor-version":[{"id":20539,"href":"https:\/\/blogs.deia.eus\/anasagasti\/wp-json\/wp\/v2\/posts\/20537\/revisions\/20539"}],"wp:attachment":[{"href":"https:\/\/blogs.deia.eus\/anasagasti\/wp-json\/wp\/v2\/media?parent=20537"}],"wp:term":[{"taxonomy":"category","embeddable":true,"href":"https:\/\/blogs.deia.eus\/anasagasti\/wp-json\/wp\/v2\/categories?post=20537"},{"taxonomy":"post_tag","embeddable":true,"href":"https:\/\/blogs.deia.eus\/anasagasti\/wp-json\/wp\/v2\/tags?post=20537"}],"curies":[{"name":"wp","href":"https:\/\/api.w.org\/{rel}","templated":true}]}}