{"id":20540,"date":"2025-06-11T12:16:57","date_gmt":"2025-06-11T10:16:57","guid":{"rendered":"https:\/\/blogs.deia.eus\/anasagasti\/?p=20540"},"modified":"2025-06-11T12:16:58","modified_gmt":"2025-06-11T10:16:58","slug":"una-cancion-irlandesa","status":"publish","type":"post","link":"https:\/\/blogs.deia.eus\/anasagasti\/2025\/06\/11\/una-cancion-irlandesa\/","title":{"rendered":"UNA CANCI\u00d3N IRLANDESA"},"content":{"rendered":"\n<p><strong>Mi\u00e9rcoles 11 de junio de 2025<\/strong><\/p>\n\n\n<div class=\"wp-block-image\">\n<figure class=\"aligncenter size-full is-resized\"><a href=\"https:\/\/blogs.deia.eus\/anasagasti\/files\/2025\/06\/Bandera-irlandesa.jpg\"><img loading=\"lazy\" decoding=\"async\" width=\"559\" height=\"766\" src=\"https:\/\/blogs.deia.eus\/anasagasti\/files\/2025\/06\/Bandera-irlandesa.jpg\" alt=\"\" class=\"wp-image-20541\" style=\"width:359px;height:auto\" \/><\/a><\/figure>\n<\/div>\n\n\n<p>Estuve viendo ayer en ETB la pel\u00edcula \u201cUna canci\u00f3n irlandesa\u201d. Esa canci\u00f3n la cantaron tres veces. Tiene una melod\u00eda y una letra bonita. Se llama esa canci\u00f3n \u201cLos Campos de Athenry\u201d y es el himno nacional no oficial de Irlanda. En cualquier evento deportivo importante que involucre a un equipo irland\u00e9s la afici\u00f3n irlandesa\u00a0 canta los \u201cCampos de Athenry\u201d con voz potente y orgullosa.<\/p>\n\n\n\n<p>El himno irland\u00e9s es el Amhr\u00e1n na bh Fiann, en ga\u00e9lico. Himno nacional de Irlanda y de Irlanda del Norte. Tambi\u00e9n conocido por su traducci\u00f3n al ingl\u00e9s como A Soldiers Song (la Canci\u00f3n de un &nbsp;Soldado). Compuesto en 1907 es el himno nacional desde 1926 cuando reemplaz\u00f3 al himno no oficial God Save Ireland.<\/p>\n\n\n\n<p>En Venezuela ocurre otro tanto. El Himno Nacional es el Gloria al Bravo Pueblo y el popular El Alma Llanera. En Euzkadi pasa lo mismo. Nuestro Himno, que es ley desde 1983, se aprob\u00f3 en el Gobierno de Concentraci\u00f3n de Agirre en 1936 y se ratific\u00f3 el 14 de abril de 1983. Es el Euzko Abendaren Ereserkia, m\u00e1s conocido como el Gora ta Gora. El Himno popular es el Gernikako Arbola.<\/p>\n\n\n\n<p>Todos los himnos pueden convivir si hay madurez en la ciudadan\u00eda.<\/p>\n<!-- AddThis Advanced Settings generic via filter on the_content --><!-- AddThis Share Buttons generic via filter on the_content -->","protected":false},"excerpt":{"rendered":"<p>Mi\u00e9rcoles 11 de junio de 2025 Estuve viendo ayer en ETB la pel\u00edcula \u201cUna canci\u00f3n irlandesa\u201d. Esa canci\u00f3n la cantaron tres veces. Tiene una melod\u00eda y una letra bonita. Se llama esa canci\u00f3n \u201cLos Campos de Athenry\u201d y es el himno nacional no oficial de Irlanda. En cualquier evento deportivo importante que involucre a un &hellip; <a href=\"https:\/\/blogs.deia.eus\/anasagasti\/2025\/06\/11\/una-cancion-irlandesa\/\" class=\"more-link\">Sigue leyendo <span class=\"screen-reader-text\">UNA CANCI\u00d3N IRLANDESA<\/span><\/a><!-- AddThis Advanced Settings generic via filter on get_the_excerpt --><!-- AddThis Share Buttons generic via filter on get_the_excerpt --><\/p>\n","protected":false},"author":19,"featured_media":0,"comment_status":"open","ping_status":"open","sticky":false,"template":"","format":"standard","meta":{"footnotes":""},"categories":[1],"tags":[],"class_list":["post-20540","post","type-post","status-publish","format-standard","hentry","category-general"],"_links":{"self":[{"href":"https:\/\/blogs.deia.eus\/anasagasti\/wp-json\/wp\/v2\/posts\/20540","targetHints":{"allow":["GET"]}}],"collection":[{"href":"https:\/\/blogs.deia.eus\/anasagasti\/wp-json\/wp\/v2\/posts"}],"about":[{"href":"https:\/\/blogs.deia.eus\/anasagasti\/wp-json\/wp\/v2\/types\/post"}],"author":[{"embeddable":true,"href":"https:\/\/blogs.deia.eus\/anasagasti\/wp-json\/wp\/v2\/users\/19"}],"replies":[{"embeddable":true,"href":"https:\/\/blogs.deia.eus\/anasagasti\/wp-json\/wp\/v2\/comments?post=20540"}],"version-history":[{"count":1,"href":"https:\/\/blogs.deia.eus\/anasagasti\/wp-json\/wp\/v2\/posts\/20540\/revisions"}],"predecessor-version":[{"id":20542,"href":"https:\/\/blogs.deia.eus\/anasagasti\/wp-json\/wp\/v2\/posts\/20540\/revisions\/20542"}],"wp:attachment":[{"href":"https:\/\/blogs.deia.eus\/anasagasti\/wp-json\/wp\/v2\/media?parent=20540"}],"wp:term":[{"taxonomy":"category","embeddable":true,"href":"https:\/\/blogs.deia.eus\/anasagasti\/wp-json\/wp\/v2\/categories?post=20540"},{"taxonomy":"post_tag","embeddable":true,"href":"https:\/\/blogs.deia.eus\/anasagasti\/wp-json\/wp\/v2\/tags?post=20540"}],"curies":[{"name":"wp","href":"https:\/\/api.w.org\/{rel}","templated":true}]}}