{"id":20543,"date":"2025-06-12T11:45:31","date_gmt":"2025-06-12T09:45:31","guid":{"rendered":"https:\/\/blogs.deia.eus\/anasagasti\/?p=20543"},"modified":"2025-06-12T11:45:31","modified_gmt":"2025-06-12T09:45:31","slug":"jose-enrique-serrano-de-los-pocos-que-quedaban","status":"publish","type":"post","link":"https:\/\/blogs.deia.eus\/anasagasti\/2025\/06\/12\/jose-enrique-serrano-de-los-pocos-que-quedaban\/","title":{"rendered":"JOS\u00c9 ENRIQUE SERRANO, DE LOS POCOS QUE QUEDABAN"},"content":{"rendered":"\n<p><strong>Jueves 12 de junio de 2025<\/strong><\/p>\n\n\n<div class=\"wp-block-image\">\n<figure class=\"aligncenter size-full is-resized\"><a href=\"https:\/\/blogs.deia.eus\/anasagasti\/files\/2025\/06\/Joscee-Enrique-Serrano.jpg\"><img loading=\"lazy\" decoding=\"async\" width=\"201\" height=\"251\" src=\"https:\/\/blogs.deia.eus\/anasagasti\/files\/2025\/06\/Joscee-Enrique-Serrano.jpg\" alt=\"\" class=\"wp-image-20544\" style=\"width:385px;height:auto\" \/><\/a><\/figure>\n<\/div>\n\n\n<p>Ha fallecido Jos\u00e9 Enrique Serrano, socialista, profesor del Derecho del Trabajo, quien fuera jefe de gabinete de Felipe Gonz\u00e1lez, Rodr\u00edguez Zapatero y Pedro S\u00e1nchez al principio. Mejor le hubiera ido a \u00e9ste haberlo conservado. Trabaj\u00f3 con Joaqu\u00edn Almunia y P\u00e9rez Rubalcaba. Lo sab\u00eda todo de la pol\u00edtica espa\u00f1ola.<\/p>\n\n\n\n<p>Y era adem\u00e1s, en aquel gran circo, un &nbsp;caballero de la pol\u00edtica, un buen gestor, discreto, serio, solvente, dem\u00f3crata y no usando su inmenso poder para aplastar a la gente como es lo que ahora se estila. Le conoc\u00ed en Moncloa, como diputado y en un viaje a Per\u00fa. Una semana. Hablamos de todo. Comimos ceviche. Visitamos la Plaza Bol\u00edvar, Miraflores, admiramos miradores, analizamos la pol\u00edtica peruana, espa\u00f1ola, vasca, todo lo analizable en clave de desatasque y qued\u00f3 un enlace permanente.<\/p>\n\n\n\n<p>En Navidades, nos carteamos. Terminaba dici\u00e9ndome: \u201cApenas ocho o diez d\u00edas despu\u00e9s de volver de Per\u00fa tuve una crisis de salud que ocho a\u00f1os despu\u00e9s pesa bastante. Y cada vez que lo cuento, tu imagen forma parte del relato\u2026Seguro que fue el ceviche. Me alegro de esta buena relaci\u00f3n y ver la vida con la perspectiva de una experiencia que vale poco para algunos pero para nosotros es invalorable.<\/p>\n\n\n\n<p>Me imagino sigues teniendo la casa llena de cachivaches. Yo estoy a punto de que me hagan una pira con tanta papeler\u00eda. Lo dicho, aguante, salud, buen humor y ver los toros desde la barrera sin dejar de chillar al torero\u00bb.<\/p>\n\n\n\n<p>Buen consejo, en todo. Lamento mucho este fallecimiento.<\/p>\n<!-- AddThis Advanced Settings generic via filter on the_content --><!-- AddThis Share Buttons generic via filter on the_content -->","protected":false},"excerpt":{"rendered":"<p>Jueves 12 de junio de 2025 Ha fallecido Jos\u00e9 Enrique Serrano, socialista, profesor del Derecho del Trabajo, quien fuera jefe de gabinete de Felipe Gonz\u00e1lez, Rodr\u00edguez Zapatero y Pedro S\u00e1nchez al principio. Mejor le hubiera ido a \u00e9ste haberlo conservado. Trabaj\u00f3 con Joaqu\u00edn Almunia y P\u00e9rez Rubalcaba. Lo sab\u00eda todo de la pol\u00edtica espa\u00f1ola. Y &hellip; <a href=\"https:\/\/blogs.deia.eus\/anasagasti\/2025\/06\/12\/jose-enrique-serrano-de-los-pocos-que-quedaban\/\" class=\"more-link\">Sigue leyendo <span class=\"screen-reader-text\">JOS\u00c9 ENRIQUE SERRANO, DE LOS POCOS QUE QUEDABAN<\/span><\/a><!-- AddThis Advanced Settings generic via filter on get_the_excerpt --><!-- AddThis Share Buttons generic via filter on get_the_excerpt --><\/p>\n","protected":false},"author":19,"featured_media":0,"comment_status":"open","ping_status":"open","sticky":false,"template":"","format":"standard","meta":{"footnotes":""},"categories":[1],"tags":[],"class_list":["post-20543","post","type-post","status-publish","format-standard","hentry","category-general"],"_links":{"self":[{"href":"https:\/\/blogs.deia.eus\/anasagasti\/wp-json\/wp\/v2\/posts\/20543","targetHints":{"allow":["GET"]}}],"collection":[{"href":"https:\/\/blogs.deia.eus\/anasagasti\/wp-json\/wp\/v2\/posts"}],"about":[{"href":"https:\/\/blogs.deia.eus\/anasagasti\/wp-json\/wp\/v2\/types\/post"}],"author":[{"embeddable":true,"href":"https:\/\/blogs.deia.eus\/anasagasti\/wp-json\/wp\/v2\/users\/19"}],"replies":[{"embeddable":true,"href":"https:\/\/blogs.deia.eus\/anasagasti\/wp-json\/wp\/v2\/comments?post=20543"}],"version-history":[{"count":1,"href":"https:\/\/blogs.deia.eus\/anasagasti\/wp-json\/wp\/v2\/posts\/20543\/revisions"}],"predecessor-version":[{"id":20545,"href":"https:\/\/blogs.deia.eus\/anasagasti\/wp-json\/wp\/v2\/posts\/20543\/revisions\/20545"}],"wp:attachment":[{"href":"https:\/\/blogs.deia.eus\/anasagasti\/wp-json\/wp\/v2\/media?parent=20543"}],"wp:term":[{"taxonomy":"category","embeddable":true,"href":"https:\/\/blogs.deia.eus\/anasagasti\/wp-json\/wp\/v2\/categories?post=20543"},{"taxonomy":"post_tag","embeddable":true,"href":"https:\/\/blogs.deia.eus\/anasagasti\/wp-json\/wp\/v2\/tags?post=20543"}],"curies":[{"name":"wp","href":"https:\/\/api.w.org\/{rel}","templated":true}]}}