{"id":20546,"date":"2025-06-13T11:10:28","date_gmt":"2025-06-13T09:10:28","guid":{"rendered":"https:\/\/blogs.deia.eus\/anasagasti\/?p=20546"},"modified":"2025-06-13T11:10:28","modified_gmt":"2025-06-13T09:10:28","slug":"robo-personal-o-financiacion-de-partido","status":"publish","type":"post","link":"https:\/\/blogs.deia.eus\/anasagasti\/2025\/06\/13\/robo-personal-o-financiacion-de-partido\/","title":{"rendered":"\u00bfROBO PERSONAL O FINANCIACI\u00d3N DE PARTIDO?"},"content":{"rendered":"\n<p><strong>Viernes 13 de junio de 2025<\/strong><\/p>\n\n\n<div class=\"wp-block-image\">\n<figure class=\"aligncenter size-large\"><a href=\"https:\/\/blogs.deia.eus\/anasagasti\/files\/2025\/06\/Koldo-Garcia-y-Abalos.jpg\"><img loading=\"lazy\" decoding=\"async\" width=\"940\" height=\"649\" src=\"https:\/\/blogs.deia.eus\/anasagasti\/files\/2025\/06\/Koldo-Garcia-y-Abalos-940x649.jpg\" alt=\"\" class=\"wp-image-20547\" srcset=\"https:\/\/blogs.deia.eus\/anasagasti\/files\/2025\/06\/Koldo-Garcia-y-Abalos-940x649.jpg 940w, https:\/\/blogs.deia.eus\/anasagasti\/files\/2025\/06\/Koldo-Garcia-y-Abalos-580x401.jpg 580w, https:\/\/blogs.deia.eus\/anasagasti\/files\/2025\/06\/Koldo-Garcia-y-Abalos-768x531.jpg 768w, https:\/\/blogs.deia.eus\/anasagasti\/files\/2025\/06\/Koldo-Garcia-y-Abalos.jpg 977w\" sizes=\"auto, (max-width: 940px) 100vw, 940px\" \/><\/a><\/figure>\n<\/div>\n\n\n<p>Falta en esa foto Santos Cerd\u00e1n. El tr\u00edo de la bencina del PSOE desgraciadamente de moda.<\/p>\n\n\n\n<p>Ante la comparecencia ayer del presidente S\u00e1nchez para pedir hasta 8 veces perd\u00f3n, alguna consideraci\u00f3n.<\/p>\n\n\n\n<p>1.- Tuvo reflejos en hacerlo en horas. Un d\u00eda m\u00e1s y todo ser\u00eda distinto. Me extra\u00f1\u00f3 que diera por bueno el informe de la UCO, de la sospechosa UCO, sobre las escuchas y los posibles delitos y condenara a Santos Cerd\u00e1n, con quien hab\u00eda trabajado codo con codo, a la expulsi\u00f3n. \u00a1Cual no habr\u00e1 sido la presi\u00f3n de imagen para pasarse la presunci\u00f3n de inocencia por el arco del triunfo!.<\/p>\n\n\n\n<p>Y no me creo no supiera nada. A \u00c1balos lo apart\u00f3 por algo y de Santos Cerd\u00e1n, trabajando codo con codo, algo deber\u00eda haber sospechado. No me creo su ignorancia.<\/p>\n\n\n\n<p>2.- Dijo que har\u00eda una Auditoria extraordinaria exterior. La ten\u00eda que haber hecho antes. Ha fallado in vigilando.<\/p>\n\n\n\n<p>3.- A los que pusieron la mano sobre el fuego en favor de Cerd\u00e1n tendr\u00e1n que llevarles a la unidad de grandes quemados. La cara de cemento de este se\u00f1or ayer mismo en el esca\u00f1o y en el pasillo diciendo que de eso nada de nada es para llevarle como actor a una pel\u00edcula de jugadores de naipes.<\/p>\n\n\n\n<p>4.- La situaci\u00f3n del PSOE es mala pero la alternativa PP-Vox, con todo lo \u00faltimo ocurrido contra el euskera es mil veces peor. Y hay que recordar la foto de N\u00fa\u00f1ez Feij\u00f3o con el narco Marcial Dorado.<\/p>\n\n\n\n<p>5.- La clave aqu\u00ed es si hay sentencia condenatoria no a personas sino al PSOE. Ser\u00eda parecido al PP de Rajoy con la G\u00fcrtel y de momento eso no se ha producido.<\/p>\n\n\n\n<p>6.- Se llega a esto si apuestas por lumpen pol\u00edtico, sin valores, ni convicciones, con conductas privadas deleznables y con gente cogida a lazo sin una&nbsp; trayectoria m\u00ednima.<\/p>\n\n\n\n<p>7.- Se habla de los corrompidos pero nada de las empresas y empresarios corruptores todos ellos del PP.<\/p>\n\n\n\n<p>8.- Felipe Gonz\u00e1lez dice que su candidato es Eduardo Madina. Muy bien. Pero para que sea algo tiene que haber elecciones pues Madina no es diputado y si hay elecciones las gana PP-Vox. \u00bfEs lo que quieren?.<\/p>\n\n\n\n<p>\u00bfRobo personal o financiaci\u00f3n de Partido?.<\/p>\n\n\n\n<p>Esa es la clave para una actuaci\u00f3n.<\/p>\n<!-- AddThis Advanced Settings generic via filter on the_content --><!-- AddThis Share Buttons generic via filter on the_content -->","protected":false},"excerpt":{"rendered":"<p>Viernes 13 de junio de 2025 Falta en esa foto Santos Cerd\u00e1n. El tr\u00edo de la bencina del PSOE desgraciadamente de moda. Ante la comparecencia ayer del presidente S\u00e1nchez para pedir hasta 8 veces perd\u00f3n, alguna consideraci\u00f3n. 1.- Tuvo reflejos en hacerlo en horas. Un d\u00eda m\u00e1s y todo ser\u00eda distinto. Me extra\u00f1\u00f3 que diera &hellip; <a href=\"https:\/\/blogs.deia.eus\/anasagasti\/2025\/06\/13\/robo-personal-o-financiacion-de-partido\/\" class=\"more-link\">Sigue leyendo <span class=\"screen-reader-text\">\u00bfROBO PERSONAL O FINANCIACI\u00d3N DE PARTIDO?<\/span><\/a><!-- AddThis Advanced Settings generic via filter on get_the_excerpt --><!-- AddThis Share Buttons generic via filter on get_the_excerpt --><\/p>\n","protected":false},"author":19,"featured_media":0,"comment_status":"open","ping_status":"open","sticky":false,"template":"","format":"standard","meta":{"footnotes":""},"categories":[1],"tags":[],"class_list":["post-20546","post","type-post","status-publish","format-standard","hentry","category-general"],"_links":{"self":[{"href":"https:\/\/blogs.deia.eus\/anasagasti\/wp-json\/wp\/v2\/posts\/20546","targetHints":{"allow":["GET"]}}],"collection":[{"href":"https:\/\/blogs.deia.eus\/anasagasti\/wp-json\/wp\/v2\/posts"}],"about":[{"href":"https:\/\/blogs.deia.eus\/anasagasti\/wp-json\/wp\/v2\/types\/post"}],"author":[{"embeddable":true,"href":"https:\/\/blogs.deia.eus\/anasagasti\/wp-json\/wp\/v2\/users\/19"}],"replies":[{"embeddable":true,"href":"https:\/\/blogs.deia.eus\/anasagasti\/wp-json\/wp\/v2\/comments?post=20546"}],"version-history":[{"count":1,"href":"https:\/\/blogs.deia.eus\/anasagasti\/wp-json\/wp\/v2\/posts\/20546\/revisions"}],"predecessor-version":[{"id":20548,"href":"https:\/\/blogs.deia.eus\/anasagasti\/wp-json\/wp\/v2\/posts\/20546\/revisions\/20548"}],"wp:attachment":[{"href":"https:\/\/blogs.deia.eus\/anasagasti\/wp-json\/wp\/v2\/media?parent=20546"}],"wp:term":[{"taxonomy":"category","embeddable":true,"href":"https:\/\/blogs.deia.eus\/anasagasti\/wp-json\/wp\/v2\/categories?post=20546"},{"taxonomy":"post_tag","embeddable":true,"href":"https:\/\/blogs.deia.eus\/anasagasti\/wp-json\/wp\/v2\/tags?post=20546"}],"curies":[{"name":"wp","href":"https:\/\/api.w.org\/{rel}","templated":true}]}}