{"id":20549,"date":"2025-06-14T12:56:36","date_gmt":"2025-06-14T10:56:36","guid":{"rendered":"https:\/\/blogs.deia.eus\/anasagasti\/?p=20549"},"modified":"2025-06-14T12:56:36","modified_gmt":"2025-06-14T10:56:36","slug":"la-explicacion-del-por-que-el-gobierno-espanol-apoya-a-maduro","status":"publish","type":"post","link":"https:\/\/blogs.deia.eus\/anasagasti\/2025\/06\/14\/la-explicacion-del-por-que-el-gobierno-espanol-apoya-a-maduro\/","title":{"rendered":"LA EXPLICACI\u00d3N DEL POR QU\u00c9 EL GOBIERNO ESPA\u00d1OL APOYA A MADURO"},"content":{"rendered":"\n<p><strong>S\u00e1bado 14 de junio de 2025<\/strong><\/p>\n\n\n<div class=\"wp-block-image\">\n<figure class=\"aligncenter size-large is-resized\"><a href=\"https:\/\/blogs.deia.eus\/anasagasti\/files\/2025\/06\/Declaraciones-Guaido.jpg\"><img loading=\"lazy\" decoding=\"async\" width=\"940\" height=\"1460\" src=\"https:\/\/blogs.deia.eus\/anasagasti\/files\/2025\/06\/Declaraciones-Guaido-940x1460.jpg\" alt=\"\" class=\"wp-image-20551\" style=\"width:444px;height:auto\" srcset=\"https:\/\/blogs.deia.eus\/anasagasti\/files\/2025\/06\/Declaraciones-Guaido-940x1460.jpg 940w, https:\/\/blogs.deia.eus\/anasagasti\/files\/2025\/06\/Declaraciones-Guaido-580x901.jpg 580w, https:\/\/blogs.deia.eus\/anasagasti\/files\/2025\/06\/Declaraciones-Guaido-768x1193.jpg 768w, https:\/\/blogs.deia.eus\/anasagasti\/files\/2025\/06\/Declaraciones-Guaido-989x1536.jpg 989w, https:\/\/blogs.deia.eus\/anasagasti\/files\/2025\/06\/Declaraciones-Guaido.jpg 1080w\" sizes=\"auto, (max-width: 940px) 100vw, 940px\" \/><\/a><\/figure>\n<\/div>\n\n\n<p>Coincid\u00ed en el Congreso con Pedro S\u00e1nchez\u00a0 en Comisi\u00f3n. Hablamos mucho sobre Venezuela.<\/p>\n\n\n\n<p>Era beligerantemente antichavista. Lleg\u00f3 a la presidencia y, su inacci\u00f3n, blinda a Maduro, cuando el gobierno espa\u00f1ol ten\u00eda que haber sido el m\u00e1s beligerante en defensa de los derechos humanos. El golpe de estado de Hugo Ch\u00e1vez se lo dio a Carlos Andr\u00e9s P\u00e9rez, miembro de la Internacional Socialista.<\/p>\n\n\n\n<p>S\u00e1nchez no estuvo a la altura&nbsp; de un comportamiento pol\u00edtico democr\u00e1tico con el presidente de la Asamblea Juan Guaid\u00f3 y en lugar de hacer caso a Felipe Gonz\u00e1lez se lo hizo a Rodr\u00edguez Zapatero que ha sido una tragedia para Venezuela. Su embajador Ra\u00fal Morodo ha sido condenado por corrupci\u00f3n. Hoy es el d\u00eda en el que el ex presidente Zapatero no ha reconocido la victoria de&nbsp; Gonz\u00e1lez Urrutia y S\u00e1nchez no ha reconocido al presidente.<\/p>\n\n\n\n<p>Y como el tiempo pone las cosas en su sitio y el mar deja en la orilla sus cad\u00e1veres, estos comienzan a aflorar. Juan Guaid\u00f3 lo ha escrito as\u00ed:<\/p>\n\n\n\n<p><em>\u201cEsto explica por qu\u00e9 S\u00e1nchez no me recibi\u00f3 en 2020, por qu\u00e9 sabote\u00f3 el Grupo de Lima y por qu\u00e9 eligi\u00f3 acercarse a Maduro.<\/em><\/p>\n\n\n\n<p><em>No les interesaba la democracia en Venezuela. Lo que buscaban era un \u201cpelotazo\u201d.<\/em><\/p>\n\n\n\n<p><em>Y parece que con Delcy y la dictadura lo encontraron\u201d<\/em><\/p>\n<!-- AddThis Advanced Settings generic via filter on the_content --><!-- AddThis Share Buttons generic via filter on the_content -->","protected":false},"excerpt":{"rendered":"<p>S\u00e1bado 14 de junio de 2025 Coincid\u00ed en el Congreso con Pedro S\u00e1nchez\u00a0 en Comisi\u00f3n. Hablamos mucho sobre Venezuela. Era beligerantemente antichavista. Lleg\u00f3 a la presidencia y, su inacci\u00f3n, blinda a Maduro, cuando el gobierno espa\u00f1ol ten\u00eda que haber sido el m\u00e1s beligerante en defensa de los derechos humanos. El golpe de estado de Hugo &hellip; <a href=\"https:\/\/blogs.deia.eus\/anasagasti\/2025\/06\/14\/la-explicacion-del-por-que-el-gobierno-espanol-apoya-a-maduro\/\" class=\"more-link\">Sigue leyendo <span class=\"screen-reader-text\">LA EXPLICACI\u00d3N DEL POR QU\u00c9 EL GOBIERNO ESPA\u00d1OL APOYA A MADURO<\/span><\/a><!-- AddThis Advanced Settings generic via filter on get_the_excerpt --><!-- AddThis Share Buttons generic via filter on get_the_excerpt --><\/p>\n","protected":false},"author":19,"featured_media":0,"comment_status":"open","ping_status":"open","sticky":false,"template":"","format":"standard","meta":{"footnotes":""},"categories":[1],"tags":[],"class_list":["post-20549","post","type-post","status-publish","format-standard","hentry","category-general"],"_links":{"self":[{"href":"https:\/\/blogs.deia.eus\/anasagasti\/wp-json\/wp\/v2\/posts\/20549","targetHints":{"allow":["GET"]}}],"collection":[{"href":"https:\/\/blogs.deia.eus\/anasagasti\/wp-json\/wp\/v2\/posts"}],"about":[{"href":"https:\/\/blogs.deia.eus\/anasagasti\/wp-json\/wp\/v2\/types\/post"}],"author":[{"embeddable":true,"href":"https:\/\/blogs.deia.eus\/anasagasti\/wp-json\/wp\/v2\/users\/19"}],"replies":[{"embeddable":true,"href":"https:\/\/blogs.deia.eus\/anasagasti\/wp-json\/wp\/v2\/comments?post=20549"}],"version-history":[{"count":1,"href":"https:\/\/blogs.deia.eus\/anasagasti\/wp-json\/wp\/v2\/posts\/20549\/revisions"}],"predecessor-version":[{"id":20552,"href":"https:\/\/blogs.deia.eus\/anasagasti\/wp-json\/wp\/v2\/posts\/20549\/revisions\/20552"}],"wp:attachment":[{"href":"https:\/\/blogs.deia.eus\/anasagasti\/wp-json\/wp\/v2\/media?parent=20549"}],"wp:term":[{"taxonomy":"category","embeddable":true,"href":"https:\/\/blogs.deia.eus\/anasagasti\/wp-json\/wp\/v2\/categories?post=20549"},{"taxonomy":"post_tag","embeddable":true,"href":"https:\/\/blogs.deia.eus\/anasagasti\/wp-json\/wp\/v2\/tags?post=20549"}],"curies":[{"name":"wp","href":"https:\/\/api.w.org\/{rel}","templated":true}]}}