{"id":20553,"date":"2025-06-15T08:47:28","date_gmt":"2025-06-15T06:47:28","guid":{"rendered":"https:\/\/blogs.deia.eus\/anasagasti\/?p=20553"},"modified":"2025-06-15T08:47:28","modified_gmt":"2025-06-15T06:47:28","slug":"maria-corina-machado-y-edmundo-gonzalez-se-unen-al-duelo-por-muerte-de-la-expresidenta-violeta-chamorro","status":"publish","type":"post","link":"https:\/\/blogs.deia.eus\/anasagasti\/2025\/06\/15\/maria-corina-machado-y-edmundo-gonzalez-se-unen-al-duelo-por-muerte-de-la-expresidenta-violeta-chamorro\/","title":{"rendered":"Mar\u00eda Corina Machado y Edmundo Gonz\u00e1lez se unen al duelo por muerte de la expresidenta Violeta Chamorro"},"content":{"rendered":"\n<p><strong>Domingo 15 de junio de 2025<\/strong><\/p>\n\n\n<div class=\"wp-block-image\">\n<figure class=\"aligncenter size-full\"><a href=\"https:\/\/blogs.deia.eus\/anasagasti\/files\/2025\/06\/Violeta-Chamorro.jpg\"><img loading=\"lazy\" decoding=\"async\" width=\"924\" height=\"768\" src=\"https:\/\/blogs.deia.eus\/anasagasti\/files\/2025\/06\/Violeta-Chamorro.jpg\" alt=\"\" class=\"wp-image-20554\" srcset=\"https:\/\/blogs.deia.eus\/anasagasti\/files\/2025\/06\/Violeta-Chamorro.jpg 924w, https:\/\/blogs.deia.eus\/anasagasti\/files\/2025\/06\/Violeta-Chamorro-580x482.jpg 580w, https:\/\/blogs.deia.eus\/anasagasti\/files\/2025\/06\/Violeta-Chamorro-768x638.jpg 768w\" sizes=\"auto, (max-width: 924px) 100vw, 924px\" \/><\/a><\/figure>\n<\/div>\n\n\n<p><em>Para los l\u00edderes opositores, el legado de Chamorro \u00abrecuerda la importancia de defender la verdad con firmeza y los principios con coraje\u00bb<\/em><\/p>\n\n\n\n<p>Los l\u00edderes opositores Mar\u00eda Corina Machado y Edmundo Gonz\u00e1lez enviaron este s\u00e1bado, 14 de junio, sus condolencias a la familia de la expresidenta de Nicaragua, Violeta Barrios de Chamorro, quien falleci\u00f3 hoy en Costa Rica a los 95 a\u00f1os, informaron sus hijos.<\/p>\n\n\n\n<p>\u00abA todo el pueblo nicarag\u00fcense, y en especial a Pedro, Claudia, Carlos, Cristiana y todos los miembros de la familia Chamorro,&nbsp;<strong>mi abrazo fuerte y mis condolencias<\/strong>&nbsp;por la dolorosa partida de do\u00f1a Violeta Barrios de Chamorro\u00bb, expres\u00f3 Machado a trav\u00e9s de su cuenta en X.<\/p>\n\n\n\n<p>Para la opositora, el legado de Chamorro \u00abrecuerda la importancia de defender la verdad con firmeza y los principios con coraje\u00bb.<\/p>\n\n\n\n<p>\u00abComo primera mujer presidenta de Nicaragua y de la regi\u00f3n,<strong>&nbsp;nos deja una experiencia inigualable<\/strong>&nbsp;en lo que significa lograr una transici\u00f3n pac\u00edfica a la democracia\u00bb, subray\u00f3.<\/p>\n\n\n\n<p><strong>\u00abAbri\u00f3 el camino a una transici\u00f3n pac\u00edfica de su pa\u00eds\u00bb<\/strong><\/p>\n\n\n\n<p>Por su parte, Edmundo Gonz\u00e1lez Urrutia, remarc\u00f3 el&nbsp;<strong>\u00abcoraje admirable\u00bb<\/strong>&nbsp;de la expresidenta de Nicaragua Violeta Barrios de Chamorro, quien falleci\u00f3 hoy en Costa Rica a los 95 a\u00f1os, informaron sus hijos.<\/p>\n\n\n\n<p>\u00abHoy despedimos a Violeta Chamorro, primera presidenta electa de Nicaragua y de toda Am\u00e9rica. Con un coraje admirable abri\u00f3 el camino a una transici\u00f3n pac\u00edfica de su pa\u00eds\u00bb, expres\u00f3 Gonz\u00e1lez Urrutia en su cuenta de X.<\/p>\n\n\n\n<p>Asimismo, subray\u00f3 que el liderazgo de la expresidenta \u00ab<strong>no naci\u00f3 del poder heredado<\/strong>, sino de una convicci\u00f3n absoluta de que la democracia es el \u00fanico camino y que Nicaragua merec\u00eda libertad, reconciliaci\u00f3n y dignidad\u00bb.<\/p>\n\n\n\n<p>\u00abSu vida me recuerda que la valent\u00eda, cuando se ejerce con honestidad, puede cambiar la historia\u00bb, destac\u00f3 el l\u00edder del antichavismo, quien lament\u00f3 que la exmandataria falleciera en Costa Rica, fuera de su pa\u00eds.<\/p>\n\n\n\n<p><a href=\"https:\/\/es.wikipedia.org\/wiki\/Violeta_Chamorro\">Violeta Barrios de Chamorro<\/a>&nbsp;(1990-1997) fue la primera jefa de Estado elegida democr\u00e1ticamente en Am\u00e9rica y la mujer que derrot\u00f3 en 1990 al exguerrillero sandinista Daniel Ortega, quien buscaba entonces la reelecci\u00f3n y, desde 2007, es el presidente de Nicaragua.<\/p>\n\n\n\n<p>Los restos de Chamorro \u00ab<strong>descansar\u00e1n temporalmente en San Jos\u00e9, Costa Rica<\/strong>, hasta que Nicaragua vuelva a ser Rep\u00fablica, y su legado patri\u00f3tico pueda ser honrado en un pa\u00eds libre y democr\u00e1tico\u00bb, dijeron sus hijos.<\/p>\n\n\n\n<p>Nacida el 18 de octubre de 1929 en la ciudad de Rivas, en el Pac\u00edfico sur de Nicaragua, Violeta Barrios Torres, conocida como Violeta Chamorro por el primer apellido de su esposo, el periodista Pedro Joaqu\u00edn Chamorro Cardenal, se encontraba enferma tras sufrir hace siete a\u00f1os un accidente cerebrovascular.<\/p>\n\n\n\n<p><strong>El Nacional<\/strong><\/p>\n<!-- AddThis Advanced Settings generic via filter on the_content --><!-- AddThis Share Buttons generic via filter on the_content -->","protected":false},"excerpt":{"rendered":"<p>Domingo 15 de junio de 2025 Para los l\u00edderes opositores, el legado de Chamorro \u00abrecuerda la importancia de defender la verdad con firmeza y los principios con coraje\u00bb Los l\u00edderes opositores Mar\u00eda Corina Machado y Edmundo Gonz\u00e1lez enviaron este s\u00e1bado, 14 de junio, sus condolencias a la familia de la expresidenta de Nicaragua, Violeta Barrios &hellip; <a href=\"https:\/\/blogs.deia.eus\/anasagasti\/2025\/06\/15\/maria-corina-machado-y-edmundo-gonzalez-se-unen-al-duelo-por-muerte-de-la-expresidenta-violeta-chamorro\/\" class=\"more-link\">Sigue leyendo <span class=\"screen-reader-text\">Mar\u00eda Corina Machado y Edmundo Gonz\u00e1lez se unen al duelo por muerte de la expresidenta Violeta Chamorro<\/span><\/a><!-- AddThis Advanced Settings generic via filter on get_the_excerpt --><!-- AddThis Share Buttons generic via filter on get_the_excerpt --><\/p>\n","protected":false},"author":19,"featured_media":0,"comment_status":"open","ping_status":"open","sticky":false,"template":"","format":"standard","meta":{"footnotes":""},"categories":[1],"tags":[],"class_list":["post-20553","post","type-post","status-publish","format-standard","hentry","category-general"],"_links":{"self":[{"href":"https:\/\/blogs.deia.eus\/anasagasti\/wp-json\/wp\/v2\/posts\/20553","targetHints":{"allow":["GET"]}}],"collection":[{"href":"https:\/\/blogs.deia.eus\/anasagasti\/wp-json\/wp\/v2\/posts"}],"about":[{"href":"https:\/\/blogs.deia.eus\/anasagasti\/wp-json\/wp\/v2\/types\/post"}],"author":[{"embeddable":true,"href":"https:\/\/blogs.deia.eus\/anasagasti\/wp-json\/wp\/v2\/users\/19"}],"replies":[{"embeddable":true,"href":"https:\/\/blogs.deia.eus\/anasagasti\/wp-json\/wp\/v2\/comments?post=20553"}],"version-history":[{"count":1,"href":"https:\/\/blogs.deia.eus\/anasagasti\/wp-json\/wp\/v2\/posts\/20553\/revisions"}],"predecessor-version":[{"id":20555,"href":"https:\/\/blogs.deia.eus\/anasagasti\/wp-json\/wp\/v2\/posts\/20553\/revisions\/20555"}],"wp:attachment":[{"href":"https:\/\/blogs.deia.eus\/anasagasti\/wp-json\/wp\/v2\/media?parent=20553"}],"wp:term":[{"taxonomy":"category","embeddable":true,"href":"https:\/\/blogs.deia.eus\/anasagasti\/wp-json\/wp\/v2\/categories?post=20553"},{"taxonomy":"post_tag","embeddable":true,"href":"https:\/\/blogs.deia.eus\/anasagasti\/wp-json\/wp\/v2\/tags?post=20553"}],"curies":[{"name":"wp","href":"https:\/\/api.w.org\/{rel}","templated":true}]}}