{"id":20556,"date":"2025-06-15T15:38:09","date_gmt":"2025-06-15T13:38:09","guid":{"rendered":"https:\/\/blogs.deia.eus\/anasagasti\/?p=20556"},"modified":"2025-06-15T15:38:10","modified_gmt":"2025-06-15T13:38:10","slug":"se-atrevera-alguien-a-registrar-la-sede-de-acciona","status":"publish","type":"post","link":"https:\/\/blogs.deia.eus\/anasagasti\/2025\/06\/15\/se-atrevera-alguien-a-registrar-la-sede-de-acciona\/","title":{"rendered":"\u00bfSE ATREVER\u00c1 ALGUIEN A REGISTRAR LA SEDE DE ACCIONA?"},"content":{"rendered":"\n<p><strong>Domingo 15 de junio de 2025<\/strong><\/p>\n\n\n<div class=\"wp-block-image\">\n<figure class=\"aligncenter size-large\"><a href=\"https:\/\/blogs.deia.eus\/anasagasti\/files\/2025\/06\/jose-manuel-entrecanales-presidente-de-acciona.jpeg\"><img loading=\"lazy\" decoding=\"async\" width=\"940\" height=\"529\" src=\"https:\/\/blogs.deia.eus\/anasagasti\/files\/2025\/06\/jose-manuel-entrecanales-presidente-de-acciona-940x529.jpeg\" alt=\"\" class=\"wp-image-20557\" srcset=\"https:\/\/blogs.deia.eus\/anasagasti\/files\/2025\/06\/jose-manuel-entrecanales-presidente-de-acciona-940x529.jpeg 940w, https:\/\/blogs.deia.eus\/anasagasti\/files\/2025\/06\/jose-manuel-entrecanales-presidente-de-acciona-580x326.jpeg 580w, https:\/\/blogs.deia.eus\/anasagasti\/files\/2025\/06\/jose-manuel-entrecanales-presidente-de-acciona-768x432.jpeg 768w, https:\/\/blogs.deia.eus\/anasagasti\/files\/2025\/06\/jose-manuel-entrecanales-presidente-de-acciona.jpeg 1024w\" sizes=\"auto, (max-width: 940px) 100vw, 940px\" \/><\/a><\/figure>\n<\/div>\n\n\n<p>La corrupci\u00f3n en Espa\u00f1a tiene una coreograf\u00eda perfectamente ensayada: cae el asesor, dimite el pol\u00edtico menor, se allana una sede de partido en horario de m\u00e1xima cobertura. Pero el poder permanece intacto. El poder verdadero. El que no se sienta en el Congreso sino en los consejos de administraci\u00f3n. Ah\u00ed donde no se entra con orden judicial, sino con trajes a medida y comisiones \u201cde \u00e9xito\u201d.<\/p>\n\n\n\n<p>\u00bfSe atrever\u00e1 alguien a registrar la sede de Acciona? \u00bfA inhabilitar a Ferrovial, Sacyr, ACS, OHLA o FCC para contratar con el Estado tras pagar mordidas, sobrecostes y favores pol\u00edticos que luego se cobran en diferido, v\u00eda BOE?<\/p>\n\n\n\n<p>No lo har\u00e1n. Porque saben lo que significa abrir esa puerta: destapar que no hay separaci\u00f3n entre pol\u00edtica y negocio, sino una continuidad estructural. Las constructoras no financian la pol\u00edtica, la dise\u00f1an. No solo construyen infraestructuras: construyen poder.<\/p>\n\n\n\n<p>En Espa\u00f1a, la cleptocracia no se oculta. Se regula. Se licita. Se firma. Las mordidas no aparecen en bolsas de basura, sino en pliegos de condiciones. Las empresas que pagan comisiones no son desviaciones del sistema: son el sistema.<\/p>\n\n\n\n<p>Por eso las UCO no entran en las torres acristaladas. Por eso los jueces no embargan planes urban\u00edsticos. Porque el dinero no deja huellas cuando se camufla de inversi\u00f3n estrat\u00e9gica, de colaboraci\u00f3n p\u00fablico-privada, de modernizaci\u00f3n.<\/p>\n\n\n\n<p>Y as\u00ed seguimos: procesando a intermediarios mientras se premia a quienes pagan el soborno con contrato p\u00fablico incluido. Inhabilitamos al alcalde, pero no a la constructora que lo tent\u00f3. Despedimos al asesor, pero no cancelamos la adjudicaci\u00f3n ama\u00f1ada.<\/p>\n\n\n\n<p>Lo que no se dice en voz alta es lo que m\u00e1s importa: si ma\u00f1ana se aplicara la ley de contratos con la misma firmeza que se aplica al peque\u00f1o comercio o al migrante sin papeles, medio Ibex quedar\u00eda fuera de la obra p\u00fablica.<\/p>\n\n\n\n<p>\u00bfY entonces qu\u00e9? \u00bfQui\u00e9n construir\u00eda los hospitales, los trenes, las macroprisiones, los peajes de sombra, los cuarteles de la Guardia Civil?. La respuesta da miedo y el Sistema es cobarde. Y por eso nadie hace la pregunta.<\/p>\n\n\n\n<p>La verdadera impunidad no es la que se oculta. Es la que se institucionaliza. La que se respeta. La que nadie se atreve a interrumpir. La que huele a cemento fresco y a poder bien distribuido.<\/p>\n\n\n\n<p>Todo esto que reproduzco est\u00e1 en clave de presunci\u00f3n. \u00bfNo es as\u00ed?<a href=\"https:\/\/x.com\/Spanish_Revo\/status\/1933859530539954479\/photo\/1\" target=\"_blank\" rel=\"noreferrer noopener\"><\/a><\/p>\n\n\n\n<p><a href=\"https:\/\/x.com\/Spanish_Revo\/status\/1933859530539954479\/photo\/1\" target=\"_blank\" rel=\"noreferrer noopener\"><br><br><\/a><\/p>\n<!-- AddThis Advanced Settings generic via filter on the_content --><!-- AddThis Share Buttons generic via filter on the_content -->","protected":false},"excerpt":{"rendered":"<p>Domingo 15 de junio de 2025 La corrupci\u00f3n en Espa\u00f1a tiene una coreograf\u00eda perfectamente ensayada: cae el asesor, dimite el pol\u00edtico menor, se allana una sede de partido en horario de m\u00e1xima cobertura. Pero el poder permanece intacto. El poder verdadero. El que no se sienta en el Congreso sino en los consejos de administraci\u00f3n. &hellip; <a href=\"https:\/\/blogs.deia.eus\/anasagasti\/2025\/06\/15\/se-atrevera-alguien-a-registrar-la-sede-de-acciona\/\" class=\"more-link\">Sigue leyendo <span class=\"screen-reader-text\">\u00bfSE ATREVER\u00c1 ALGUIEN A REGISTRAR LA SEDE DE ACCIONA?<\/span><\/a><!-- AddThis Advanced Settings generic via filter on get_the_excerpt --><!-- AddThis Share Buttons generic via filter on get_the_excerpt --><\/p>\n","protected":false},"author":19,"featured_media":0,"comment_status":"open","ping_status":"open","sticky":false,"template":"","format":"standard","meta":{"footnotes":""},"categories":[1],"tags":[],"class_list":["post-20556","post","type-post","status-publish","format-standard","hentry","category-general"],"_links":{"self":[{"href":"https:\/\/blogs.deia.eus\/anasagasti\/wp-json\/wp\/v2\/posts\/20556","targetHints":{"allow":["GET"]}}],"collection":[{"href":"https:\/\/blogs.deia.eus\/anasagasti\/wp-json\/wp\/v2\/posts"}],"about":[{"href":"https:\/\/blogs.deia.eus\/anasagasti\/wp-json\/wp\/v2\/types\/post"}],"author":[{"embeddable":true,"href":"https:\/\/blogs.deia.eus\/anasagasti\/wp-json\/wp\/v2\/users\/19"}],"replies":[{"embeddable":true,"href":"https:\/\/blogs.deia.eus\/anasagasti\/wp-json\/wp\/v2\/comments?post=20556"}],"version-history":[{"count":1,"href":"https:\/\/blogs.deia.eus\/anasagasti\/wp-json\/wp\/v2\/posts\/20556\/revisions"}],"predecessor-version":[{"id":20558,"href":"https:\/\/blogs.deia.eus\/anasagasti\/wp-json\/wp\/v2\/posts\/20556\/revisions\/20558"}],"wp:attachment":[{"href":"https:\/\/blogs.deia.eus\/anasagasti\/wp-json\/wp\/v2\/media?parent=20556"}],"wp:term":[{"taxonomy":"category","embeddable":true,"href":"https:\/\/blogs.deia.eus\/anasagasti\/wp-json\/wp\/v2\/categories?post=20556"},{"taxonomy":"post_tag","embeddable":true,"href":"https:\/\/blogs.deia.eus\/anasagasti\/wp-json\/wp\/v2\/tags?post=20556"}],"curies":[{"name":"wp","href":"https:\/\/api.w.org\/{rel}","templated":true}]}}