{"id":20559,"date":"2025-06-16T08:38:14","date_gmt":"2025-06-16T06:38:14","guid":{"rendered":"https:\/\/blogs.deia.eus\/anasagasti\/?p=20559"},"modified":"2025-06-16T08:38:14","modified_gmt":"2025-06-16T06:38:14","slug":"el-tercer-lehendakari","status":"publish","type":"post","link":"https:\/\/blogs.deia.eus\/anasagasti\/2025\/06\/16\/el-tercer-lehendakari\/","title":{"rendered":"EL TERCER LEHENDAKARI."},"content":{"rendered":"\n<p><strong>Lunes 16 de junio de 2025<\/strong><\/p>\n\n\n<div class=\"wp-block-image\">\n<figure class=\"aligncenter size-full\"><a href=\"https:\/\/blogs.deia.eus\/anasagasti\/files\/2025\/06\/ANASAGASTI_GARAIKOETXA_ARZALLUZ.jpg\"><img loading=\"lazy\" decoding=\"async\" width=\"880\" height=\"495\" src=\"https:\/\/blogs.deia.eus\/anasagasti\/files\/2025\/06\/ANASAGASTI_GARAIKOETXA_ARZALLUZ.jpg\" alt=\"\" class=\"wp-image-20560\" srcset=\"https:\/\/blogs.deia.eus\/anasagasti\/files\/2025\/06\/ANASAGASTI_GARAIKOETXA_ARZALLUZ.jpg 880w, https:\/\/blogs.deia.eus\/anasagasti\/files\/2025\/06\/ANASAGASTI_GARAIKOETXA_ARZALLUZ-580x326.jpg 580w, https:\/\/blogs.deia.eus\/anasagasti\/files\/2025\/06\/ANASAGASTI_GARAIKOETXA_ARZALLUZ-768x432.jpg 768w\" sizes=\"auto, (max-width: 880px) 100vw, 880px\" \/><\/a><\/figure>\n<\/div>\n\n\n<p>Carlos Garaikoetxea Urriza, tercer Lehendakari en la historia de Euzkadi, navarro, abogado economista de Deusto, euskaldun berri, ex presidente de la C\u00e1mara de Comercio de Pamplona, promotor de la Ikastola de Iru\u00f1a, tres hijos, deportista, bien parecido, no solo era\u00a0 una persona de carne y hueso sino el modelo ideal, jam\u00e1s so\u00f1ado, para representar al PNV tras la dictadura de Franco. Fue parte importante del \u00e9xito del PNV aquellos a\u00f1os boreales.<\/p>\n\n\n\n<p>No s\u00e9 c\u00f3mo lleg\u00f3 a o\u00eddos de Don Manuel de Irujo, el ex ministro de la Rep\u00fablica, la referencia navarra por excelencia, cuyo padre Don Daniel hab\u00eda sido el abogado defensor de Sabino Arana, quien le mand\u00f3 un mensaje escueto pero contundente.\u201dTenemos que construir la casa de nuevo y usted debe ser el principal alba\u00f1il\u201d.<\/p>\n\n\n\n<p>Le conoc\u00ed en San Sebasti\u00e1n &nbsp;en 1976 en la presentaci\u00f3n de la reedici\u00f3n del&nbsp; libro del Lehendakari Agirre centrado en sus tiempos de diputado. Efectivamente. Era el pol\u00edtico de dise\u00f1o del que me hab\u00edan hablado.<\/p>\n\n\n\n<p>Tras la primera asamblea celebrada en Iru\u00f1a en marzo de 1977, accede a la presidencia del EBB. Fue el dedo de Arzalluz quien lo se\u00f1al\u00f3 y todos votamos por \u00e9l. Form\u00e9 parte de su equipo hasta 1980. En esos a\u00f1os se aprob\u00f3 la Constituci\u00f3n y el Estatuto de Gernika. Su mano fue fundamental.<\/p>\n\n\n\n<p>El primer contratiempo lo tuvimos el 15 de junio de 1977. Encabezaba Garaikoetxea &nbsp;la lista &nbsp;de Uni\u00f3n Autonomista Navarra (PNV, ESB, ANV) pero no sali\u00f3 elegido. A Don Manuel no le gust\u00f3 fu\u00e9ramos a aquellas elecciones sin nuestra sigla. Desde entonces el PNV no ha levantado cabeza. No s\u00e9 cu\u00e1l hubiera sido hoy la historia de haber batallado y hecho pol\u00edtica Garaikoetxea en Navarra con la sigla en el dorsal todos estos a\u00f1os. Creo habr\u00eda ido superandola fuerza de la derecha en Navarra y de la manipulaci\u00f3n &nbsp;diaria y obsesiva &nbsp;del Diario de Navarra.<\/p>\n\n\n\n<p><strong>PRESIDENTE DEL CONSEJO GENERAL&nbsp;<\/strong><\/p>\n\n\n\n<p>En el a\u00f1o 79 el presidente del EBB era Carlos Garaikoetxea. En Bermeo se organiz\u00f3 un mitin. Hablamos los dos junto a Arzalluz, Ant\u00f3n Ormaza y Lurdes Munitxa. Tras aquel tan intenso acto &nbsp;me dice Garaikoetxea: \u00bfme llevas a Bilbao?. Yo conduc\u00eda y conduzco muy mal. Ten\u00eda&nbsp; un &nbsp;R5 &nbsp;amarillo y le pregunto si se atrev\u00eda a ir conmigo. Me dice que si. Se la jugaba. Pronto supe por qu\u00e9. Ten\u00eda \u00e9l su inter\u00e9s en preguntarme cosas del Partido en Bizkaia &nbsp;(viv\u00eda en el hotel Ercilla)&nbsp; ya que yo era burukide del EBB por Bizkaia y a mitad de camino me pregunta el por qu\u00e9 no confi\u00e1bamos en \u00e9l. Le digo que no es verdad.<\/p>\n\n\n\n<p>Basaba su pregunta en una inquietud. En aquel a\u00f1o 1979 se celebraron elecciones generales y no le propusimos en ning\u00fan puesto de salida para ir al Congreso. Y le digo que ante esas elecciones legislativas espa\u00f1olas, para nosotros su presidencia del EBB era fundamental, m\u00e1s que ser diputado en Madrid&nbsp; y le apunto que se pod\u00eda plantear su presidencia&nbsp; del Consejo General Vasco que ten\u00eda que elegir un nuevo presidente, pues tras las elecciones de aquel mes de marzo y ante&nbsp; nuestra victoria, se ten\u00eda que renovar dicho Consejo as\u00ed como &nbsp;al presidente Ram\u00f3n Rubial.<\/p>\n\n\n\n<p>Le vuelvo a decir que para nosotros su presidencia del EBB era muy importante y se me ocurre comentarle, al comprobar &nbsp;que le interesaba el cargo p\u00fablico de la&nbsp; presidencia del Consejo General&nbsp; Vasco si me dejaba plantear que siguiera siendo presidente del EBB y Presidente del Consejo General Vasco, simultaneando con la presidencia del EBB y se le levantara la incompatibilidad.<\/p>\n\n\n\n<p>Ante eso me pregunt\u00f3 si se podr\u00eda hacer esa operaci\u00f3n y que me daba su autorizaci\u00f3n para sondearla. Y le dej\u00e9 en el hotel.<\/p>\n\n\n\n<p>Al d\u00eda siguiente me encuentro con Arzalluz pues \u00e9ramos vecinos en el Campo de Volant\u00edn y se lo digo. Me mira, cuadra su mand\u00edbula y me dice algo extra\u00f1o: si tienes que decir que me opongo dilo para que salga. Aquello me extra\u00f1\u00f3 pero le cog\u00ed la palabra.<\/p>\n\n\n\n<p>Hablo posteriormente con Retolaza que siempre me lo record\u00f3 y dice que s\u00ed y hablo con Ormaza y Saratxaga que les pareci\u00f3 muy bien. Y como consecuencia de aquello tuvimos una asamblea encrespada pues este tema de las incompatibilidades no se admit\u00eda con facilidad &nbsp;en aquellos a\u00f1os pero al final se aprueba.<\/p>\n\n\n\n<p>Aquello fue muy importante pues Garaikoetxea ten\u00eda dos sombreros, la presidencia del EBB y la presidencia del Consejo General Vasco lo que le daba visibilidad e interlocuci\u00f3n con todos. De ah\u00ed que cuando el Movimiento Comunista sac\u00f3 unos carteles de Garaikoetxea d\u00e1ndole la mano a Adolfo Su\u00e1rez en La Moncloa&nbsp; para denigrarlo como entreguista se equivocaron meridianamente pues era una foto del&nbsp; tu a tu negociador ,de igual a igual, un estatuto para Euzkadi logrado por \u00e9l con el gobierno espa\u00f1ol y esa negociaci\u00f3n, protagonizada por Garaikoetxea le dio una inmensa vitola pol\u00edtica de tal forma que Garaikoetxea, navarro,&nbsp; euskaldun berri,&nbsp; presidente del EBB y del Consejo General Vasco era San Dios. Hab\u00eda demostrado oratoria, ideas claras, aguante y liderazgo. L\u00f3gicamente fue su gran catapulta para ser el candidato a Lehendakari en las primeras elecciones auton\u00f3micas tras aprobarse el estatuto en marzo de 1980.Hizo una magn\u00edfica campa\u00f1a. Y fue elegido Lehendakari con mayor\u00eda absoluta y con la &nbsp;diferencia de un solo voto para poder gobernar, con toda la oposici\u00f3n unida al no ir la entonces HB al Parlamento.<\/p>\n\n\n\n<p><strong>TODO UN GOBIERNO PARA TODO UN PUEBLO<\/strong><\/p>\n\n\n\n<p>Me toc\u00f3 dirigir la campa\u00f1a electoral del PNV en 1980. Garaikoetxea, encabez\u00f3 la candidatura por Gipuzkoa y el reci\u00e9n llegado del exilio, Lehendakari Leizaola por Bizkaia. Ten\u00edamos el mejor candidato, joven, economista, navarro, con telegenia, presidente del Partido y aprovechamos &nbsp;la din\u00e1mica creada tras el regreso de Leizaola y la aprobaci\u00f3n del estatuto. Y le encargamos a la agencia Danis una campa\u00f1a que tuvo como lema \u201cTodo un Gobierno para todo un pueblo\u201d sabiendo&nbsp; que eleg\u00edamos el primer Parlamento de la historia con tres territorios. Eleg\u00edamos parlamentarios no un presidente. Pero la oferta funcion\u00f3. Por eso HB dec\u00eda que era un parlamentutxu vascongado, no un ejecutivo, y decidieron no ir. De &nbsp;esa manera Garaikoetxea form\u00f3 un gobierno monocolor con apoyo del PNV. Y en Gernika el 9 de abril se eligi\u00f3 a Garaikoetxea lehendakari y form\u00f3 ese gobierno de personalidades que fue un puntazo.<\/p>\n\n\n\n<p>Todo en ese momento era luminoso y cordial a pesar de las tensiones anteriores sobre todo cuando en enero de 1980 nos retiramos de las Cortes estando fuera de ellas hasta septiembre.<\/p>\n\n\n\n<p>No me alargo. Fui elegido Parlamentario en 1980 y me llam\u00f3 para que le ayudara en la relaci\u00f3n con los Centros Vascos de la Di\u00e1spora .Ten\u00eda el despacho en el primer piso de Ajuria Enea y le organic\u00e9 el primer viaje a Panam\u00e1, Venezuela y Colombia en 1983. Lo bord\u00f3. No iba un presidente auton\u00f3mico m\u00e1s. Como me dijo en su d\u00eda el periodista Germ\u00e1n Yanke, \u201dEl PNV no ha acabado con una presidencia, ha derribado una monarqu\u00eda\u201d.<\/p>\n\n\n\n<p>Pues si. Aquella divisi\u00f3n fue muy dura, traum\u00e1tica, y sobre todo muy absurda. Falt\u00f3 flexibilidad, larga mirada, y sobr\u00f3 obstinaci\u00f3n y terquedad. Y como conclusi\u00f3n aquello nunca debi\u00f3 de haber ocurrido, pero ocurri\u00f3. Falt\u00f3 h\u00e1bito democr\u00e1tico.<\/p>\n\n\n\n<p>Hoy, el homenaje que se le tributa al tercer Lehendakari es justo y necesario. Le vi en Gernika el mes de marzo y anteriormente en la capilla ardiente del Lehendakari Ardanza. Aquellos a\u00f1os iniciales fueron magn\u00edficos donde se hizo much\u00edsimo y tenemos la obligaci\u00f3n de honrar a quien encabez\u00f3 tantas cosas.<\/p>\n\n\n\n<p>EL PNV con el tiempo le otorg\u00f3 el premio Sabino Arana y ahora le rinde homenaje gubernamental. Es propio de sociedades civilizadas que muestran lo mejor de si mismas dejando de lado las impurezas humanas que nos rodean diariamente.<\/p>\n\n\n\n<p>\u00a1Zorionak Lehendakari!.<\/p>\n<!-- AddThis Advanced Settings generic via filter on the_content --><!-- AddThis Share Buttons generic via filter on the_content -->","protected":false},"excerpt":{"rendered":"<p>Lunes 16 de junio de 2025 Carlos Garaikoetxea Urriza, tercer Lehendakari en la historia de Euzkadi, navarro, abogado economista de Deusto, euskaldun berri, ex presidente de la C\u00e1mara de Comercio de Pamplona, promotor de la Ikastola de Iru\u00f1a, tres hijos, deportista, bien parecido, no solo era\u00a0 una persona de carne y hueso sino el modelo &hellip; <a href=\"https:\/\/blogs.deia.eus\/anasagasti\/2025\/06\/16\/el-tercer-lehendakari\/\" class=\"more-link\">Sigue leyendo <span class=\"screen-reader-text\">EL TERCER LEHENDAKARI.<\/span><\/a><!-- AddThis Advanced Settings generic via filter on get_the_excerpt --><!-- AddThis Share Buttons generic via filter on get_the_excerpt --><\/p>\n","protected":false},"author":19,"featured_media":0,"comment_status":"open","ping_status":"open","sticky":false,"template":"","format":"standard","meta":{"footnotes":""},"categories":[1],"tags":[],"class_list":["post-20559","post","type-post","status-publish","format-standard","hentry","category-general"],"_links":{"self":[{"href":"https:\/\/blogs.deia.eus\/anasagasti\/wp-json\/wp\/v2\/posts\/20559","targetHints":{"allow":["GET"]}}],"collection":[{"href":"https:\/\/blogs.deia.eus\/anasagasti\/wp-json\/wp\/v2\/posts"}],"about":[{"href":"https:\/\/blogs.deia.eus\/anasagasti\/wp-json\/wp\/v2\/types\/post"}],"author":[{"embeddable":true,"href":"https:\/\/blogs.deia.eus\/anasagasti\/wp-json\/wp\/v2\/users\/19"}],"replies":[{"embeddable":true,"href":"https:\/\/blogs.deia.eus\/anasagasti\/wp-json\/wp\/v2\/comments?post=20559"}],"version-history":[{"count":1,"href":"https:\/\/blogs.deia.eus\/anasagasti\/wp-json\/wp\/v2\/posts\/20559\/revisions"}],"predecessor-version":[{"id":20561,"href":"https:\/\/blogs.deia.eus\/anasagasti\/wp-json\/wp\/v2\/posts\/20559\/revisions\/20561"}],"wp:attachment":[{"href":"https:\/\/blogs.deia.eus\/anasagasti\/wp-json\/wp\/v2\/media?parent=20559"}],"wp:term":[{"taxonomy":"category","embeddable":true,"href":"https:\/\/blogs.deia.eus\/anasagasti\/wp-json\/wp\/v2\/categories?post=20559"},{"taxonomy":"post_tag","embeddable":true,"href":"https:\/\/blogs.deia.eus\/anasagasti\/wp-json\/wp\/v2\/tags?post=20559"}],"curies":[{"name":"wp","href":"https:\/\/api.w.org\/{rel}","templated":true}]}}