{"id":20562,"date":"2025-06-17T09:12:07","date_gmt":"2025-06-17T07:12:07","guid":{"rendered":"https:\/\/blogs.deia.eus\/anasagasti\/?p=20562"},"modified":"2025-06-17T09:12:07","modified_gmt":"2025-06-17T07:12:07","slug":"el-nefasto-papel-de-zapatero","status":"publish","type":"post","link":"https:\/\/blogs.deia.eus\/anasagasti\/2025\/06\/17\/el-nefasto-papel-de-zapatero\/","title":{"rendered":"EL NEFASTO PAPEL DE \u00a0ZAPATERO"},"content":{"rendered":"\n<p><strong>Martes 17 de junio de 2025<\/strong><\/p>\n\n\n<div class=\"wp-block-image\">\n<figure class=\"aligncenter size-full is-resized\"><a href=\"https:\/\/blogs.deia.eus\/anasagasti\/files\/2025\/06\/zAPATERO-NEGOCIANDO-CON-mADURO.jpg\"><img loading=\"lazy\" decoding=\"async\" width=\"450\" height=\"300\" src=\"https:\/\/blogs.deia.eus\/anasagasti\/files\/2025\/06\/zAPATERO-NEGOCIANDO-CON-mADURO.jpg\" alt=\"\" class=\"wp-image-20563\" style=\"width:682px;height:auto\" \/><\/a><\/figure>\n<\/div>\n\n\n<p>El&nbsp;comisionista<a href=\"https:\/\/theobjective.com\/etiqueta\/victor-de-aldama\/\" target=\"_blank\" rel=\"noreferrer noopener\">&nbsp;V\u00edctor de Aldama<\/a>&nbsp;guarda bajo llave dos sobres cuyos contenidos han permanecido en custodia de su socio Luis Alberto Escolano.&nbsp;<strong>Estos sobres contienen informaci\u00f3n de extraordinaria sensibilidad, vinculada directamente con el expresidente del Gobierno&nbsp;<\/strong><a href=\"https:\/\/theobjective.com\/etiqueta\/jose-luis-rodriguez-zapatero\/\" target=\"_blank\" rel=\"noreferrer noopener\"><strong>Jos\u00e9 Luis Rodr\u00edguez Zapatero<\/strong><\/a><strong>.&nbsp;<\/strong>Fuentes cercanas al llamado \u00abnexo corruptor\u00bb, t\u00e9rmino acu\u00f1ado por la&nbsp;<a href=\"https:\/\/theobjective.com\/etiqueta\/guardia-civil\/\" target=\"_blank\" rel=\"noreferrer noopener\">Guardia Civil<\/a>&nbsp;para referirse a Aldama, han revelado a&nbsp;<a href=\"https:\/\/theobjective.com\/\" target=\"_blank\" rel=\"noreferrer noopener\">THE OBJECTIVE&nbsp;<\/a>detalles clave sobre el origen y la magnitud de dicha informaci\u00f3n.<\/p>\n\n\n\n<p>Seg\u00fan estas mismas fuentes, posee pruebas irrefutables que demostrar\u00edan c\u00f3mo el expresidente del gobierno espa\u00f1ol &nbsp;habr\u00eda recibido pagos millonarios de la petrolera p\u00fablica venezolana PDVSA. Esas pruebas, celosamente guardadas en los sobres que custodia Aldama, son documentos de una envergadura tan trascendental que podr\u00edan sacudir los cimientos de la pol\u00edtica. Estos sobres parecen ser la clave para destapar una red de corrupci\u00f3n que, seg\u00fan algunas fuentes, podr\u00eda conectar a altos funcionarios del gobierno espa\u00f1ol con actores internacionales.<\/p>\n\n\n\n<p>De hecho, el empresario V\u00edctor de Aldama, investigado en el<em>&nbsp;caso Hidrocarburos<\/em>&nbsp;por defraudar presuntamente m\u00e1s de 230 millones de euros,&nbsp;<a href=\"https:\/\/theobjective.com\/espana\/2025-06-12\/aldama-psoe-ilegalmente-sanchez-sabia\/\" target=\"_blank\" rel=\"noreferrer noopener\">lanz\u00f3 el pasado jueves en el programa Horizonte, conducido por Iker Jim\u00e9nez, una advertencia:<\/a>&nbsp;<strong>\u00abEsto tampoco lo he dicho nunca, creo que el se\u00f1or Zapatero sabe de lo que estoy hablando. Que d\u00e9 explicaciones el se\u00f1or Zapatero, que tambi\u00e9n le he escuchado en alguna ocasi\u00f3n hablar de m\u00ed en mal tono\u00bb.&nbsp;<\/strong>\u00abNo s\u00e9 por qu\u00e9 este se\u00f1or ha hablado mal de m\u00ed, porque lo \u00fanico que he sido yo con \u00e9l es correcto. Y encima me han pedido que le lleve en mi avi\u00f3n privado de Caracas a Santo Domingo y le he llevado. Entonces, que explique qu\u00e9 hac\u00eda conmigo en ese avi\u00f3n\u00bb, se\u00f1al\u00f3. En ese sentido, sentenci\u00f3: \u00abNo puede hacerse el despistado. Zapatero sabe perfectamente lo que ha pasado dentro de su partido\u00bb.<\/p>\n\n\n\n<p><strong>PETR\u00d3LEO VENEZOLANO<\/strong><\/p>\n\n\n\n<p>Y es que la mayor parte de los fondos obtenidos il\u00edcitamente en el&nbsp;<em>caso Koldo<\/em>&nbsp;no proceden ni de las comisiones por los contratos de material sanitario durante la pandemia ni de las mordidas cobradas por la adjudicaci\u00f3n de obras p\u00fablicas, sino del fraude del Impuesto sobre el Valor A\u00f1adido (IVA) en la venta de combustible.&nbsp;<a href=\"https:\/\/theobjective.com\/espana\/politica\/2024-10-28\/uco-investiga-importar-petroleo-venezuela\/\" target=\"_blank\" rel=\"noreferrer noopener\">Tal y como adelant\u00f3 este peri\u00f3dico en octubre, la Unidad Central Operativa (UCO) de la Guardia Civil investiga una<strong>&nbsp;\u00abtrama milmillonaria\u00bb<\/strong><\/a><strong>&nbsp;consistente en esquivar las sanciones que Estados Unidos y la Uni\u00f3n Europea&nbsp;<\/strong>vienen imponiendo desde 2018 al r\u00e9gimen de Nicol\u00e1s Maduro. Seg\u00fan empresarios conocedores del entramado,&nbsp;<strong>\u00abel petr\u00f3leo de Venezuela ven\u00eda a Espa\u00f1a\u00bb por la puerta de atr\u00e1s, \u00aba trav\u00e9s de Rep\u00fablica Dominicana \u2013donde Aldama acompa\u00f1\u00f3 en un vuelo privado a Zapatero\u2013 como pa\u00eds de origen\u00bb<\/strong>. Esto permit\u00eda refinar el crudo en Dominicana, habida cuenta de que el Merey venezolano tiene un alto contenido en azufre y una elevada densidad y no se puede comercializar en la Uni\u00f3n Europea hasta que no se adapte a los est\u00e1ndares de calidad comunitarios.<\/p>\n\n\n\n<p>En ese contexto, el proyecto inicial de la trama era&nbsp;<a href=\"https:\/\/theobjective.com\/espana\/2024-10-12\/testigo-reunion-ministro-torres-trama-canarias\/\" target=\"_blank\" rel=\"noreferrer noopener\">\u00abhacer una refiner\u00eda en Tenerife\u00bb, motivo por el cual se celebr\u00f3 una reuni\u00f3n en 2022 entre V\u00edctor de Aldama, su socios,&nbsp;<\/a>Claudio Rivas y Koldo Garc\u00eda con el entonces presidente canario,&nbsp;<strong>\u00c1ngel V\u00edctor Torres.<\/strong>&nbsp;Un encuentro que la empresaria y socia de Aldama, Carmen Pano, ratific\u00f3 ante notario en una declaraci\u00f3n jurada.&nbsp;<strong>\u00abYa ten\u00edan los dep\u00f3sitos fiscales para almacenar el crudo\u00bb, pero \u00abdecay\u00f3 el proyecto porque no sali\u00f3 la refiner\u00eda\u00bb<\/strong>.&nbsp;No obstante, la&nbsp;<a href=\"https:\/\/theobjective.com\/espana\/2025-01-23\/empresarios-sospechan-pacto-aldama-gobierno\/\" target=\"_blank\" rel=\"noreferrer noopener\">Rep\u00fablica Dominicana no solo era el medio para refinar&nbsp;el petr\u00f3leo sino tambi\u00e9n \u00abla caja\u00bb del entramado<\/a>&nbsp;a trav\u00e9s de la creaci\u00f3n de \u00absociedades al portador\u00bb que permit\u00edan ocultar a los accionistas de las compa\u00f1\u00edas y camuflar qui\u00e9n estaba detr\u00e1s de movimientos de miles de millones de euros.&nbsp;Las acciones al portador, que son muy comunes en cuentas bancarias y sociedades radicadas en para\u00edsos fiscales, no son nominales, por lo que pueden venderse o traspasarse sin verificar qui\u00e9n es el propietario real.<\/p>\n\n\n\n<p><strong>RELACIONES CON DELCY<\/strong><\/p>\n\n\n\n<p>De hecho, en el<a href=\"https:\/\/theobjective.com\/espana\/politica\/2024-10-24\/aldama-delcy-abalos-dimision\/\" target=\"_blank\" rel=\"noreferrer noopener\">&nbsp;informe de la UCO de octubre, los mensajes intercambiados entre la n\u00famero dos de Nicol\u00e1s Maduro,&nbsp;<strong>Delcy Rodr\u00edguez,&nbsp;<\/strong>y&nbsp;<strong>Aldama<\/strong>&nbsp;mostraban su estrecha relaci\u00f3n.<\/a>&nbsp;El comisionista no dudaba en transmitirle informaci\u00f3n de asuntos reservados. Tambi\u00e9n evidencia el trato continuo entre el hombre clave de las tramas Koldo y de los hidrocarburos y del rescate del Air Europa y el exministro y su entorno m\u00e1s cercano. Por ejemplo, el 12 de febrero de 2020, 24 d\u00edas despu\u00e9s del desembarco de la comitiva venezolana en el Aeropuerto de Barajas,&nbsp;<strong>Delcy Rodr\u00edguez&nbsp;<\/strong>se interesa por Jos\u00e9 Luis \u00c1balos. \u00abC\u00f3mo est\u00e1 el jefe?\u00bb, pregunta la dirigente venezolana que usa el&nbsp;<em>nick&nbsp;<\/em><strong>RR2AES4W<\/strong>.&nbsp;<em>El jefe&nbsp;<\/em>es el apelativo que usa la trama para referirse al exministro \u00c1balos. De Aldama (<em>Maverick<\/em>), responde al&nbsp;<strong><em>whatsapp<\/em><\/strong>&nbsp;minutos despu\u00e9s con un mensaje lleno de erratas y sin comas. \u00abBueno hoy no es su mejor d\u00eda ayer en la madrugada tuvo unas palabras muy duras con el 1\u00bb (<strong>en referencia a S\u00e1nchez<\/strong>). Sin embargo, intenta tranquilizar a Rodr\u00edguez asegurando que \u00abhoy todo sali\u00f3 bien\u00bb. Pese a todo, alerta que \u00abel mi\u00e9rcoles que viene -d\u00eda 19- se bota (sic) en el congreso su dimisi\u00f3n\u00bb.<\/p>\n\n\n\n<p>El d\u00eda 19 de febrero se vot\u00f3 una moci\u00f3n del Partido Popular para que&nbsp;<strong>\u00c1balos dimitiese tras su encuentro con Delcy Rodr\u00edguez<\/strong>&nbsp;de un mes antes. La mayor\u00eda del Congreso rechaz\u00f3 la iniciativa de los populares. Esta moci\u00f3n fue apoyada por Ciudadanos y Vox. Aquel d\u00eda tambi\u00e9n se reclam\u00f3 la creaci\u00f3n de una comisi\u00f3n de investigaci\u00f3n sobre la reuni\u00f3n del dirigente socialista con la dirigente venezolana.<\/p>\n\n\n\n<p><strong>Las relaciones de Aldama con Delcy Rodr\u00edguez recuerdan a las mantenidas por el exembajador de Zapatero en Venezuela, Ra\u00fal Morodo,&nbsp;<\/strong>con la vicepresidenta de Maduro. El diplom\u00e1tico socialista y su \u00abc\u00edrculo familiar m\u00e1s \u00edntimo\u00bb fue juzgado en la Audiencia Nacional por percibir entre 2011 y 2015 \u00abfondos procedentes de la empresa p\u00fablica Petr\u00f3leos de Venezuela<strong>&nbsp;por un importe total de 4.527.270 euros<\/strong>, carentes, hasta la fecha, de toda justificaci\u00f3n real y l\u00f3gica comercial\u00bb. Unos hechos de los que Zapatero sali\u00f3 ileso porque nunca se le lleg\u00f3 ni siquiera a investigar. De hecho, cuando el &nbsp;exdirectivo de PDVSA, Juan Carlos M\u00e1rquez, se ofreci\u00f3 para declarar de manera voluntaria ante el juez Santiago Pedraz y \u00abcontar todo lo que sab\u00eda\u00bb&nbsp;fue hallado ahorcado en una vivienda de Alcobendas&nbsp;(Madrid).<\/p>\n\n\n\n<p>En el citado&nbsp;<em>caso Morodo<\/em>, la Unidad de Delincuencia Econ\u00f3mica y Fiscal (<a href=\"https:\/\/www.policia.es\/_es\/tupolicia_conocenos_estructura_dao_cgpoliciajudicial.php\" target=\"_blank\" rel=\"noreferrer noopener\">UDEF<\/a>) de la Polic\u00eda Nacional destac\u00f3<strong>&nbsp;la estrecha relaci\u00f3n<\/strong>&nbsp;del embajador de Zapatero, Delcy Rodr\u00edguez. En un informe, la Polic\u00eda analiz\u00f3 los correos electr\u00f3nicos intercambiados entre ambos.&nbsp; En un correo electr\u00f3nico, Morodo le comunic\u00f3 que viajar\u00eda a Caracas y le pidi\u00f3 verse con ella en el Hotel Cayena para comer. La n\u00famero 2 de Maduro le respondi\u00f3 que contactar\u00eda para concretar la cita de manera telef\u00f3nica. Delcy se despidi\u00f3 del diplom\u00e1tico&nbsp;<strong>con un cari\u00f1oso \u00abamor\u00bb.<\/strong>&nbsp;Un tono cercano, similar al que ahora utiliza con Aldama, con quien mantiene una amistad.<\/p>\n\n\n\n<p><strong>CONTROLAR A LA FISCAL\u00cdA<\/strong><\/p>\n\n\n\n<p>En ese contexto, hay que rese\u00f1ar que la empresa PDVSA fich\u00f3 en 2016 al despacho de Garz\u00f3n por&nbsp;<strong>8,8 millones de euros<\/strong>&nbsp;para interponer acciones legales en Espa\u00f1a contra proveedores de su filial Bariven por supuestos delitos de fraude y cohecho. Entre las misiones pactadas por Ilocad y PDVSA figuraba la \u00abcoordinaci\u00f3n con la Fiscal\u00eda y Tribunales en Espa\u00f1a\u00bb, lo cual afectaba directamente a la pareja de Garz\u00f3n,&nbsp;<strong>Dolores Delgado<\/strong>, antigua fiscal general del Estado, ya que el bufete madrile\u00f1o segu\u00eda representando a PDVSA en la misma causa,<a href=\"https:\/\/theobjective.com\/espana\/2021-09-28\/garzon-delgado-venezuela-pdvsa\/\" target=\"_blank\" rel=\"noreferrer noopener\">&nbsp;tal y como cont\u00f3 en exclusiva THE OBJECTIVE en 2021.<\/a><\/p>\n\n\n\n<p>Tal&nbsp;<em>coordinaci\u00f3n<\/em>&nbsp;con fiscales y jueces, a tenor de la orden de contrataci\u00f3n publicada por este peri\u00f3dico, no era una manera de hablar por parte de la petrolera estatal venezolana, sino que formaba parte de los t\u00e9rminos exactos negociados directamente con el despacho de Garz\u00f3n. \u00abLa oferta por estos servicios, ya negociada con el despacho de Ilocad, presenta un monto de 8.835.000 euros.<\/p>\n\n\n\n<p><a href=\"https:\/\/theobjective.com\/autor\/teresa-gomez\/\" target=\"_blank\" rel=\"noreferrer noopener\"><strong>Teresa G\u00f3mez<\/strong><\/a><strong><\/strong><\/p>\n\n\n\n<p><a href=\"https:\/\/twitter.com\/teresagomezgp\" target=\"_blank\" rel=\"noreferrer noopener\">@teresagomezgp<\/a><a href=\"mailto:tg@theobjective.com\" target=\"_blank\" rel=\"noreferrer noopener\">tg@theobjective.com<\/a><\/p>\n\n\n\n<p><a href=\"https:\/\/theobjective.com\/autor\/ketty-garat\/\" target=\"_blank\" rel=\"noreferrer noopener\"><strong>Ketty Garat<\/strong><\/a><strong><\/strong><\/p>\n\n\n\n<p><a href=\"https:\/\/twitter.com\/KettyGarat\" target=\"_blank\" rel=\"noreferrer noopener\">@KettyGarat<\/a><a href=\"mailto:kg@theobjective.com\" target=\"_blank\" rel=\"noreferrer noopener\">kg@theobjective.com<\/a><\/p>\n<!-- AddThis Advanced Settings generic via filter on the_content --><!-- AddThis Share Buttons generic via filter on the_content -->","protected":false},"excerpt":{"rendered":"<p>Martes 17 de junio de 2025 El&nbsp;comisionista&nbsp;V\u00edctor de Aldama&nbsp;guarda bajo llave dos sobres cuyos contenidos han permanecido en custodia de su socio Luis Alberto Escolano.&nbsp;Estos sobres contienen informaci\u00f3n de extraordinaria sensibilidad, vinculada directamente con el expresidente del Gobierno&nbsp;Jos\u00e9 Luis Rodr\u00edguez Zapatero.&nbsp;Fuentes cercanas al llamado \u00abnexo corruptor\u00bb, t\u00e9rmino acu\u00f1ado por la&nbsp;Guardia Civil&nbsp;para referirse a Aldama, han &hellip; <a href=\"https:\/\/blogs.deia.eus\/anasagasti\/2025\/06\/17\/el-nefasto-papel-de-zapatero\/\" class=\"more-link\">Sigue leyendo <span class=\"screen-reader-text\">EL NEFASTO PAPEL DE \u00a0ZAPATERO<\/span><\/a><!-- AddThis Advanced Settings generic via filter on get_the_excerpt --><!-- AddThis Share Buttons generic via filter on get_the_excerpt --><\/p>\n","protected":false},"author":19,"featured_media":0,"comment_status":"open","ping_status":"open","sticky":false,"template":"","format":"standard","meta":{"footnotes":""},"categories":[1],"tags":[],"class_list":["post-20562","post","type-post","status-publish","format-standard","hentry","category-general"],"_links":{"self":[{"href":"https:\/\/blogs.deia.eus\/anasagasti\/wp-json\/wp\/v2\/posts\/20562","targetHints":{"allow":["GET"]}}],"collection":[{"href":"https:\/\/blogs.deia.eus\/anasagasti\/wp-json\/wp\/v2\/posts"}],"about":[{"href":"https:\/\/blogs.deia.eus\/anasagasti\/wp-json\/wp\/v2\/types\/post"}],"author":[{"embeddable":true,"href":"https:\/\/blogs.deia.eus\/anasagasti\/wp-json\/wp\/v2\/users\/19"}],"replies":[{"embeddable":true,"href":"https:\/\/blogs.deia.eus\/anasagasti\/wp-json\/wp\/v2\/comments?post=20562"}],"version-history":[{"count":1,"href":"https:\/\/blogs.deia.eus\/anasagasti\/wp-json\/wp\/v2\/posts\/20562\/revisions"}],"predecessor-version":[{"id":20564,"href":"https:\/\/blogs.deia.eus\/anasagasti\/wp-json\/wp\/v2\/posts\/20562\/revisions\/20564"}],"wp:attachment":[{"href":"https:\/\/blogs.deia.eus\/anasagasti\/wp-json\/wp\/v2\/media?parent=20562"}],"wp:term":[{"taxonomy":"category","embeddable":true,"href":"https:\/\/blogs.deia.eus\/anasagasti\/wp-json\/wp\/v2\/categories?post=20562"},{"taxonomy":"post_tag","embeddable":true,"href":"https:\/\/blogs.deia.eus\/anasagasti\/wp-json\/wp\/v2\/tags?post=20562"}],"curies":[{"name":"wp","href":"https:\/\/api.w.org\/{rel}","templated":true}]}}