{"id":20567,"date":"2025-06-18T10:09:23","date_gmt":"2025-06-18T08:09:23","guid":{"rendered":"https:\/\/blogs.deia.eus\/anasagasti\/?p=20567"},"modified":"2025-06-18T10:09:24","modified_gmt":"2025-06-18T08:09:24","slug":"por-que-iker-goni-deberia-ser-el-presidente-de-la-federacion-vasca-de-futbol","status":"publish","type":"post","link":"https:\/\/blogs.deia.eus\/anasagasti\/2025\/06\/18\/por-que-iker-goni-deberia-ser-el-presidente-de-la-federacion-vasca-de-futbol\/","title":{"rendered":"\u00bfPOR QU\u00c9 IKER GO\u00d1I DEBER\u00cdA SER EL PRESIDENTE DE\u00a0 LA FEDERACI\u00d3N VASCA DE F\u00daTBOL?"},"content":{"rendered":"\n<p><strong>Mi\u00e9rcoles 18 de junio de 2025<\/strong><\/p>\n\n\n\n<p><strong>David Salinas Armendariz<\/strong><\/p>\n\n\n<div class=\"wp-block-image\">\n<figure class=\"aligncenter size-large\"><a href=\"https:\/\/blogs.deia.eus\/anasagasti\/files\/2025\/06\/Iker-Goni.jpg\"><img loading=\"lazy\" decoding=\"async\" width=\"940\" height=\"529\" src=\"https:\/\/blogs.deia.eus\/anasagasti\/files\/2025\/06\/Iker-Goni-940x529.jpg\" alt=\"\" class=\"wp-image-20568\" srcset=\"https:\/\/blogs.deia.eus\/anasagasti\/files\/2025\/06\/Iker-Goni-940x529.jpg 940w, https:\/\/blogs.deia.eus\/anasagasti\/files\/2025\/06\/Iker-Goni-580x326.jpg 580w, https:\/\/blogs.deia.eus\/anasagasti\/files\/2025\/06\/Iker-Goni-768x432.jpg 768w, https:\/\/blogs.deia.eus\/anasagasti\/files\/2025\/06\/Iker-Goni.jpg 1024w\" sizes=\"auto, (max-width: 940px) 100vw, 940px\" \/><\/a><\/figure>\n<\/div>\n\n\n<p>Este viernes 20 de junio se celebran elecciones a la presidencia de la Federaci\u00f3n Vasca de F\u00fatbol. Habr\u00e1, seguro, nuevo presidente, pues Javier Landeta no concurre a la reelecci\u00f3n, y ser\u00e1n los clubes vascos (como reserva la ley auton\u00f3mica del deporte) los que tendr\u00e1n que decidir entre tres candidatos: Carlos G\u00f3mez, Aritz Hern\u00e1ndez o Iker Go\u00f1i. De fondo est\u00e1 la propia concepci\u00f3n de la FVF, el prolongar una inveterada limitaci\u00f3n en su capacidad de influencia y liderazgo real en el f\u00fatbol vasco, o el acometer de una vez el definitivo avance de la mano de la consecuci\u00f3n de recursos en colaboraci\u00f3n con empresas privadas e instituciones p\u00fablicas. Se trata de eso y de la necesaria revitalizaci\u00f3n de una Euskal Selekzioa sumida en un frustrante letargo, no ya en su camino a la oficialidad internacional, sino en su mera presencia en los terrenos con una continuidad perdida los \u00faltimos a\u00f1os.<\/p>\n\n\n\n<p>Tres opciones, tres, con nombres nuevos, pero, sin duda, apreciables diferencias. La de Carlos G\u00f3mez es una candidatura continuista (as\u00ed autorreconocida), que hace suyo un per\u00edodo anodino, con una oposici\u00f3n interna final que se ha evidenciado con la no aprobaci\u00f3n por la asamblea del nuevo reglamento electoral. G\u00f3mez se\u00f1al\u00f3 que s\u00f3lo se presentar\u00eda si contaba con el apoyo de las tres federaciones territoriales, y lo hace pese a no conseguir ninguno de ellos. La no concurrencia de Landeta y que lo haga su tesorero seguramente tiene que ver con el triste episodio de guardar en el caj\u00f3n el proceso a la oficialidad emprendido por su antecesor Luis Mar\u00eda Elustondo, por mandato (a\u00fan vigente) de la asamblea de la federaci\u00f3n. Las dudas sembradas sobre tal expediente se extienden a otros objetivos gen\u00e9ricos no alcanzados en este \u00faltimo cuatrienio.<\/p>\n\n\n\n<p>Aritz Hern\u00e1ndez es &#8216;el hombre de Mardones&#8217;, el sempiterno presidente de la federaci\u00f3n vizca\u00edna, acostumbrado a dar su apoyo de inicio a un candidato y luego retir\u00e1rselo cuando pretende ejercer realmente. En esta ocasi\u00f3n ni siquiera promueve a G\u00f3mez y presenta a Hern\u00e1ndez, que desde su empresa ha prestado servicios a las federaciones, lo que apunta a posibles conflictos de intereses. La tradicional oposici\u00f3n soterrada de G\u00f3mez Mardones a la oficialidad no augura avances en esa materia por esta candidatura, circunscrita a determinados clubes vizca\u00ednos y con escasos apoyos en Gipuzkoa y \u00c1lava.<\/p>\n\n\n\n<p>Quien s\u00ed parece con posibilidades reales de contender ante el continuismo de G\u00f3mez es Iker Go\u00f1i, que aporta juventud y renovadas ideas, trat\u00e1ndose de alguien con preparaci\u00f3n en la gesti\u00f3n deportiva y que fue directivo del Athletic con Aitor Elizegi. Go\u00f1i ofrece a los clubes cercan\u00eda y colaboraci\u00f3n constantes para su dif\u00edcil d\u00eda a d\u00eda, formaci\u00f3n y recursos, que es lo que necesitan los de los tres territorios, en los que tiene repartidos sus apoyos. Ha puesto sobre la mesa alianzas con relevantes empresas para subvenir a nuevos proyectos, con defensa de la igualdad y el euskera, adem\u00e1s de incorporar en su plancha al olvidado f\u00fatbol sala. Puede afirmarse que la alternativa de Iker Go\u00f1i es la \u00fanica que apuesta firmemente por la oficialidad de la Euskal Selekzioa, en un momento en el que la legislaci\u00f3n ha propiciado su consecuci\u00f3n en pelota y posiblemente en otros deportes, por qu\u00e9 no en el f\u00fatbol.<\/p>\n\n\n\n<p>La Federaci\u00f3n Vasca de F\u00fatbol tiene que aspirar a ser algo m\u00e1s que un protocolario &#8216;lacito verde&#8217; y asumir su papel de real catalizador del f\u00fatbol vasco, que defienda los intereses de todos sus estamentos, de los clubes, pero tambi\u00e9n (como la ley exige) de jugadores, t\u00e9cnicos y \u00e1rbitros. Y de los propios aficionados. La FVF es, tiene que ser, la federaci\u00f3n deportiva m\u00e1s importante de Euskadi, y necesita implementar m\u00e1s pol\u00edticas de actuaci\u00f3n y estar en disposici\u00f3n de proporcionar recursos econ\u00f3micos, formativos y de servicios a todos sus agentes, incluida esa Selecci\u00f3n verde que una mayor\u00eda social quiere ver competir internacionalmente como en otros deportes con arraigo en nuestra tierra.<\/p>\n\n\n\n<p>El d\u00eda 20, 84 clubes deciden el pr\u00f3ximo rumbo del futbol vasco. Que al dar su voto piensen en una comunidad unida de intereses, y en afrontar un reconocible impulso.<\/p>\n<!-- AddThis Advanced Settings generic via filter on the_content --><!-- AddThis Share Buttons generic via filter on the_content -->","protected":false},"excerpt":{"rendered":"<p>Mi\u00e9rcoles 18 de junio de 2025 David Salinas Armendariz Este viernes 20 de junio se celebran elecciones a la presidencia de la Federaci\u00f3n Vasca de F\u00fatbol. Habr\u00e1, seguro, nuevo presidente, pues Javier Landeta no concurre a la reelecci\u00f3n, y ser\u00e1n los clubes vascos (como reserva la ley auton\u00f3mica del deporte) los que tendr\u00e1n que decidir &hellip; <a href=\"https:\/\/blogs.deia.eus\/anasagasti\/2025\/06\/18\/por-que-iker-goni-deberia-ser-el-presidente-de-la-federacion-vasca-de-futbol\/\" class=\"more-link\">Sigue leyendo <span class=\"screen-reader-text\">\u00bfPOR QU\u00c9 IKER GO\u00d1I DEBER\u00cdA SER EL PRESIDENTE DE\u00a0 LA FEDERACI\u00d3N VASCA DE F\u00daTBOL?<\/span><\/a><!-- AddThis Advanced Settings generic via filter on get_the_excerpt --><!-- AddThis Share Buttons generic via filter on get_the_excerpt --><\/p>\n","protected":false},"author":19,"featured_media":0,"comment_status":"open","ping_status":"open","sticky":false,"template":"","format":"standard","meta":{"footnotes":""},"categories":[1],"tags":[],"class_list":["post-20567","post","type-post","status-publish","format-standard","hentry","category-general"],"_links":{"self":[{"href":"https:\/\/blogs.deia.eus\/anasagasti\/wp-json\/wp\/v2\/posts\/20567","targetHints":{"allow":["GET"]}}],"collection":[{"href":"https:\/\/blogs.deia.eus\/anasagasti\/wp-json\/wp\/v2\/posts"}],"about":[{"href":"https:\/\/blogs.deia.eus\/anasagasti\/wp-json\/wp\/v2\/types\/post"}],"author":[{"embeddable":true,"href":"https:\/\/blogs.deia.eus\/anasagasti\/wp-json\/wp\/v2\/users\/19"}],"replies":[{"embeddable":true,"href":"https:\/\/blogs.deia.eus\/anasagasti\/wp-json\/wp\/v2\/comments?post=20567"}],"version-history":[{"count":1,"href":"https:\/\/blogs.deia.eus\/anasagasti\/wp-json\/wp\/v2\/posts\/20567\/revisions"}],"predecessor-version":[{"id":20569,"href":"https:\/\/blogs.deia.eus\/anasagasti\/wp-json\/wp\/v2\/posts\/20567\/revisions\/20569"}],"wp:attachment":[{"href":"https:\/\/blogs.deia.eus\/anasagasti\/wp-json\/wp\/v2\/media?parent=20567"}],"wp:term":[{"taxonomy":"category","embeddable":true,"href":"https:\/\/blogs.deia.eus\/anasagasti\/wp-json\/wp\/v2\/categories?post=20567"},{"taxonomy":"post_tag","embeddable":true,"href":"https:\/\/blogs.deia.eus\/anasagasti\/wp-json\/wp\/v2\/tags?post=20567"}],"curies":[{"name":"wp","href":"https:\/\/api.w.org\/{rel}","templated":true}]}}