{"id":20572,"date":"2025-06-19T13:55:17","date_gmt":"2025-06-19T11:55:17","guid":{"rendered":"https:\/\/blogs.deia.eus\/anasagasti\/?p=20572"},"modified":"2025-06-19T13:55:17","modified_gmt":"2025-06-19T11:55:17","slug":"dos-actos-en-ajuria-enea","status":"publish","type":"post","link":"https:\/\/blogs.deia.eus\/anasagasti\/2025\/06\/19\/dos-actos-en-ajuria-enea\/","title":{"rendered":"DOS ACTOS EN AJURIA ENEA"},"content":{"rendered":"\n<p><strong>Jueves 19 de junio de 2025<\/strong><\/p>\n\n\n<div class=\"wp-block-image\">\n<figure class=\"aligncenter size-full is-resized\"><a href=\"https:\/\/blogs.deia.eus\/anasagasti\/files\/2025\/06\/garaikoetxea-y-sagrario-mina-1.jpg\"><img loading=\"lazy\" decoding=\"async\" width=\"360\" height=\"307\" src=\"https:\/\/blogs.deia.eus\/anasagasti\/files\/2025\/06\/garaikoetxea-y-sagrario-mina-1.jpg\" alt=\"\" class=\"wp-image-20573\" style=\"width:648px;height:auto\" \/><\/a><\/figure>\n<\/div>\n\n\n<p>Escuchaba ayer por la noche la entrevista en ETB al Lehendakari y posterior contestaci\u00f3n a las preguntas que le formularon un elenco de personas, casi todas j\u00f3venes, al Lehendakari Pradales. Estando en ello recibo el\u00a0 whatsapp de un parlamentario con el que he convivido en Madrid en el Grupo Vasco. Me dec\u00eda: \u201dLehendakari txap\u00f3!. Vaya cambio!. Seguro y bien\u2026contestando con claridad, y solvencia y una presencia muy buena. Aplausos. Ni un pero\u2026\u201d<\/p>\n\n\n\n<p>Le contest\u00e9 que coincid\u00eda con su apreciaci\u00f3n, sobre todo en contraste con lo que &nbsp;el &nbsp;mi\u00e9rcoles hab\u00eda ocurrido en el Congreso. Aquello no era pol\u00edtica, sino un insulto perpetuo y el contraste con una persona que argumentaba y no levantaba la voz, era llamativo y en favor de lo que vivimos&nbsp; aqu\u00ed y en favor del Lehendakari. Si le dije que, noto un cierto complejo a la hora de los casting preguntones. Que no haya personas mayores nunca, no muestra a la sociedad como es. Y quien organiza las cosas de esta manera se equivoca. Es como avergonzarse de tus aitas porque son mayores y se tienen que operar de cataratas. Es la realidad y la vida. No todo el mundo es joven en esta sociedad envejecida.<\/p>\n\n\n\n<p>Al final del correo, me dec\u00eda \u201cEl acto del lunes organizado en honor de Garaikoetxea fue una chapuza de producci\u00f3n y protocolo, pero hoy el Lehendakari y el acto est\u00e1 de diez\u201d.<\/p>\n\n\n\n<p>Pues si.<\/p>\n\n\n\n<p>Coincido tambi\u00e9n con su apreciaci\u00f3n sobre el acto del lunes &nbsp;pues no &nbsp;ponerle al Lehendakari Garaikoetxea un ayudante, fue un error de protocolo grave, habida cuenta de sus limitaciones, propias de la edad. Colocarle a su esposa Sagrario Mina en segunda fila, fue un error muy grave de protocolo y algo ins\u00f3lito y de mal gusto. No organizar un acto incluyendo viceconsejeros y directores de aquel primer gobierno, fue falta de visi\u00f3n pol\u00edtica. Las cosas no las hace una persona solamente. Y no invitar a Inmaculada Boneta, vicepresidenta del primer Parlamento Vasco y, fallecido el presidente Juan Jose Pujana, la persona de m\u00e1s relieve de&nbsp; aquel primer Parlamento que eligi\u00f3 a Garaikoetxera, fue de cesar a quien organiz\u00f3 el acto ya que sitio hab\u00eda de sobra, aunque lo que faltaba era el criterio pol\u00edtico. Los referentes en una sociedad son los referentes y adem\u00e1s no buscan ni piden nada. Se echaron &nbsp;en falta personalidades como Azkarraga, Kn\u00f6rr, Errazti\u2026.y gentes de una y otra parte que fueron protagonistas de&nbsp; aquellos a\u00f1os, con sus luces y sus sombras.<\/p>\n\n\n\n<p>Si se quer\u00eda reconocer a un Lehendakari, idea justa y necesaria, hubiera estado mejor organizarlo todo con mayor sensibilidad pol\u00edtica y humana. Quiz\u00e1s la ignorancia, que es osada, cree que lo puede todo. Y as\u00ed es, pero el saldo es penoso.<\/p>\n\n\n\n<p>Pasadas aquellas tensiones tan dram\u00e1ticas que tantas consecuencias dejaron, el PNV ya le otorg\u00f3 el premio de la Fundaci\u00f3n Sabino Arana, y, pasado el tiempo se trataba de pasar p\u00e1gina con sensibilidad y acierto. Es propio de sociedades civilizadas mostrar lo mejor de si mismas dejando de lado las impurezas humanas que nos rodean diariamente y ese homenaje, bien hecho, hubiera sido para cerrar &nbsp;muchas heridas. Desgraciadamente ha dejado mucho malestar en personas que no han sido tenidas en cuenta pero que siguen creyendo, dolidas, que por la paz, una ave mar\u00eda y se callan. No menos de diez me lo han comentado. Y tengo la mala sensaci\u00f3n que a futuro se volver\u00e1n a repetir estas cosas pues convivimos con gentes nacieron sabi\u00e9ndolo y lo de ellos nunca es preguntar.<\/p>\n\n\n\n<p>El discurso de Imanol Pradales, impecable, con algunas ausencias, aunque&nbsp; equilibrado.<\/p>\n\n\n\n<p>Y si me permiten, un recuerdo a personas de protocolo que han trabajado en Ajuria Enea y que nadie menta. Bego\u00f1a Ezpeleta, Bego\u00f1a Salinas, Bego\u00f1a Revuelta, Esther Mendialdua, Miren Erezkano\u2026.<\/p>\n<!-- AddThis Advanced Settings generic via filter on the_content --><!-- AddThis Share Buttons generic via filter on the_content -->","protected":false},"excerpt":{"rendered":"<p>Jueves 19 de junio de 2025 Escuchaba ayer por la noche la entrevista en ETB al Lehendakari y posterior contestaci\u00f3n a las preguntas que le formularon un elenco de personas, casi todas j\u00f3venes, al Lehendakari Pradales. Estando en ello recibo el\u00a0 whatsapp de un parlamentario con el que he convivido en Madrid en el Grupo &hellip; <a href=\"https:\/\/blogs.deia.eus\/anasagasti\/2025\/06\/19\/dos-actos-en-ajuria-enea\/\" class=\"more-link\">Sigue leyendo <span class=\"screen-reader-text\">DOS ACTOS EN AJURIA ENEA<\/span><\/a><!-- AddThis Advanced Settings generic via filter on get_the_excerpt --><!-- AddThis Share Buttons generic via filter on get_the_excerpt --><\/p>\n","protected":false},"author":19,"featured_media":0,"comment_status":"open","ping_status":"open","sticky":false,"template":"","format":"standard","meta":{"footnotes":""},"categories":[1],"tags":[],"class_list":["post-20572","post","type-post","status-publish","format-standard","hentry","category-general"],"_links":{"self":[{"href":"https:\/\/blogs.deia.eus\/anasagasti\/wp-json\/wp\/v2\/posts\/20572","targetHints":{"allow":["GET"]}}],"collection":[{"href":"https:\/\/blogs.deia.eus\/anasagasti\/wp-json\/wp\/v2\/posts"}],"about":[{"href":"https:\/\/blogs.deia.eus\/anasagasti\/wp-json\/wp\/v2\/types\/post"}],"author":[{"embeddable":true,"href":"https:\/\/blogs.deia.eus\/anasagasti\/wp-json\/wp\/v2\/users\/19"}],"replies":[{"embeddable":true,"href":"https:\/\/blogs.deia.eus\/anasagasti\/wp-json\/wp\/v2\/comments?post=20572"}],"version-history":[{"count":1,"href":"https:\/\/blogs.deia.eus\/anasagasti\/wp-json\/wp\/v2\/posts\/20572\/revisions"}],"predecessor-version":[{"id":20574,"href":"https:\/\/blogs.deia.eus\/anasagasti\/wp-json\/wp\/v2\/posts\/20572\/revisions\/20574"}],"wp:attachment":[{"href":"https:\/\/blogs.deia.eus\/anasagasti\/wp-json\/wp\/v2\/media?parent=20572"}],"wp:term":[{"taxonomy":"category","embeddable":true,"href":"https:\/\/blogs.deia.eus\/anasagasti\/wp-json\/wp\/v2\/categories?post=20572"},{"taxonomy":"post_tag","embeddable":true,"href":"https:\/\/blogs.deia.eus\/anasagasti\/wp-json\/wp\/v2\/tags?post=20572"}],"curies":[{"name":"wp","href":"https:\/\/api.w.org\/{rel}","templated":true}]}}