{"id":20575,"date":"2025-06-20T08:32:58","date_gmt":"2025-06-20T06:32:58","guid":{"rendered":"https:\/\/blogs.deia.eus\/anasagasti\/?p=20575"},"modified":"2025-06-20T08:32:58","modified_gmt":"2025-06-20T06:32:58","slug":"en-recuerdo-de-aquella-corporacion-democratica-del-alcalde-ercoreca-y-del-republicano-jesus-saenz-riosi","status":"publish","type":"post","link":"https:\/\/blogs.deia.eus\/anasagasti\/2025\/06\/20\/en-recuerdo-de-aquella-corporacion-democratica-del-alcalde-ercoreca-y-del-republicano-jesus-saenz-riosi\/","title":{"rendered":"EN RECUERDO DE AQUELLA CORPORACI\u00d3N DEMOCR\u00c1TICA DEL ALCALDE ERCORECA Y DEL REPUBLICANO JES\u00daS S\u00c1ENZ RIOSI."},"content":{"rendered":"\n<p><strong>Viernes 20 de junio de 2025<\/strong><\/p>\n\n\n<div class=\"wp-block-image\">\n<figure class=\"aligncenter size-large\"><a href=\"https:\/\/blogs.deia.eus\/anasagasti\/files\/2025\/06\/Homenaje-Ernesto-Ercoreca.jpg\"><img loading=\"lazy\" decoding=\"async\" width=\"940\" height=\"434\" src=\"https:\/\/blogs.deia.eus\/anasagasti\/files\/2025\/06\/Homenaje-Ernesto-Ercoreca-940x434.jpg\" alt=\"\" class=\"wp-image-20576\" srcset=\"https:\/\/blogs.deia.eus\/anasagasti\/files\/2025\/06\/Homenaje-Ernesto-Ercoreca-940x434.jpg 940w, https:\/\/blogs.deia.eus\/anasagasti\/files\/2025\/06\/Homenaje-Ernesto-Ercoreca-580x268.jpg 580w, https:\/\/blogs.deia.eus\/anasagasti\/files\/2025\/06\/Homenaje-Ernesto-Ercoreca-768x355.jpg 768w, https:\/\/blogs.deia.eus\/anasagasti\/files\/2025\/06\/Homenaje-Ernesto-Ercoreca.jpg 1024w\" sizes=\"auto, (max-width: 940px) 100vw, 940px\" \/><\/a><\/figure>\n<\/div>\n\n\n<p>La fotograf\u00eda la sac\u00f3 el mi\u00e9rcoles Monika Aperribai. Estoy con su aita Emilio, aquel &nbsp;ni\u00f1o de 8 meses que su ama sac\u00f3 en brazos del bombardeo de Gernika el 26 de abril de 1937. Todo un honor.<\/p>\n\n\n\n<p>La foto est\u00e1 sacada despu\u00e9s de celebrado el acto anual en recuerdo de la corporaci\u00f3n democr\u00e1tica de Bilbao surgida tras las elecciones del 14 de abril de 1931 y que eligieron por unanimidad como alcalde a Ernesto Ercoreca. Y en la plaza del ayuntamiento que lleva su nombre all\u00ed estuvimos bajo un sol inclemente a las&nbsp; seis y media de la tarde del mi\u00e9rcoles un peque\u00f1o grupo.<\/p>\n\n\n\n<p>Cada grupo de concejales estuvo representado por un concejal que se dirigi\u00f3 a los asistentes recordando la fecha, cerrando el acto uno de los&nbsp; bisnietos&nbsp; de Ercoreca que glos\u00f3 la figura de su bisabuelo. Despu\u00e9s tuvo lugar la ofrenda floral. Se record\u00f3 asimismo a Jes\u00fas S\u00e1enz Riosi, asesinado en uno de los campos de concentraci\u00f3n nazis.<\/p>\n\n\n\n<p>Al cumplirse el cincuentenario de la muerte del alcalde nos pusimos en contacto con I\u00f1aki Azkuna que nos invit\u00f3 a hacer algo en su recuerdo. Nuestra secretaria Maybe conoc\u00eda a la familia Ercoreca y un buen d\u00eda su nieto Ernesto nos vino a la oficina con un texto de Memorias y fotograf\u00edas de su abuelo. Y el Ayuntamiento &nbsp;las edit\u00f3 a trav\u00e9s de la Biblioteca Cl\u00e1sica Municipal. Un &nbsp;precioso libro que se present\u00f3 en el Sal\u00f3n \u00c1rabe del propio Ayuntamiento.<\/p>\n\n\n\n<p>Detr\u00e1s de todos estos actos est\u00e1 el profesor Jon Penche que mantiene la llama y ojal\u00e1 lo haga por muchos a\u00f1os. Honrar, honra.<\/p>\n<!-- AddThis Advanced Settings generic via filter on the_content --><!-- AddThis Share Buttons generic via filter on the_content -->","protected":false},"excerpt":{"rendered":"<p>Viernes 20 de junio de 2025 La fotograf\u00eda la sac\u00f3 el mi\u00e9rcoles Monika Aperribai. Estoy con su aita Emilio, aquel &nbsp;ni\u00f1o de 8 meses que su ama sac\u00f3 en brazos del bombardeo de Gernika el 26 de abril de 1937. Todo un honor. La foto est\u00e1 sacada despu\u00e9s de celebrado el acto anual en recuerdo &hellip; <a href=\"https:\/\/blogs.deia.eus\/anasagasti\/2025\/06\/20\/en-recuerdo-de-aquella-corporacion-democratica-del-alcalde-ercoreca-y-del-republicano-jesus-saenz-riosi\/\" class=\"more-link\">Sigue leyendo <span class=\"screen-reader-text\">EN RECUERDO DE AQUELLA CORPORACI\u00d3N DEMOCR\u00c1TICA DEL ALCALDE ERCORECA Y DEL REPUBLICANO JES\u00daS S\u00c1ENZ RIOSI.<\/span><\/a><!-- AddThis Advanced Settings generic via filter on get_the_excerpt --><!-- AddThis Share Buttons generic via filter on get_the_excerpt --><\/p>\n","protected":false},"author":19,"featured_media":0,"comment_status":"open","ping_status":"open","sticky":false,"template":"","format":"standard","meta":{"footnotes":""},"categories":[1],"tags":[],"class_list":["post-20575","post","type-post","status-publish","format-standard","hentry","category-general"],"_links":{"self":[{"href":"https:\/\/blogs.deia.eus\/anasagasti\/wp-json\/wp\/v2\/posts\/20575","targetHints":{"allow":["GET"]}}],"collection":[{"href":"https:\/\/blogs.deia.eus\/anasagasti\/wp-json\/wp\/v2\/posts"}],"about":[{"href":"https:\/\/blogs.deia.eus\/anasagasti\/wp-json\/wp\/v2\/types\/post"}],"author":[{"embeddable":true,"href":"https:\/\/blogs.deia.eus\/anasagasti\/wp-json\/wp\/v2\/users\/19"}],"replies":[{"embeddable":true,"href":"https:\/\/blogs.deia.eus\/anasagasti\/wp-json\/wp\/v2\/comments?post=20575"}],"version-history":[{"count":1,"href":"https:\/\/blogs.deia.eus\/anasagasti\/wp-json\/wp\/v2\/posts\/20575\/revisions"}],"predecessor-version":[{"id":20577,"href":"https:\/\/blogs.deia.eus\/anasagasti\/wp-json\/wp\/v2\/posts\/20575\/revisions\/20577"}],"wp:attachment":[{"href":"https:\/\/blogs.deia.eus\/anasagasti\/wp-json\/wp\/v2\/media?parent=20575"}],"wp:term":[{"taxonomy":"category","embeddable":true,"href":"https:\/\/blogs.deia.eus\/anasagasti\/wp-json\/wp\/v2\/categories?post=20575"},{"taxonomy":"post_tag","embeddable":true,"href":"https:\/\/blogs.deia.eus\/anasagasti\/wp-json\/wp\/v2\/tags?post=20575"}],"curies":[{"name":"wp","href":"https:\/\/api.w.org\/{rel}","templated":true}]}}