{"id":20578,"date":"2025-06-21T13:27:18","date_gmt":"2025-06-21T11:27:18","guid":{"rendered":"https:\/\/blogs.deia.eus\/anasagasti\/?p=20578"},"modified":"2025-06-21T13:27:19","modified_gmt":"2025-06-21T11:27:19","slug":"el-inmediato-resurgir-del-partido-galleguista","status":"publish","type":"post","link":"https:\/\/blogs.deia.eus\/anasagasti\/2025\/06\/21\/el-inmediato-resurgir-del-partido-galleguista\/","title":{"rendered":"EL INMEDIATO RESURGIR DEL PARTIDO GALLEGUISTA."},"content":{"rendered":"\n<p><strong>S\u00e1bado 21 de junio de 2025<\/strong><\/p>\n\n\n<div class=\"wp-block-image\">\n<figure class=\"aligncenter size-large\"><a href=\"https:\/\/blogs.deia.eus\/anasagasti\/files\/2025\/06\/Partido-Galleguista.jpg\"><img loading=\"lazy\" decoding=\"async\" width=\"940\" height=\"676\" src=\"https:\/\/blogs.deia.eus\/anasagasti\/files\/2025\/06\/Partido-Galleguista-940x676.jpg\" alt=\"\" class=\"wp-image-20579\" srcset=\"https:\/\/blogs.deia.eus\/anasagasti\/files\/2025\/06\/Partido-Galleguista-940x676.jpg 940w, https:\/\/blogs.deia.eus\/anasagasti\/files\/2025\/06\/Partido-Galleguista-580x417.jpg 580w, https:\/\/blogs.deia.eus\/anasagasti\/files\/2025\/06\/Partido-Galleguista-768x552.jpg 768w, https:\/\/blogs.deia.eus\/anasagasti\/files\/2025\/06\/Partido-Galleguista.jpg 1024w\" sizes=\"auto, (max-width: 940px) 100vw, 940px\" \/><\/a><\/figure>\n<\/div>\n\n\n<p>Nos llam\u00f3 Pepe Casal, quien fuera Presidente de la casa de Galicia, candidato a las elecciones Europeas por la Europa de los Pueblos y viejo amigo. Quer\u00eda dos cosas. Que degust\u00e1ramos la tortilla del&nbsp; Kaixo en Algorta, que la considera una de las mejores&nbsp; del mundo y darnos cuenta de como el Partido Galleguista, fundado por Castelao, reinicia el&nbsp; s\u00e1bado 5 de julio en O Grove una nueva andadura. El Partido Galleguista fue fundado en los a\u00f1os treinta del siglo pasado por Castelao y&nbsp; sus seguidores.<\/p>\n\n\n\n<p>Y desde el Kaixo nos puso en contacto con Chesqui, verdadero animador de esta nueva salida a la superficie de partido tan hist\u00f3rico y representativo de la Galicia de siempre. Pepe Casal es su delegado en Euzkadi y fue con \u00e9l con quien en su d\u00eda instauramos El D\u00eda de Galicia en Euzkadi y posteriormente el d\u00eda de Euzkadi en Galicia en tiempos de los Lehendakaris Ardanza, Ibarretxe y&nbsp; Urkullu. Hoy todo esto, como casi todo, languidece, y ser\u00eda preciso un nuevo impulso aprovechando los nuevos sistemas de comunicaci\u00f3n. Hay gente joven en Galiza que lo est\u00e1 esperando.<\/p>\n\n\n\n<p>Fue un primer contacto, que&nbsp; cuenta con nuestro apoyo moral, y a esperar que la m\u00e1quina se ponga en marcha. De hecho, este lunes, Pepe Casal estar\u00e1 en Galicia.<\/p>\n\n\n\n<p>Suerte!!!.<\/p>\n<!-- AddThis Advanced Settings generic via filter on the_content --><!-- AddThis Share Buttons generic via filter on the_content -->","protected":false},"excerpt":{"rendered":"<p>S\u00e1bado 21 de junio de 2025 Nos llam\u00f3 Pepe Casal, quien fuera Presidente de la casa de Galicia, candidato a las elecciones Europeas por la Europa de los Pueblos y viejo amigo. Quer\u00eda dos cosas. Que degust\u00e1ramos la tortilla del&nbsp; Kaixo en Algorta, que la considera una de las mejores&nbsp; del mundo y darnos cuenta &hellip; <a href=\"https:\/\/blogs.deia.eus\/anasagasti\/2025\/06\/21\/el-inmediato-resurgir-del-partido-galleguista\/\" class=\"more-link\">Sigue leyendo <span class=\"screen-reader-text\">EL INMEDIATO RESURGIR DEL PARTIDO GALLEGUISTA.<\/span><\/a><!-- AddThis Advanced Settings generic via filter on get_the_excerpt --><!-- AddThis Share Buttons generic via filter on get_the_excerpt --><\/p>\n","protected":false},"author":19,"featured_media":0,"comment_status":"open","ping_status":"open","sticky":false,"template":"","format":"standard","meta":{"footnotes":""},"categories":[1],"tags":[],"class_list":["post-20578","post","type-post","status-publish","format-standard","hentry","category-general"],"_links":{"self":[{"href":"https:\/\/blogs.deia.eus\/anasagasti\/wp-json\/wp\/v2\/posts\/20578","targetHints":{"allow":["GET"]}}],"collection":[{"href":"https:\/\/blogs.deia.eus\/anasagasti\/wp-json\/wp\/v2\/posts"}],"about":[{"href":"https:\/\/blogs.deia.eus\/anasagasti\/wp-json\/wp\/v2\/types\/post"}],"author":[{"embeddable":true,"href":"https:\/\/blogs.deia.eus\/anasagasti\/wp-json\/wp\/v2\/users\/19"}],"replies":[{"embeddable":true,"href":"https:\/\/blogs.deia.eus\/anasagasti\/wp-json\/wp\/v2\/comments?post=20578"}],"version-history":[{"count":1,"href":"https:\/\/blogs.deia.eus\/anasagasti\/wp-json\/wp\/v2\/posts\/20578\/revisions"}],"predecessor-version":[{"id":20580,"href":"https:\/\/blogs.deia.eus\/anasagasti\/wp-json\/wp\/v2\/posts\/20578\/revisions\/20580"}],"wp:attachment":[{"href":"https:\/\/blogs.deia.eus\/anasagasti\/wp-json\/wp\/v2\/media?parent=20578"}],"wp:term":[{"taxonomy":"category","embeddable":true,"href":"https:\/\/blogs.deia.eus\/anasagasti\/wp-json\/wp\/v2\/categories?post=20578"},{"taxonomy":"post_tag","embeddable":true,"href":"https:\/\/blogs.deia.eus\/anasagasti\/wp-json\/wp\/v2\/tags?post=20578"}],"curies":[{"name":"wp","href":"https:\/\/api.w.org\/{rel}","templated":true}]}}