{"id":20581,"date":"2025-06-22T08:07:11","date_gmt":"2025-06-22T06:07:11","guid":{"rendered":"https:\/\/blogs.deia.eus\/anasagasti\/?p=20581"},"modified":"2025-06-22T08:07:11","modified_gmt":"2025-06-22T06:07:11","slug":"vayanse-no-les-necesitamos-cierren-la-puerta","status":"publish","type":"post","link":"https:\/\/blogs.deia.eus\/anasagasti\/2025\/06\/22\/vayanse-no-les-necesitamos-cierren-la-puerta\/","title":{"rendered":"\u00a1V\u00c1YANSE!, NO LES NECESITAMOS, CIERREN LA PUERTA"},"content":{"rendered":"\n<p><strong>Domingo 22 de junio de 2025<\/strong><\/p>\n\n\n<div class=\"wp-block-image\">\n<figure class=\"aligncenter size-full\"><a href=\"https:\/\/blogs.deia.eus\/anasagasti\/files\/2025\/06\/Articulo-DEIA-22-de-junio-de-2025.jpg\"><img loading=\"lazy\" decoding=\"async\" width=\"768\" height=\"1014\" src=\"https:\/\/blogs.deia.eus\/anasagasti\/files\/2025\/06\/Articulo-DEIA-22-de-junio-de-2025.jpg\" alt=\"\" class=\"wp-image-20582\" srcset=\"https:\/\/blogs.deia.eus\/anasagasti\/files\/2025\/06\/Articulo-DEIA-22-de-junio-de-2025.jpg 768w, https:\/\/blogs.deia.eus\/anasagasti\/files\/2025\/06\/Articulo-DEIA-22-de-junio-de-2025-580x766.jpg 580w\" sizes=\"auto, (max-width: 768px) 100vw, 768px\" \/><\/a><\/figure>\n<\/div>\n\n\n<p>Quienes hemos vivido desde la barrera los esc\u00e1ndalos del GAL, Filesa, BOE, Banco de Espa\u00f1a, G\u00fcrtel, Kitchen, Polic\u00eda Patri\u00f3tica, de Miguel\u2026.lo ocurrido con la UCO, S\u00e1nchez, sus dos responsables de Organizaci\u00f3n y el conseguidor Koldo, nos hace ver las cosas con cierta perspectiva. Y una conclusi\u00f3n es el sistema como est\u00e1 montado. No es comprensible que desde el Rey a un Portero de discoteca, \u00e9sta del robo sea la constante. La corrupci\u00f3n es estructural.<\/p>\n\n\n\n<p>Lo novedoso es el uso de las redes sociales, las grabaciones secretas, la inquina rencorosa del PP, la cara dura de S\u00e1nchez, el haber convertido Ferraz en un bunker, las manos quemadas de Bola\u00f1os y Montero y el vivir un clima irrespirable sin que nadie diga nada por miedo. Lo malo es que nos ofrecen pasar de Guatemala a Guatepeor sin que nadie toque a los corruptores, porque para que haya corrompidos, tiene que haber corruptores, y muchas de las empresas de construcci\u00f3n est\u00e1n en manos de endiosados empresarios del PP, que aparecen destacados en letra negrita en todos los saraos, siendo siempre muy reverenciados y nunca les ocurre nada. Escuch\u00e9 una clase de \u00e9tica de Villar Mir y a los pocos d\u00edas era encausado por corrupto.<\/p>\n\n\n\n<p>Y es que lo que no se dice en voz alta es lo que m\u00e1s importa: si ma\u00f1ana se aplicara la ley de contratos con la misma firmeza que se aplica al peque\u00f1o comercio o al migrante sin papeles, medio Ibex quedar\u00eda fuera de la obra p\u00fablica. El Sistema es cobarde y de ah\u00ed que la verdadera impunidad no es la que se oculta. Es la que se institucionaliza. La que huele a cemento fresco y a poder bien distribuido. Si el Rey robaba, imag\u00ednense los dem\u00e1s. \u201dEs el sistema, imb\u00e9cil\u201d que dir\u00eda el estratega de la campa\u00f1a de Clinton.<\/p>\n\n\n\n<p>Sin auditor\u00edas externas de verdad, sin otro Tribunal de Cuentas, sin otra forma de financiar a los partidos, sin apostar por gente decente, esto seguir\u00e1 ocurriendo. Y sobre todo si se elige a personas sin moral para cargos de responsabilidad, la repetici\u00f3n est\u00e1 asegurada.<\/p>\n\n\n\n<p>Lo malo es el inmenso da\u00f1o que se le hace al sistema democr\u00e1tico y m\u00e1s cuando ves que N\u00fa\u00f1ez Feij\u00f3o est\u00e1 en manos de VOX y ves y escuchas lo que hace y dice la Sra. Ayuso. Muy cristianos pero son incapaces de conmoverse ante el genocidio en Gaza, y muy patriotas pero aplauden los aranceles de Trump. Menuda cuadrilla con la \u00fanica obsesi\u00f3n conocida y repetida de insultar y llegar al poder como sea, para volver a la vieja Espa\u00f1a del Cid, o de la fotograf\u00eda con el narco Marcial Dorado..<\/p>\n\n\n\n<p>Para esc\u00e1ndalo tambi\u00e9n el de Carlos Maz\u00f3n, el presidente del PP valenciano que ah\u00ed sigue tras ser responsable de un buen n\u00famero de fallecidos en base a la negligencia de su irresponsable sobremesa con una periodista en plena Dana. Todo ese mundo que se presenta como alternativo no es trigo limpio.<\/p>\n\n\n\n<p><strong>LAS MALETAS DE DELCY<\/strong><\/p>\n\n\n\n<p>Y no quiero ser indulgente con S\u00e1nchez del que deseo saber que pas\u00f3 en el aeropuerto de Barajas con \u00c1balos y la vicepresidenta de Maduro, Delcy Rodr\u00edguez. A ver si sale de una vez alguna grabaci\u00f3n de semejante esc\u00e1ndalo. S\u00e1nchez en lugar de liderar internacionalmente la democratizaci\u00f3n de Venezuela, ha sido con Zapatero uno de los grandes causantes de su ruina y de la persecuci\u00f3n existente. Solo recordar a Ra\u00fal Morodo, embajador de Zapatero en Caracas, recientemente condenado a c\u00e1rcel por corrupci\u00f3n, a pesar de nuestras denuncias. Si, si. Nadie nos hizo caso. Y destacar que toda esta crisis, con Aldama al frente, tiene un tel\u00f3n de fondo chavista.<\/p>\n\n\n\n<p>Lo ha denunciado Juan Guaid\u00f3, hoy exiliado, que era el presidente de la Asamblea Nacional venezolana, reconocido internacionalmente como presidente-encargado por nada menos que sesenta estados democr\u00e1ticos del mundo y al que S\u00e1nchez no recibi\u00f3 en su viaje a Madrid en octubre de 2020. Si se comunic\u00f3 por videoconferencia con el PNV estando Ortuzar, Esteban y Burzako en Sabin Etxea. S\u00e1nchez no lo hizo y hoy es el d\u00eda en el que no ha reconocido la victoria del presidente Edmundo Gonz\u00e1lez Urrutia por presi\u00f3n &nbsp;de Rodr\u00edguez Zapatero y quiz\u00e1s por todo el affaire de Delcy Rodr\u00edguez con \u00c1balos. Un sainete vergonzoso, que a pesar de haberse pedido una comisi\u00f3n de investigaci\u00f3n en el Congreso, no se quiso investigar. Y ah\u00ed hay muchas claves de lo sucedido.<\/p>\n\n\n\n<p>Le ha faltado tiempo al perseguido Juan Guaid\u00f3 de recordarlo con este tw<em>:\u201dEsto explica por qu\u00e9 S\u00e1nchez no me recibi\u00f3 en 2020, por qu\u00e9 sabote\u00f3 el Grupo de Lima y por qu\u00e9 eligi\u00f3 acercarse a Maduro. No les interesaba la democracia en Venezuela. Lo que buscaban era un \u201cpelotazo\u201d. Y parece que con Delcy y la dictadura lo encontraron. \u201cY es que Koldo ofreci\u00f3 a \u00c1balos una comisi\u00f3n de medio mill\u00f3n de euros al mes durante tres a\u00f1os de una petrolera venezolana\u201d<\/em>. Ya ven. Pura cloaca petrolera. Sigan pues la pista a dos palabras: \u201dHidrocarburos y Venezuela\u201d. Toda una bomba de racimo.<\/p>\n\n\n\n<p><strong>HABLA EN CRISTIANO<\/strong><\/p>\n\n\n\n<p>La gente que vivi\u00f3 la dictadura habr\u00e1 escuchado esta orden franquista para hablar en castellano. Cre\u00ed hab\u00eda desaparecido. Todos sabemos lo que ha significado la persecuci\u00f3n al euskera. Sin embargo en 1978, la Constituci\u00f3n espa\u00f1ola, la sagrada Constituci\u00f3n para la derecha hispana, dice algo que a la Sra. Ayuso no le gusta nada. Art\u00edculo 3: <em>\u201dla riqueza de las distintas modalidades&nbsp; ling\u00fc\u00edsticas de Espa\u00f1a es un patrimonio cultural que ser\u00e1 objeto de especial respeto y protecci\u00f3n\u201d<\/em>. Con ese respeto tan t\u00edpico suyo, se levant\u00f3 y se fue cuando hablaron Pradales e Illa. Gesto t\u00edpicamente franquista. Solo falt\u00f3 la multa o a que al Lehendakari le llamaran Manuel porque eso de Imanol es un desprecio al castellano. A m\u00ed me lo hicieron. Bautizado y registrado como I\u00f1aki, bajo el franquismo siempre fui Ignacio y en el ABC as\u00ed me llamaban hasta que I\u00f1aki Urdangarin se cas\u00f3 con la Sra. Cristina de Borb\u00f3n. Ya ven.<\/p>\n\n\n\n<p>Quiz\u00e1s la reuni\u00f3n deber\u00eda haberse realizado en el Senado, C\u00e1mara de Representaci\u00f3n Territorial, pero Ayuso iba a lo que iba. Debe desconocer que en Bruselas y Estrasburgo todos saben el ingl\u00e9s pero cada estado tiene su caseta de traducci\u00f3n simult\u00e1nea. L\u00e1stima que los viejos esperantistas no lograran imponer un idioma com\u00fan para Europa como el esperanto. Ahora lo es el ingl\u00e9s estando Gran Breta\u00f1a fuera. Ya se encarg\u00f3 Esteban Gonz\u00e1lez Pons de trabajar para que el parlamento europeo no admitiera que el idioma m\u00e1s antiguo de Europa, el euskera, no fuera reconocido en ese \u00e1mbito. Un aut\u00e9ntico pol\u00edtico mezquino. Del PP. Como del PP es el presidente de la Junta de Andaluc\u00eda redactor de la ponencia del PP a aprobar en Sevilla que quiere eliminar del Congreso el uso de las lenguas cooficiales. Del Aznar que nos hablaba en catal\u00e1n en la intimidad en 1996 a Feij\u00f3o y toda su corte de espa\u00f1oles excluyentes. Como&nbsp; para ir con ellos.<\/p>\n\n\n\n<p><strong>\u00a1VENGA YA!. NO SEAN HIP\u00d3CRITAS<\/strong>.<\/p>\n\n\n\n<p>No solo ah\u00ed qued\u00f3 la cosa. En el Senado ocurri\u00f3 una escena in\u00e9dita de gran agresividad, que hay que guardar y restregar a futuro, pues lo ocurrido fue miserable ya que jam\u00e1s se hab\u00eda producido en 45 a\u00f1os. Doy fe de ello. Solo al d\u00eda siguiente del portazo de D\u00edaz Ayuso al Lehendakari y al President, Senadores de&nbsp;Junts, Bildu, PNV y ERC&nbsp;abandonaron muy enfadados el hemiciclo del Senado, C\u00e1mara de Representaci\u00f3n Territorial, durante la intervenci\u00f3n del senador y secretario general del PP de Madrid,&nbsp;Alfonso Serrano. Durante su turno de palabra, en el marco del debate sobre la reforma del&nbsp;Reglamento de la C\u00e1mara Alta,&nbsp;impulsada por el PP para \u00abeliminar obsolescencias del pasado\u201d, Serrano con tono insultante calific\u00f3 de \u00abrid\u00edculo\u00bb utilizar un traductor en una reuni\u00f3n cuando \u00abtodos compartimos la misma lengua\u00bb, en referencia a la pol\u00e9mica salida deIsabel D\u00edaz Ayusode la Conferencia de Presidentes del&nbsp; viernes 6 cuando se habl\u00f3 en euskera&nbsp; y en catal\u00e1n.<\/p>\n\n\n\n<p>\u00abCuando Cerd\u00e1n descansa de montar cloacas y va a Waterloo, \u00bfen qu\u00e9 habla? \u00bfse pone pinganillo?. Cuando PNV, Bildu, Junts salen fuera a seguir preparando su hoja independentista, \u00bfse ponen traducci\u00f3n simult\u00e1nea?&nbsp;\u00a1Venga ya, no sean hip\u00f3critas!&nbsp;Este debate no va de defender las lenguas, este debate va de si queremos, como pretende el PSOE,&nbsp;sucumbir a las reivindicaciones nacionalistas&nbsp;y ya les digo que, el PP, no\u00bb, lanz\u00f3 Serrano.<\/p>\n\n\n\n<p>\u00abEsto no va a de si se respetan las diferentes identidades o sentimientos de nuestro pa\u00eds, que lo hacemos, esto va de si&nbsp;queremos sentirnos extranjeros y diferentes cuando compartimos la misma casa\u00bb, agreg\u00f3, y ante aquellos aut\u00e9nticos rebuznos los senadores nacionalistas se levantaron tras las ofensas y se fueron. Mientras iban abandonando el hemiciclo despidi\u00e9ndose del&nbsp; orador, Serrano les espet\u00f3: \u00abPues muy bien, v\u00e1yanse si quieren, cierren la puerta al salir, no tengan ning\u00fan problema. No somos socialistas ni dependemos de ustedes para seguir aqu\u00ed. No dependemos de ustedes\u00bb.<\/p>\n\n\n\n<p>Ante aquella catarata de mala educaci\u00f3n, in\u00e9dita en el Senado, escuchaban &nbsp;mientras sal\u00edan del hemiciclo, lo que Serrano les iba animando: \u00ab\u00a1V\u00e1yanse, v\u00e1yanse!\u00bb. \u00abEs la diferencia, nosotros siempre querremos una Catalu\u00f1a dentro de Espa\u00f1a y ustedes fuera\u00bb. Al terminar su alocuci\u00f3n, en la que defendi\u00f3 la reforma del reglamento \u00abante los intentos de los independentistas de maniatarlo\u00bb, toda la bancada&nbsp;<em>popular<\/em>&nbsp;se puso en pie para aplaudir a Alfonso Serrano, mientras senadores de los grupos antes citados continuaban saliendo del lugar. Una escena in\u00e9dita que no hay que olvidar nunca.<\/p>\n\n\n\n<p><strong>TOMAR LA INICIATIVA<\/strong><\/p>\n\n\n\n<p>Bueno, pues es este PP, la alternativa actual a S\u00e1nchez&nbsp; junto &nbsp;con Vox. De pasar Aznar del centro al centro derecha en 1996, Feij\u00f3o, el centrista, ha pasado de la derecha a la ultraderecha m\u00e1s facha y nauseabunda, como lo que acabo de contar.<\/p>\n\n\n\n<p>No es f\u00e1cil esta situaci\u00f3n que exige un discurso claro y firme en favor de la integridad gubernamental. El liderazgo requiere acci\u00f3n, no solo aclaraci\u00f3n y saber hasta qu\u00e9 punto se trata de personas individuales robando &nbsp;u obedece a una acci\u00f3n de partido, como fue la G\u00fcrtel. Una postura firme redobla la credibilidad como fuerza pol\u00edtica independiente y con valores. Tenemos asimismo que abogar por medidas m\u00e1ximas de transparencia para evitar amiguismos, sobornos y coimas y exigir leyes anticorrupci\u00f3n para recuperar la confianza p\u00fablica en la gobernanza. Nuestra trayectoria avala un compromiso con los ciudadanos que eviten seamos percibidos como aliados pasivos de un PSOE en shock o sin reflejos.<\/p>\n\n\n\n<p>Soy partidario como en el caso de todo el affaire vinculado con el chavismo de impulsar investigaciones y acciones legales y tomar la iniciativa para no ser aplastados por las fuerzas espa\u00f1olas de izquierda y derecha siendo l\u00edderes en la integridad de la gobernanza. No es f\u00e1cil, pero estoy seguro se acertar\u00e1. El liderazgo se define por la acci\u00f3n y la iniciativa.<\/p>\n<!-- AddThis Advanced Settings generic via filter on the_content --><!-- AddThis Share Buttons generic via filter on the_content -->","protected":false},"excerpt":{"rendered":"<p>Domingo 22 de junio de 2025 Quienes hemos vivido desde la barrera los esc\u00e1ndalos del GAL, Filesa, BOE, Banco de Espa\u00f1a, G\u00fcrtel, Kitchen, Polic\u00eda Patri\u00f3tica, de Miguel\u2026.lo ocurrido con la UCO, S\u00e1nchez, sus dos responsables de Organizaci\u00f3n y el conseguidor Koldo, nos hace ver las cosas con cierta perspectiva. Y una conclusi\u00f3n es el sistema &hellip; <a href=\"https:\/\/blogs.deia.eus\/anasagasti\/2025\/06\/22\/vayanse-no-les-necesitamos-cierren-la-puerta\/\" class=\"more-link\">Sigue leyendo <span class=\"screen-reader-text\">\u00a1V\u00c1YANSE!, NO LES NECESITAMOS, CIERREN LA PUERTA<\/span><\/a><!-- AddThis Advanced Settings generic via filter on get_the_excerpt --><!-- AddThis Share Buttons generic via filter on get_the_excerpt --><\/p>\n","protected":false},"author":19,"featured_media":0,"comment_status":"open","ping_status":"open","sticky":false,"template":"","format":"standard","meta":{"footnotes":""},"categories":[1],"tags":[],"class_list":["post-20581","post","type-post","status-publish","format-standard","hentry","category-general"],"_links":{"self":[{"href":"https:\/\/blogs.deia.eus\/anasagasti\/wp-json\/wp\/v2\/posts\/20581","targetHints":{"allow":["GET"]}}],"collection":[{"href":"https:\/\/blogs.deia.eus\/anasagasti\/wp-json\/wp\/v2\/posts"}],"about":[{"href":"https:\/\/blogs.deia.eus\/anasagasti\/wp-json\/wp\/v2\/types\/post"}],"author":[{"embeddable":true,"href":"https:\/\/blogs.deia.eus\/anasagasti\/wp-json\/wp\/v2\/users\/19"}],"replies":[{"embeddable":true,"href":"https:\/\/blogs.deia.eus\/anasagasti\/wp-json\/wp\/v2\/comments?post=20581"}],"version-history":[{"count":1,"href":"https:\/\/blogs.deia.eus\/anasagasti\/wp-json\/wp\/v2\/posts\/20581\/revisions"}],"predecessor-version":[{"id":20583,"href":"https:\/\/blogs.deia.eus\/anasagasti\/wp-json\/wp\/v2\/posts\/20581\/revisions\/20583"}],"wp:attachment":[{"href":"https:\/\/blogs.deia.eus\/anasagasti\/wp-json\/wp\/v2\/media?parent=20581"}],"wp:term":[{"taxonomy":"category","embeddable":true,"href":"https:\/\/blogs.deia.eus\/anasagasti\/wp-json\/wp\/v2\/categories?post=20581"},{"taxonomy":"post_tag","embeddable":true,"href":"https:\/\/blogs.deia.eus\/anasagasti\/wp-json\/wp\/v2\/tags?post=20581"}],"curies":[{"name":"wp","href":"https:\/\/api.w.org\/{rel}","templated":true}]}}