{"id":20584,"date":"2025-06-23T09:41:53","date_gmt":"2025-06-23T07:41:53","guid":{"rendered":"https:\/\/blogs.deia.eus\/anasagasti\/?p=20584"},"modified":"2025-06-23T09:41:54","modified_gmt":"2025-06-23T07:41:54","slug":"aznar-ayuso","status":"publish","type":"post","link":"https:\/\/blogs.deia.eus\/anasagasti\/2025\/06\/23\/aznar-ayuso\/","title":{"rendered":"AZNAR \u2013 AYUSO"},"content":{"rendered":"\n<p><strong>Lunes 23 de junio de 2025<\/strong><\/p>\n\n\n<div class=\"wp-block-image\">\n<figure class=\"aligncenter size-full is-resized\"><a href=\"https:\/\/blogs.deia.eus\/anasagasti\/files\/2025\/06\/Aznar-y-Ayuso_1.jpg\"><img loading=\"lazy\" decoding=\"async\" width=\"331\" height=\"220\" src=\"https:\/\/blogs.deia.eus\/anasagasti\/files\/2025\/06\/Aznar-y-Ayuso_1.jpg\" alt=\"\" class=\"wp-image-20586\" style=\"width:585px;height:auto\" \/><\/a><\/figure>\n<\/div>\n\n\n<p>El hombrecillo que con su incompetencia hizo posibles los atentados del 11M, el mismo que minti\u00f3 pretendiendo exonerar a los islamistas, el que tambi\u00e9n minti\u00f3 con las armas de destrucci\u00f3n masiva y apoy\u00f3 la pat\u00e9tica invasi\u00f3n de Irak. El mismo que camin\u00f3 sobre la corrupci\u00f3n de ministros de sus gabinetes como Jesucristo sobre las aguas, sin mojarse, ese esp\u00e9cimen humano protector de la palurda Ayuso, se mofa de que el Lehendakari Pradales al que califica de castellano-vasco o de vasco- castellano hable en Euskera. Y para que no olvidemos qui\u00e9n es este peque\u00f1o dictadorzuelo, multimillonario, franquista, vallisoletano y falangista en su juventud, niega cualquier futura transferencia o concesi\u00f3n a los \u00abvascos\u00bb mientras la paleta madrile\u00f1a le r\u00ede las gracias.<\/p>\n\n\n\n<p>\u00bfAlguien duda de que los el PP de ahora, la AP de antes y el Movimiento Nacional tienen diferentes principios fundacionales?<\/p>\n\n\n\n<p>S\u00f3lo se han cambiado la camisa azul y los correajes por trajes a medida o ropa casual de marca.<\/p>\n\n\n\n<p><strong>Caustico<\/strong><\/p>\n<!-- AddThis Advanced Settings generic via filter on the_content --><!-- AddThis Share Buttons generic via filter on the_content -->","protected":false},"excerpt":{"rendered":"<p>Lunes 23 de junio de 2025 El hombrecillo que con su incompetencia hizo posibles los atentados del 11M, el mismo que minti\u00f3 pretendiendo exonerar a los islamistas, el que tambi\u00e9n minti\u00f3 con las armas de destrucci\u00f3n masiva y apoy\u00f3 la pat\u00e9tica invasi\u00f3n de Irak. El mismo que camin\u00f3 sobre la corrupci\u00f3n de ministros de sus &hellip; <a href=\"https:\/\/blogs.deia.eus\/anasagasti\/2025\/06\/23\/aznar-ayuso\/\" class=\"more-link\">Sigue leyendo <span class=\"screen-reader-text\">AZNAR \u2013 AYUSO<\/span><\/a><!-- AddThis Advanced Settings generic via filter on get_the_excerpt --><!-- AddThis Share Buttons generic via filter on get_the_excerpt --><\/p>\n","protected":false},"author":19,"featured_media":0,"comment_status":"open","ping_status":"open","sticky":false,"template":"","format":"standard","meta":{"footnotes":""},"categories":[1],"tags":[],"class_list":["post-20584","post","type-post","status-publish","format-standard","hentry","category-general"],"_links":{"self":[{"href":"https:\/\/blogs.deia.eus\/anasagasti\/wp-json\/wp\/v2\/posts\/20584","targetHints":{"allow":["GET"]}}],"collection":[{"href":"https:\/\/blogs.deia.eus\/anasagasti\/wp-json\/wp\/v2\/posts"}],"about":[{"href":"https:\/\/blogs.deia.eus\/anasagasti\/wp-json\/wp\/v2\/types\/post"}],"author":[{"embeddable":true,"href":"https:\/\/blogs.deia.eus\/anasagasti\/wp-json\/wp\/v2\/users\/19"}],"replies":[{"embeddable":true,"href":"https:\/\/blogs.deia.eus\/anasagasti\/wp-json\/wp\/v2\/comments?post=20584"}],"version-history":[{"count":1,"href":"https:\/\/blogs.deia.eus\/anasagasti\/wp-json\/wp\/v2\/posts\/20584\/revisions"}],"predecessor-version":[{"id":20587,"href":"https:\/\/blogs.deia.eus\/anasagasti\/wp-json\/wp\/v2\/posts\/20584\/revisions\/20587"}],"wp:attachment":[{"href":"https:\/\/blogs.deia.eus\/anasagasti\/wp-json\/wp\/v2\/media?parent=20584"}],"wp:term":[{"taxonomy":"category","embeddable":true,"href":"https:\/\/blogs.deia.eus\/anasagasti\/wp-json\/wp\/v2\/categories?post=20584"},{"taxonomy":"post_tag","embeddable":true,"href":"https:\/\/blogs.deia.eus\/anasagasti\/wp-json\/wp\/v2\/tags?post=20584"}],"curies":[{"name":"wp","href":"https:\/\/api.w.org\/{rel}","templated":true}]}}