{"id":20595,"date":"2025-06-26T15:17:03","date_gmt":"2025-06-26T13:17:03","guid":{"rendered":"https:\/\/blogs.deia.eus\/anasagasti\/?p=20595"},"modified":"2025-06-26T15:17:04","modified_gmt":"2025-06-26T13:17:04","slug":"que-es-lo-que-obtienen-los-palestinos-los-israelies-trump-los-iranies-y-hamas-tras-la-guerra-en-gaza","status":"publish","type":"post","link":"https:\/\/blogs.deia.eus\/anasagasti\/2025\/06\/26\/que-es-lo-que-obtienen-los-palestinos-los-israelies-trump-los-iranies-y-hamas-tras-la-guerra-en-gaza\/","title":{"rendered":"\u00bfQU\u00c9 ES LO QUE OBTIENEN LOS PALESTINOS, LOS ISRAEL\u00cdES, TRUMP, LOS IRAN\u00cdES Y HAMAS TRAS LA GUERRA \u00a0EN GAZA?"},"content":{"rendered":"\n<p><strong>Jueves 26 de junio de 2025<\/strong><\/p>\n\n\n\n<figure class=\"wp-block-image size-full\"><a href=\"https:\/\/blogs.deia.eus\/anasagasti\/files\/2025\/06\/Israel_Gaza.png\"><img loading=\"lazy\" decoding=\"async\" width=\"800\" height=\"800\" src=\"https:\/\/blogs.deia.eus\/anasagasti\/files\/2025\/06\/Israel_Gaza.png\" alt=\"\" class=\"wp-image-20596\" srcset=\"https:\/\/blogs.deia.eus\/anasagasti\/files\/2025\/06\/Israel_Gaza.png 800w, https:\/\/blogs.deia.eus\/anasagasti\/files\/2025\/06\/Israel_Gaza-580x580.png 580w, https:\/\/blogs.deia.eus\/anasagasti\/files\/2025\/06\/Israel_Gaza-150x150.png 150w, https:\/\/blogs.deia.eus\/anasagasti\/files\/2025\/06\/Israel_Gaza-768x768.png 768w\" sizes=\"auto, (max-width: 800px) 100vw, 800px\" \/><\/a><\/figure>\n\n\n\n<p>&nbsp;Entre los palestinos de Gaza, se les preguntar\u00e1 a sus derrotados l\u00edderes de Ham\u00e1s: \u201c\u00bfEn qu\u00e9 estaban pensando el 7 de octubre de 2023? Comenzaron una guerra contra Israel, un enemigo militar muy superior, sin otro finque la destrucci\u00f3n, que solo provoc\u00f3 que los jud\u00edos respondieran sin otro fin que la destrucci\u00f3n. Sacrificaron decenas de miles de hogares y vidas para ganarse la compasi\u00f3n de la pr\u00f3xima generaci\u00f3n de j\u00f3venes globales en TikTok, pero ahora no existe Gaza\u201d.<\/p>\n\n\n\n<p>Entre los israel\u00edes, la pregunta que los sectores mayoritariamente laicos de la<br>sociedad \u2014pilotos de la fuerza a\u00e9rea, ciberguerreros, tecn\u00f3logos, cient\u00edficos,<br>dise\u00f1adores de armas y agentes del Mossad, los verdaderos vencedores de<br>Ham\u00e1s, Hezbol\u00e1 e Ir\u00e1n\u2014 le har\u00e1n al gobierno nacionalista religioso radical de Israel es esta: \u201c\u00bfAd\u00f3nde creen que nos llevan? Fuimos nosotros quienes ganamos esta guerra y no permitiremos que aprovechen esta victoria para ganar las pr\u00f3ximas elecciones y llevar a cabo su plan de aplastar a nuestro Tribunal Supremo, anexar Cisjordania, eximir a los ultraortodoxos de servir en el ej\u00e9rcito y crear un Israel paria en el que nuestros hijos ya no querr\u00e1n vivir. De ninguna manera\u201d.<\/p>\n\n\n\n<p>Y entre los iran\u00edes, la pregunta que seguramente se les har\u00e1 a sus l\u00edderes clericales y a la Guardia Revolucionaria corrupta: \u00abGastaron miles de millones de d\u00f3lares intentando construir una bomba nuclear para amenazar a Israel y controlar remotamente L\u00edbano, Siria, Irak y Yemen. Pero trajeron la guerra a nuestro pa\u00eds: nuestras familias tuvieron que huir de Teher\u00e1n y nuestros generales fueron asesinados por drones israel\u00edes en sus propias camas. Solo destruyeron algunos edificios y mataron a algunos civiles en Israel, y cuando Donald Trump atac\u00f3 nuestras tres instalaciones nucleares clave, su respuesta fue montar un espect\u00e1culo inofensivo de luz y sonido sobre una base a\u00e9rea estadounidense en Qatar. Fueron tigres de papel, que solo sab\u00edan usar la tecnolog\u00eda para reprimir a nuestro propio pueblo. Mientras tanto, nuestra gran civilizaci\u00f3n persa est\u00e1 desamparada, destrozada y muy por detr\u00e1s del resto del mundo\u00bb.<\/p>\n\n\n\n<p>Todo esto en \u2018una guerra en la que Ham\u00e1s, Hezbol\u00e1, Ir\u00e1n e Israel est\u00e1n liderados por nacionalistas religiosos que creen que Dios est\u00e1 de su lado. Una guerra en la que Israel ha convertido a Gaza en un lugar inhabitable, tras ser humillado por las fuerzas de Ham\u00e1s, que asesinaron a m\u00e1s jud\u00edos en un d\u00eda que en cualquier otro desde el Holocausto. Una guerra en la que Israel logr\u00f3 decapitar y destruir en gran medida a Hezbol\u00e1 como fuerza pol\u00edtica en L\u00edbano y Siria, donde la milicia proiran\u00ed hab\u00eda ayudado a aplastar los brotes de la democracia desde la d\u00e9cada de 1980. Una guerra en la que las principales instalaciones nucleares de Ir\u00e1n fueron bombardeadas por un presidente estadounidense, algo que los mul\u00e1s iran\u00edes nunca imaginaron que suceder\u00eda.\u2019<\/p>\n\n\n\n<p><br>Y termina: \u2018\u00bfSer\u00e1 diferente esta vez? \u00bfIncitar\u00e1 la terrible derrota que el ataque de Ham\u00e1s el 7 de octubre a Gaza a los palestinos a respaldar clara e inequ\u00edvocamente la reforma institucional de la Autoridad Palestina, la exigencia de un liderazgo profesional y el apoyo a un estado desmilitarizado como el de 1967? Espero que s\u00ed. \u00bfProducir\u00e1 aquello que el Sr. Netanyahu m\u00e1s desea evitar: una Autoridad Palestina competente, conciliadora y leg\u00edtima, es decir, un verdadero socio para la paz? \u00bfNo ser\u00eda ir\u00f3nico?<\/p>\n\n\n\n<p>En resumen, esta guerra regional para los actores en Oriente Medio fue el<br>equivalente a la Segunda Guerra Mundial para Europa: trastoca por completo el statu quo y abre la puerta a algo nuevo. Lo que me fascinar\u00e1, o deprimente, ser\u00e1 si esa nueva situaci\u00f3n ser\u00e1 mejor o peor dentro y entre las partes en esta guerra.<\/p>\n\n\n\n<p><strong>Thomas L. Friedman.<\/strong><strong><\/strong><\/p>\n<!-- AddThis Advanced Settings generic via filter on the_content --><!-- AddThis Share Buttons generic via filter on the_content -->","protected":false},"excerpt":{"rendered":"<p>Jueves 26 de junio de 2025 &nbsp;Entre los palestinos de Gaza, se les preguntar\u00e1 a sus derrotados l\u00edderes de Ham\u00e1s: \u201c\u00bfEn qu\u00e9 estaban pensando el 7 de octubre de 2023? Comenzaron una guerra contra Israel, un enemigo militar muy superior, sin otro finque la destrucci\u00f3n, que solo provoc\u00f3 que los jud\u00edos respondieran sin otro fin &hellip; <a href=\"https:\/\/blogs.deia.eus\/anasagasti\/2025\/06\/26\/que-es-lo-que-obtienen-los-palestinos-los-israelies-trump-los-iranies-y-hamas-tras-la-guerra-en-gaza\/\" class=\"more-link\">Sigue leyendo <span class=\"screen-reader-text\">\u00bfQU\u00c9 ES LO QUE OBTIENEN LOS PALESTINOS, LOS ISRAEL\u00cdES, TRUMP, LOS IRAN\u00cdES Y HAMAS TRAS LA GUERRA \u00a0EN GAZA?<\/span><\/a><!-- AddThis Advanced Settings generic via filter on get_the_excerpt --><!-- AddThis Share Buttons generic via filter on get_the_excerpt --><\/p>\n","protected":false},"author":19,"featured_media":0,"comment_status":"open","ping_status":"open","sticky":false,"template":"","format":"standard","meta":{"footnotes":""},"categories":[1],"tags":[],"class_list":["post-20595","post","type-post","status-publish","format-standard","hentry","category-general"],"_links":{"self":[{"href":"https:\/\/blogs.deia.eus\/anasagasti\/wp-json\/wp\/v2\/posts\/20595","targetHints":{"allow":["GET"]}}],"collection":[{"href":"https:\/\/blogs.deia.eus\/anasagasti\/wp-json\/wp\/v2\/posts"}],"about":[{"href":"https:\/\/blogs.deia.eus\/anasagasti\/wp-json\/wp\/v2\/types\/post"}],"author":[{"embeddable":true,"href":"https:\/\/blogs.deia.eus\/anasagasti\/wp-json\/wp\/v2\/users\/19"}],"replies":[{"embeddable":true,"href":"https:\/\/blogs.deia.eus\/anasagasti\/wp-json\/wp\/v2\/comments?post=20595"}],"version-history":[{"count":1,"href":"https:\/\/blogs.deia.eus\/anasagasti\/wp-json\/wp\/v2\/posts\/20595\/revisions"}],"predecessor-version":[{"id":20597,"href":"https:\/\/blogs.deia.eus\/anasagasti\/wp-json\/wp\/v2\/posts\/20595\/revisions\/20597"}],"wp:attachment":[{"href":"https:\/\/blogs.deia.eus\/anasagasti\/wp-json\/wp\/v2\/media?parent=20595"}],"wp:term":[{"taxonomy":"category","embeddable":true,"href":"https:\/\/blogs.deia.eus\/anasagasti\/wp-json\/wp\/v2\/categories?post=20595"},{"taxonomy":"post_tag","embeddable":true,"href":"https:\/\/blogs.deia.eus\/anasagasti\/wp-json\/wp\/v2\/tags?post=20595"}],"curies":[{"name":"wp","href":"https:\/\/api.w.org\/{rel}","templated":true}]}}