{"id":20598,"date":"2025-06-27T11:49:47","date_gmt":"2025-06-27T09:49:47","guid":{"rendered":"https:\/\/blogs.deia.eus\/anasagasti\/?p=20598"},"modified":"2025-06-27T11:49:48","modified_gmt":"2025-06-27T09:49:48","slug":"leo-tindemans-aquella-cena-en-bilbao-con-uno-de-los-padres-de-europa","status":"publish","type":"post","link":"https:\/\/blogs.deia.eus\/anasagasti\/2025\/06\/27\/leo-tindemans-aquella-cena-en-bilbao-con-uno-de-los-padres-de-europa\/","title":{"rendered":"LEO TINDEMANS. AQUELLA CENA EN BILBAO CON UNO DE LOS PADRES DE EUROPA."},"content":{"rendered":"\n<p><strong>Viernes 27 de junio de 2025<\/strong><\/p>\n\n\n<div class=\"wp-block-image\">\n<figure class=\"aligncenter size-large\"><a href=\"https:\/\/blogs.deia.eus\/anasagasti\/files\/2025\/06\/Tindemans.jpg\"><img loading=\"lazy\" decoding=\"async\" width=\"940\" height=\"680\" src=\"https:\/\/blogs.deia.eus\/anasagasti\/files\/2025\/06\/Tindemans-940x680.jpg\" alt=\"\" class=\"wp-image-20599\" srcset=\"https:\/\/blogs.deia.eus\/anasagasti\/files\/2025\/06\/Tindemans-940x680.jpg 940w, https:\/\/blogs.deia.eus\/anasagasti\/files\/2025\/06\/Tindemans-580x420.jpg 580w, https:\/\/blogs.deia.eus\/anasagasti\/files\/2025\/06\/Tindemans-768x556.jpg 768w, https:\/\/blogs.deia.eus\/anasagasti\/files\/2025\/06\/Tindemans.jpg 1024w\" sizes=\"auto, (max-width: 940px) 100vw, 940px\" \/><\/a><\/figure>\n<\/div>\n\n\n<p>B\u00e9lgica\u00a0 nos ha sido siempre un pa\u00eds cercano. Las organizaciones cat\u00f3licas lograron familias de acogida de los llamados \u201cNi\u00f1os de la Guerra\u201d en plena\u00a0 guerra civil. De hecho, dos hermanas de mi aita, una hermana de mi ama y, mi suegro, cinco chavales, pasaron un cierto tiempo\u00a0 en familias que les trataron como a hijos. El bombardeo de Gernika asust\u00f3 de tal manera a aquellas familias que casi cinco mil ni\u00f1os tuvieron que salir de aquella Euzkadi en guerra. Y en llamas.<\/p>\n\n\n\n<p>En 1939 con la invasi\u00f3n de Polonia, Holanda y B\u00e9lgica, en Le Panne, fue embolsado el Lehendakari Agirre que hab\u00eda ido a visitar a su hermana y de all\u00ed, gracias a una red de jesuitas y c\u00f3nsules, logr\u00f3 salvar su vida huyendo v\u00eda Berl\u00edn en plena org\u00eda guerrera nazi.<\/p>\n\n\n\n<p>Y fue en B\u00e9lgica, concretamente en Chaudfontaine, cerca de Lieja, donde se crearon en 1947 los Nuevos Equipos Internacionales, los NEI,embri\u00f3n de la Democracia Cristiana europea tras la II guerra mundial, escribiendo en su cuadro de honor&nbsp; a Agirre y Landaburu.<\/p>\n\n\n\n<p>En Amberes viv\u00eda el hermano del Lehendakari Juan Mari y&nbsp; el rey de los belgas Balduino&nbsp; veraneaba en Zarautz con su esposa la reina Fabiola. El sindicalista Uzturre trabajaba en Bruselas en los Sindicatos Cristianos y en esta capital ten\u00eda su sede la Uni\u00f3n&nbsp; Europea Dem\u00f3crata Cristiana donde se celebraban sus reuniones. No recuerdo la cantidad de veces&nbsp; que&nbsp; fui a \u00e9sta capital con Gorka Agirre en los a\u00f1os setenta y ochenta.<\/p>\n\n\n\n<p><strong>PRIMER MINISTRO<\/strong><\/p>\n\n\n\n<p><strong>Y l\u00f3gicamente hab\u00eda o\u00eddo hablar de Leo Tindemans<\/strong> un&nbsp;<a href=\"https:\/\/es.wikipedia.org\/wiki\/Pol%C3%ADtico\">pol\u00edtico<\/a>&nbsp;<a href=\"https:\/\/es.wikipedia.org\/wiki\/B%C3%A9lgica\">belga<\/a>,&nbsp;<a href=\"https:\/\/es.wikipedia.org\/wiki\/Primer_ministro_de_B%C3%A9lgica\">primer ministro<\/a>&nbsp;dem\u00f3crata-cristiano desde 1974 hasta 1978 y que fue &nbsp;miembro del partido&nbsp;<a href=\"https:\/\/es.wikipedia.org\/wiki\/Cristiano_Dem%C3%B3crata_y_Flamenco\">Cristiano Dem\u00f3crata y Flamenco<\/a>. Federalista reconocido por su informe sobre &nbsp;la uni\u00f3n pol\u00edtica de Europa en 1975.Me gustaba su estilo directo, su activismo federal, el ir al grano&nbsp; y ser una referencia de liderazgo europeo. Llevaba muy bien las reuniones.<\/p>\n\n\n\n<p>Hab\u00eda nacido en &nbsp;Zwijndrecht, provincia de Amberes, estudi\u00f3 ciencias pol\u00edticas en la&nbsp;<a href=\"https:\/\/es.wikipedia.org\/wiki\/Universidad_Cat%C3%B3lica_de_Lovaina\">Universidad Cat\u00f3lica de Lovaina<\/a>. Fue alcalde de&nbsp;<a href=\"https:\/\/es.wikipedia.org\/wiki\/Edegem\">Edegem<\/a>&nbsp;(1965-1976), diputado (1961-1989), Ministro flamenco de Asuntos de la Comunidad en 1970, y Ministro de &nbsp;Agricultura y la clase obrera (1971-1973).<\/p>\n\n\n\n<p>Algo en lo que dej\u00f3 huella fue cuando en &nbsp;1974, la&nbsp;<a href=\"https:\/\/es.wikipedia.org\/wiki\/Cumbre_de_Par%C3%ADs\">Cumbre de Par\u00eds<\/a>&nbsp; le encarg\u00f3 al reci\u00e9n nombrado primer ministro de B\u00e9lgica,&nbsp; definir un dise\u00f1o general de la&nbsp;<a href=\"https:\/\/es.wikipedia.org\/wiki\/Uni%C3%B3n_Europea\">Uni\u00f3n Europea<\/a>. Leo Tindemans aclar\u00f3 que la UE no era &nbsp;un fin en s\u00ed mismo sino un paso en el camino de la unificaci\u00f3n. En diciembre de 1975, el informe Tindemans fue presentado al&nbsp;<a href=\"https:\/\/es.wikipedia.org\/wiki\/Consejo_Europeo\">Consejo Europeo<\/a>. Tindemans recomendaba &nbsp;en su informe una&nbsp;<a href=\"https:\/\/es.wikipedia.org\/wiki\/Uni%C3%B3n_monetaria\">uni\u00f3n monetaria<\/a>, el fortalecimiento del poder parlamentario, una pol\u00edtica com\u00fan exterior y de seguridad y la creaci\u00f3n de una agencia europea de armamento. Tuvo una&nbsp; buena y larga mirada.<\/p>\n\n\n\n<p>Dimiti\u00f3 como primer ministro en 1978, pero regres\u00f3 al gobierno como Ministro de Asuntos Exteriores bajo el mandato de&nbsp;<a href=\"https:\/\/es.wikipedia.org\/wiki\/Wilfried_Martens\">Wilfried Martens<\/a>&nbsp;entre 1981 y 1989.<\/p>\n\n\n\n<p>En 1976 fue elegido primer presidente del reci\u00e9n fundado&nbsp;<a href=\"https:\/\/es.wikipedia.org\/wiki\/Partido_Popular_Europeo\">Partido Popular Europeo<\/a>&nbsp;(PPE), cargo que ostent\u00f3 hasta 1985 y en el que tuvo la responsabilidad de guiar al partido durante sus primeros a\u00f1os y en las primeras elecciones directas del&nbsp;<a href=\"https:\/\/es.wikipedia.org\/wiki\/Parlamento_Europeo\">Parlamento Europeo<\/a>&nbsp;celebradas en 1979.Fueron a\u00f1os en los que el PNV formaba parte del PPE.<\/p>\n\n\n\n<p>De 1979 a 1981 y de 1989 hasta 1999 form\u00f3 parte del&nbsp;<a href=\"https:\/\/es.wikipedia.org\/wiki\/Parlamento_Europeo\">Parlamento Europeo<\/a>.<\/p>\n\n\n\n<p>En honor a su importante papel fundamental&nbsp; y su rol europeo y su visi\u00f3n , fue Presidente honorario del PPE y&nbsp;<a href=\"https:\/\/es.wikipedia.org\/wiki\/Premio_Carlomagno\">Premio Carlomagno<\/a>&nbsp;en 1976.<\/p>\n\n\n\n<p>&nbsp;En abril de 1991fue el invitado especial de la Diputaci\u00f3n de Bizkaia y de la Universidad de Deusto, en la celebraci\u00f3n del D\u00eda de Europa. Lleg\u00f3 un d\u00eda lluvioso a Bilbao con su hijo ,almorz\u00f3 en la Universidad ,entre otros con Jes\u00fas Insausti \u201cUzturre\u201d,quien le repas\u00f3 como si fuera un profesor a su alumno la historia reciente europea pero desde&nbsp; el punto de vista de un represaliado y le narr\u00f3 con detalle como la c\u00e9lula de los Servicios de Informaci\u00f3n&nbsp; del PNV que funcionaba en Madrid ,al servicio&nbsp; de los aliados&nbsp; y de la que formaba parte, estuvo a punto de secuestrar al l\u00edder nazi belga Le\u00f3n Degrelle .Y de c\u00f3mo no se atrevieron ,los belgas y holandeses, por la repercusi\u00f3n que iba a tener la acci\u00f3n.<\/p>\n\n\n\n<p>.Por la tarde pronunci\u00f3 una conferencia en la Diputaci\u00f3n de Bizkaia sobre el federalismo europeo.<\/p>\n\n\n\n<p><strong>CENA DISTENDIDA<\/strong><\/p>\n\n\n\n<p>Por la noche cenamos con \u00e9l Xabier Arzalluz, Jos\u00e9 Alberto Pradera, Jon Gangoiti, Gorka Agirre y yo mismo. Tuvimos un coloquio distendido y estupendo donde hablamos de todo. Tindemans, gran trabajador, comentaba escandalizado el absentismo de los pol\u00edticos italianos y de otros pa\u00edses y&nbsp; pol\u00edticos europeos sobre sus obligaciones representativas y bien pagadas en sus responsabilidades en el Parlamento.<\/p>\n\n\n\n<p>Dedujimos que sus relaciones con el primer ministro, que le hab\u00eda sucedido, Wilfried Martens no eran las mejores. Martens en Santiago de Compostela, en una reuni\u00f3n del PPE, hizo gala de su amistad con Felipe Gonz\u00e1lez, siendo una reuni\u00f3n interna partidista. Aquello le choc\u00f3.<\/p>\n\n\n\n<p>Nos coment\u00f3 una discusi\u00f3n entre el primer ministro holand\u00e9s Ruud Lubbers ,el \u00fanico pol\u00edtico que sab\u00eda ingl\u00e9s, y de trato f\u00e1cil, con la Sra Tatcher&nbsp; dici\u00e9ndole que parara o hiciera otra cosa, cuando le preguntamos c\u00f3mo eran las reuniones de los Consejos llenos de personalidades tan fuertes..<\/p>\n\n\n\n<p>Se extra\u00f1\u00f3 de que en el estado espa\u00f1ol los ministros no fueran miembros de las ejecutivas y hablamos de la influencia alemana en la pol\u00edtica europea&nbsp; y los problemas que ten\u00eda el canciller Khol. Nos cont\u00f3 como en abril de 1990&nbsp; el rey Balduino abdic\u00f3 24 horas para no firmar la ley del aborto. Y la tensi\u00f3n que supuso para el estado belga&nbsp; aquella decisi\u00f3n. Sus creencias religiosas le imped\u00edan estampar su firma y abdic\u00f3 para no hacerlo. Le dijimos que Juan Carlos no har\u00eda eso ni loco.<\/p>\n\n\n\n<p>Hab\u00eda sido \u00e9l el anfitri\u00f3n de Juan Carlos durante el Premio Carlomagno, ya que \u00e9l lo hab\u00eda recibido en 1976, importante premio que se otorga en Aquisgr\u00e1n desde 1950 y la idea que ten\u00eda \u00e9l de los vinos espa\u00f1oles que se cortaban cuando viajaban en tren.<\/p>\n\n\n\n<p>Nos cont\u00f3 sus relaciones con las familias vascas y&nbsp; con ni\u00f1os vascos que fueron acogidos en Amberes, \u00e9l ten\u00eda 17 a\u00f1os y se acordaba muy bien de todo el impacto que fue aquello, y como estando en un viaje en Venezuela le llevaron a ver el r\u00edo Orinoco y a una choza en la selva&nbsp; donde le sirvi\u00f3 la comida una se\u00f1ora que hab\u00eda sido una ni\u00f1a de la guerra vasca&nbsp; refugiada y cuyo hijo viv\u00eda muy cerca de su casa en Amberes.<\/p>\n\n\n\n<p><strong>MOTOR PARADO<\/strong><\/p>\n\n\n\n<p>Estaba preocupado por el sistema que comenzaba a agotarse ya que la m\u00e1quina igualitaria. que equilibr\u00f3 el desarrollo en d\u00e9cadas anteriores se le estaba parando el motor, por lo que la sociedad, sin ning\u00fan tipo de anclaje ,se iba alejando de la democracia tradicional y transitaba desconcertada por una nueva Edad Media de temores&nbsp; y violencia.<\/p>\n\n\n\n<p>Tindemans estaba preocupado por unas clases medias&nbsp; que hab\u00edan saltado hechas a\u00f1icos careciendo de ideolog\u00eda propia .Jueces y periodistas estaban desbancando a los pol\u00edticos&nbsp; como actores&nbsp; decisivos. Consideraba que esa alianza respond\u00eda a una complicidad natural que estaba a punto de acaparar lo esencial del juego democr\u00e1tico.<\/p>\n\n\n\n<p>Arzalluz le coment\u00f3 que ve\u00eda con preocupaci\u00f3n c\u00f3mo los liderazgos no nac\u00edan de la ideolog\u00eda y de lo&nbsp; que hab\u00eda que hacer sino que se limitaban a leer los resultados de las encuestas y tratar de no molestar a nadie. Sobre ellos y al margen de un programa ideol\u00f3gico, se trazaba la actuaci\u00f3n, que ir\u00eda modificando cuantas veces hiciera falta para ajustarla a las conclusiones de los institutos de opini\u00f3n.<\/p>\n\n\n\n<p>Tindemans le contest\u00f3 que la sociedad en la que viv\u00edamos carec\u00eda de transparencia y su opacidad se ve\u00eda reforzada&nbsp; por la explosi\u00f3n de la corrupci\u00f3n&nbsp; cuyos or\u00edgenes eran pol\u00edticos, econ\u00f3micos y medi\u00e1ticos. Y lo malo era&nbsp; que sus consecuencias&nbsp; hab\u00edan inundado los esp\u00edritus de los ciudadanos y la moral p\u00fablica.<\/p>\n\n\n\n<p>Fue una cena muy agradable. Al d\u00eda siguiente fue nombrado Doctor Honoris Causa por la Universidad de Deusto.<\/p>\n<!-- AddThis Advanced Settings generic via filter on the_content --><!-- AddThis Share Buttons generic via filter on the_content -->","protected":false},"excerpt":{"rendered":"<p>Viernes 27 de junio de 2025 B\u00e9lgica\u00a0 nos ha sido siempre un pa\u00eds cercano. Las organizaciones cat\u00f3licas lograron familias de acogida de los llamados \u201cNi\u00f1os de la Guerra\u201d en plena\u00a0 guerra civil. De hecho, dos hermanas de mi aita, una hermana de mi ama y, mi suegro, cinco chavales, pasaron un cierto tiempo\u00a0 en familias &hellip; <a href=\"https:\/\/blogs.deia.eus\/anasagasti\/2025\/06\/27\/leo-tindemans-aquella-cena-en-bilbao-con-uno-de-los-padres-de-europa\/\" class=\"more-link\">Sigue leyendo <span class=\"screen-reader-text\">LEO TINDEMANS. AQUELLA CENA EN BILBAO CON UNO DE LOS PADRES DE EUROPA.<\/span><\/a><!-- AddThis Advanced Settings generic via filter on get_the_excerpt --><!-- AddThis Share Buttons generic via filter on get_the_excerpt --><\/p>\n","protected":false},"author":19,"featured_media":0,"comment_status":"open","ping_status":"open","sticky":false,"template":"","format":"standard","meta":{"footnotes":""},"categories":[1],"tags":[],"class_list":["post-20598","post","type-post","status-publish","format-standard","hentry","category-general"],"_links":{"self":[{"href":"https:\/\/blogs.deia.eus\/anasagasti\/wp-json\/wp\/v2\/posts\/20598","targetHints":{"allow":["GET"]}}],"collection":[{"href":"https:\/\/blogs.deia.eus\/anasagasti\/wp-json\/wp\/v2\/posts"}],"about":[{"href":"https:\/\/blogs.deia.eus\/anasagasti\/wp-json\/wp\/v2\/types\/post"}],"author":[{"embeddable":true,"href":"https:\/\/blogs.deia.eus\/anasagasti\/wp-json\/wp\/v2\/users\/19"}],"replies":[{"embeddable":true,"href":"https:\/\/blogs.deia.eus\/anasagasti\/wp-json\/wp\/v2\/comments?post=20598"}],"version-history":[{"count":1,"href":"https:\/\/blogs.deia.eus\/anasagasti\/wp-json\/wp\/v2\/posts\/20598\/revisions"}],"predecessor-version":[{"id":20600,"href":"https:\/\/blogs.deia.eus\/anasagasti\/wp-json\/wp\/v2\/posts\/20598\/revisions\/20600"}],"wp:attachment":[{"href":"https:\/\/blogs.deia.eus\/anasagasti\/wp-json\/wp\/v2\/media?parent=20598"}],"wp:term":[{"taxonomy":"category","embeddable":true,"href":"https:\/\/blogs.deia.eus\/anasagasti\/wp-json\/wp\/v2\/categories?post=20598"},{"taxonomy":"post_tag","embeddable":true,"href":"https:\/\/blogs.deia.eus\/anasagasti\/wp-json\/wp\/v2\/tags?post=20598"}],"curies":[{"name":"wp","href":"https:\/\/api.w.org\/{rel}","templated":true}]}}