{"id":20601,"date":"2025-06-28T08:24:20","date_gmt":"2025-06-28T06:24:20","guid":{"rendered":"https:\/\/blogs.deia.eus\/anasagasti\/?p=20601"},"modified":"2025-06-28T08:24:21","modified_gmt":"2025-06-28T06:24:21","slug":"hay-que-blanquear-al-responsable-del-23f-2","status":"publish","type":"post","link":"https:\/\/blogs.deia.eus\/anasagasti\/2025\/06\/28\/hay-que-blanquear-al-responsable-del-23f-2\/","title":{"rendered":"HAY QUE BLANQUEAR AL RESPONSABLE DEL 23F"},"content":{"rendered":"\n<p><strong>S\u00e1bado 28 de junio de 2025<\/strong><\/p>\n\n\n<div class=\"wp-block-image\">\n<figure class=\"aligncenter size-full is-resized\"><a href=\"https:\/\/blogs.deia.eus\/anasagasti\/files\/2025\/06\/Juan-Carlos-saludando-y-con-sombrero.jpg\"><img loading=\"lazy\" decoding=\"async\" width=\"482\" height=\"392\" src=\"https:\/\/blogs.deia.eus\/anasagasti\/files\/2025\/06\/Juan-Carlos-saludando-y-con-sombrero.jpg\" alt=\"\" class=\"wp-image-20602\" style=\"width:608px;height:auto\" \/><\/a><\/figure>\n<\/div>\n\n\n<p>Es evidente que la celebraci\u00f3n del&nbsp; 44&nbsp; aniversario del golpe de estado del 23F se les ha chafado. M\u00e1s que hablar de las cuatro d\u00e9cadas transcurridas, todo gira sobre&nbsp; la corrupci\u00f3n, cuando quien inaugur\u00f3 esta forma de actuar fue Juan Carlos de borb\u00f3n y por eso vive hoy en Abu Dabi.<\/p>\n\n\n\n<p>Veremos si la iniciativa del PNV sobre los documentos oficiales permite investigar que pas\u00f3 aquel 23F de 1981 si todav\u00eda queda alguna pista..<\/p>\n\n\n\n<p>\u00bfAcaso han dejado investigar este asunto?. \u00bfNo son suficientes libros de enjundia que dan pelos y se\u00f1ales de la frivolidad de Juan Carlos que ante la legitimaci\u00f3n de Adolfo Su\u00e1rez, tras las primeras elecciones democr\u00e1ticas del 15 de junio de 1977, los atentados de ETA contra militares y Fuerzas y Cuerpos de Seguridad, la voladura de UCD y los actos en la Casa de Juntas de Gernika&nbsp; le encargaron al general Armada para que diera \u201cun golpe de tim\u00f3n\u201d, as\u00ed se llamaba la operaci\u00f3n y encabezara un gobierno de concentraci\u00f3n que desandara&nbsp; el camino auton\u00f3mico transitado por Su\u00e1rez.<\/p>\n\n\n\n<p>Afortunadamente aquello fue una gran chapuza y est\u00e9ticamente algo propio de la Espa\u00f1a ca\u00f1\u00ed tan impresentable que no les qued\u00f3 m\u00e1s remedio al rey que desandar el camino andado gracias a los reflejos del general Sabino Fern\u00e1ndez Campo aquella noche aciaga donde tard\u00f3 tanto en salir a la opini\u00f3n p\u00fablica. De haber sido por \u00e9l, hubiera recibido en la Zarzuela a su antiguo preceptor Armada y la l\u00eda parda.<\/p>\n\n\n\n<p>En una recepci\u00f3n en el Palacio Real, Antonio Carro, que hab\u00eda sido ministro de la presidencia con Carrero Blanco me dijo \u201dEl culpable del 23 F fue \u00e9ste\u201d se\u00f1alando al rey. \u201dSe dedicaba a criticar dur\u00edsimamente a Su\u00e1rez, a tener relaciones de gran campechan\u00eda con militares golpista, de tener una relaci\u00f3n casi diaria con Armada que hizo que forzara el nombramiento de \u00e9ste como segundo jefe del estado mayor, en contra de Su\u00e1rez.<\/p>\n\n\n\n<p>En este pr\u00f3ximo 44&nbsp; aniversario se le quiere&nbsp; volver a blanquear, sin dejar que los historiadores investiguen de verdad que pas\u00f3 en los d\u00edas previos y esa tarde de marras, de hecho, la conocida como trama civil est\u00e1 sin tocar. Hay que continuar con el cuento chino del rey salvador de la democracia. Aunque sea mentira. Y, de eso, nada, absolutamente nada.<\/p>\n\n\n\n<p>La Operaci\u00f3n Armada comienza a quebrarse por \u00abun problema de est\u00e9tica, una operaci\u00f3n que se supon\u00eda palaciega no pod\u00eda incluir aquellos gritos, aquellos empujones a un hombre, teniente general, ya mayor, al que ni siquiera se derriba y, sobre todo, aquellos disparos&#8230; \u00c9sa no era una imagen aceptable para que nadie se prestara a liderarla<\/p>\n\n\n\n<p><strong>El juicio de campamento<\/strong><\/p>\n\n\n\n<p>Cuando estaba muy avanzado 1981, el comandante Jos\u00e9 Luis Cortina y el capit\u00e1n Vicente G\u00f3mez Iglesias pasan a ser detenidos. En el entorno del primero se dice que se los acusa porque son la v\u00eda que \u00ablleva al Rey\u00bb, v\u00eda que eligen los abogados defensores de los acusados para exonerarlos de culpa a trav\u00e9s del atenuante de \u00abla obediencia debida\u00bb; los encausados, as\u00ed, se hubieran limitado a cumplir \u00ab\u00f3rdenes\u00bb que ven\u00edan de la Zarzuela. Es cierto que durante la causa, in\u00fatilmente, los abogados defensores y los encausados intentar\u00e1n demostrar que el rey es \u00abla pieza que falta\u00bb en el puzle del golpe.<\/p>\n\n\n\n<p>La investigaci\u00f3n judicial del 23-F dist\u00f3 mucho de ser ejemplar. Y, sin duda, en ello tuvo que ver no poco aquella decisi\u00f3n que se tom\u00f3 en los d\u00edas inmediatamente siguientes al fracasado golpe: implicar al menor n\u00famero de militares posible y a ning\u00fan civil, como si nunca hubiera habido otra \u00abtrama civil\u00bb que la que representaba el falangista Garc\u00eda Carr\u00e9s en absoluta sole\u00addad. El que a menudo los eventos cruciales de la trama se desarrollaran en conversaciones con tan s\u00f3lo dos protagonistas, es decir que acababan reducidas a un \u00abyo digo, t\u00fa dices\u00bb sin, por tanto, valor probatorio, a\u00fan hizo m\u00e1s dif\u00edcil desentra\u00f1ar un laberinto en el que a veces parec\u00eda que lejos de derribarse muros, lo que se hac\u00eda era a\u00f1adir nuevos rencores.<\/p>\n\n\n\n<p>Y como punto final ni Sabino Fern\u00e1ndez Campos compareci\u00f3 ni los Directores de los Medios trataron para nada el asunto de la implicaci\u00f3n del rey.<\/p>\n\n\n\n<p>Todo esto, como se ve, es vergonzoso, nada edificante, pero muy demostrativo del reinado de Juan Carlos de Borb\u00f3n que celebra este aniversario en Abu Dhabi, all\u00ed huido, por su frivolidad, su corrupta vida privada y la suma de sus errores, el mayor de ellos, el del 23 F, algo grav\u00edsimo en la historia de Espa\u00f1a que se quiere blanquear. El gran patriota.<\/p>\n<!-- AddThis Advanced Settings generic via filter on the_content --><!-- AddThis Share Buttons generic via filter on the_content -->","protected":false},"excerpt":{"rendered":"<p>S\u00e1bado 28 de junio de 2025 Es evidente que la celebraci\u00f3n del&nbsp; 44&nbsp; aniversario del golpe de estado del 23F se les ha chafado. M\u00e1s que hablar de las cuatro d\u00e9cadas transcurridas, todo gira sobre&nbsp; la corrupci\u00f3n, cuando quien inaugur\u00f3 esta forma de actuar fue Juan Carlos de borb\u00f3n y por eso vive hoy en &hellip; <a href=\"https:\/\/blogs.deia.eus\/anasagasti\/2025\/06\/28\/hay-que-blanquear-al-responsable-del-23f-2\/\" class=\"more-link\">Sigue leyendo <span class=\"screen-reader-text\">HAY QUE BLANQUEAR AL RESPONSABLE DEL 23F<\/span><\/a><!-- AddThis Advanced Settings generic via filter on get_the_excerpt --><!-- AddThis Share Buttons generic via filter on get_the_excerpt --><\/p>\n","protected":false},"author":19,"featured_media":0,"comment_status":"open","ping_status":"open","sticky":false,"template":"","format":"standard","meta":{"footnotes":""},"categories":[1],"tags":[],"class_list":["post-20601","post","type-post","status-publish","format-standard","hentry","category-general"],"_links":{"self":[{"href":"https:\/\/blogs.deia.eus\/anasagasti\/wp-json\/wp\/v2\/posts\/20601","targetHints":{"allow":["GET"]}}],"collection":[{"href":"https:\/\/blogs.deia.eus\/anasagasti\/wp-json\/wp\/v2\/posts"}],"about":[{"href":"https:\/\/blogs.deia.eus\/anasagasti\/wp-json\/wp\/v2\/types\/post"}],"author":[{"embeddable":true,"href":"https:\/\/blogs.deia.eus\/anasagasti\/wp-json\/wp\/v2\/users\/19"}],"replies":[{"embeddable":true,"href":"https:\/\/blogs.deia.eus\/anasagasti\/wp-json\/wp\/v2\/comments?post=20601"}],"version-history":[{"count":1,"href":"https:\/\/blogs.deia.eus\/anasagasti\/wp-json\/wp\/v2\/posts\/20601\/revisions"}],"predecessor-version":[{"id":20603,"href":"https:\/\/blogs.deia.eus\/anasagasti\/wp-json\/wp\/v2\/posts\/20601\/revisions\/20603"}],"wp:attachment":[{"href":"https:\/\/blogs.deia.eus\/anasagasti\/wp-json\/wp\/v2\/media?parent=20601"}],"wp:term":[{"taxonomy":"category","embeddable":true,"href":"https:\/\/blogs.deia.eus\/anasagasti\/wp-json\/wp\/v2\/categories?post=20601"},{"taxonomy":"post_tag","embeddable":true,"href":"https:\/\/blogs.deia.eus\/anasagasti\/wp-json\/wp\/v2\/tags?post=20601"}],"curies":[{"name":"wp","href":"https:\/\/api.w.org\/{rel}","templated":true}]}}