{"id":20604,"date":"2025-06-29T11:49:10","date_gmt":"2025-06-29T09:49:10","guid":{"rendered":"https:\/\/blogs.deia.eus\/anasagasti\/?p=20604"},"modified":"2025-06-29T11:49:10","modified_gmt":"2025-06-29T09:49:10","slug":"desmemoria","status":"publish","type":"post","link":"https:\/\/blogs.deia.eus\/anasagasti\/2025\/06\/29\/desmemoria\/","title":{"rendered":"DESMEMORIA"},"content":{"rendered":"\n<p><strong>Domingo 29 de junio de 2025<\/strong><\/p>\n\n\n<div class=\"wp-block-image\">\n<figure class=\"aligncenter size-large\"><a href=\"https:\/\/blogs.deia.eus\/anasagasti\/files\/2025\/06\/Cristina-Ibarrola.jpg\"><img loading=\"lazy\" decoding=\"async\" width=\"940\" height=\"487\" src=\"https:\/\/blogs.deia.eus\/anasagasti\/files\/2025\/06\/Cristina-Ibarrola-940x487.jpg\" alt=\"\" class=\"wp-image-20605\" srcset=\"https:\/\/blogs.deia.eus\/anasagasti\/files\/2025\/06\/Cristina-Ibarrola-940x487.jpg 940w, https:\/\/blogs.deia.eus\/anasagasti\/files\/2025\/06\/Cristina-Ibarrola-580x300.jpg 580w, https:\/\/blogs.deia.eus\/anasagasti\/files\/2025\/06\/Cristina-Ibarrola-768x398.jpg 768w, https:\/\/blogs.deia.eus\/anasagasti\/files\/2025\/06\/Cristina-Ibarrola.jpg 1124w\" sizes=\"auto, (max-width: 940px) 100vw, 940px\" \/><\/a><\/figure>\n<\/div>\n\n\n<p><strong>Atril delante de unas cubas de vino<\/strong>. La escenograf\u00eda del Consejo Pol\u00edtico de UPN, reveladora: la presidenta\u00a0<a href=\"https:\/\/www.noticiasdenavarra.com\/tags\/cristina-ibarrola\/\">Ibarrola<\/a>,\u00a0<strong>embriagada de ansias de poder<\/strong>. El proceso se encuentra en fase de estrujado policial y judicial de los granos arrancados. Despu\u00e9s de la fermentaci\u00f3n (el jugo de los indicios ha de pasar a pruebas formales), llegar\u00e1 la crianza o sentencia. La en\u00f3loga Ibarrola ve cercano el final del proceso: \u201c<a href=\"https:\/\/www.noticiasdenavarra.com\/politica\/2025\/06\/21\/upn-felicita-guardia-civil-presume-9791052.html\">Chivite tiene los d\u00edas contados<\/a>\u201d. Por ende, su Gobierno. Cristina Ibarrola areng\u00f3 de rojo, el color de la bandera de Navarra. Su admirada\u00a0<a href=\"https:\/\/www.noticiasdenavarra.com\/tags\/yolanda-barcina\/\">Yolanda Barcina<\/a>\u00a0tambi\u00e9n sol\u00eda hacer gui\u00f1os con el vestuario. Reivindic\u00f3 \u201ccon orgullo que, tras 20 a\u00f1os de gobierno,\u00a0<strong>en UPN no tenemos un solo caso de corrupci\u00f3n<\/strong>\u201d.<\/p>\n\n\n\n<p><strong>\u00bfY el Caso Galipienzo, alcalde de Eg\u00fc\u00e9s por UPN?<\/strong>&nbsp;En 2009 fue condenado por&nbsp;<strong>prevaricaci\u00f3n y negociaciones prohibidas<\/strong>&nbsp;a un a\u00f1o de c\u00e1rcel, 8 de inhabilitaci\u00f3n y a una multa de 31.500 euros.&nbsp;<a href=\"https:\/\/www.noticiasdenavarra.com\/sociedad\/2009\/12\/31\/ratifican-pena-ano-prision-31-3530812.html\">Sentencia firme<\/a>. Aprob\u00f3 la construcci\u00f3n de un apartahotel en una parcela destinada a uso escolar. El Gobierno le hab\u00eda advertido de la&nbsp;<strong>ilegalidad<\/strong>. El juez aplic\u00f3 a Galipienzo atenuantes por dilaci\u00f3n indebida. Entre la comisi\u00f3n de los hechos (2003) y el juicio pasaron m\u00e1s de 5 a\u00f1os.&nbsp;<a href=\"https:\/\/www.noticiasdenavarra.com\/sociedad\/2012\/11\/02\/hacienda-subastara-viviendas-200-000-3181760.html\">Hacienda le embarg\u00f3 m\u00e1s adelante dos propiedades<\/a>&nbsp;por no haber declarado lo cobrado por su actividad inmobiliaria siendo alcalde (m\u00e1s de 1,1 millones). Licenciado en Derecho,&nbsp;<strong>aleg\u00f3 \u201cignorancia\u201d de las incompatibilidades<\/strong>. Ignorancia y dilaci\u00f3n procesal, bastante comunes en procedimientos con pol\u00edticos implicados.<\/p>\n\n\n\n<p>En 2012, la presidenta Barcina&nbsp;<strong>acept\u00f3 la dimisi\u00f3n del consejero de Pol\u00edticas Sociales, Jes\u00fas Pejenaute<\/strong>. Un cortafuegos. Kontuz! denunci\u00f3 un intento de&nbsp;<strong>blanqueo&nbsp;<\/strong>en su etapa como subdirector de Caja Navarra. Barcina estaba en la Comisi\u00f3n de Control.&nbsp;<strong>\u00bfVapores et\u00edlicos nublan la memoria de Ibarrola o han hecho un PP con el ordenador de la historia del partido<\/strong>?&nbsp;<a href=\"https:\/\/www.noticiasdenavarra.com\/politica\/2015\/08\/01\/nuevo-gobierno-elimina-complemento-salarial-2862442.html\"><strong>Dietas ocultas<\/strong><\/a><strong>, privilegios fiscales y despilfarros<\/strong>&nbsp;son tambi\u00e9n corrupci\u00f3n. Moral y econ\u00f3mica.<\/p>\n\n\n\n<p><strong>Atril delante de unas cubas de vino<\/strong>. La escenograf\u00eda del Consejo Pol\u00edtico de UPN, reveladora: la presidenta&nbsp;<a href=\"https:\/\/www.noticiasdenavarra.com\/tags\/cristina-ibarrola\/\">Ibarrola<\/a>,&nbsp;<strong>embriagada de ansias de poder<\/strong>. El proceso se encuentra en fase de estrujado policial y judicial de los granos arrancados. Despu\u00e9s de la fermentaci\u00f3n (el jugo de los indicios ha de pasar a pruebas formales), llegar\u00e1 la crianza o sentencia. La en\u00f3loga Ibarrola ve cercano el final del proceso: \u201c<a href=\"https:\/\/www.noticiasdenavarra.com\/politica\/2025\/06\/21\/upn-felicita-guardia-civil-presume-9791052.html\">Chivite tiene los d\u00edas contados<\/a>\u201d. Por ende, su Gobierno. Cristina Ibarrola areng\u00f3 de rojo, el color de la bandera de Navarra. Su admirada&nbsp;<a href=\"https:\/\/www.noticiasdenavarra.com\/tags\/yolanda-barcina\/\">Yolanda Barcina<\/a>&nbsp;tambi\u00e9n sol\u00eda hacer gui\u00f1os con el vestuario. Reivindic\u00f3 \u201ccon orgullo que, tras 20 a\u00f1os de gobierno,&nbsp;<strong>en UPN no tenemos un solo caso de corrupci\u00f3n<\/strong>\u201d.<\/p>\n\n\n\n<p><strong>\u00bfY el Caso Galipienzo, alcalde de Eg\u00fc\u00e9s por UPN?<\/strong>&nbsp;En 2009 fue condenado por&nbsp;<strong>prevaricaci\u00f3n y negociaciones prohibidas<\/strong>&nbsp;a un a\u00f1o de c\u00e1rcel, 8 de inhabilitaci\u00f3n y a una multa de 31.500 euros.&nbsp;<a href=\"https:\/\/www.noticiasdenavarra.com\/sociedad\/2009\/12\/31\/ratifican-pena-ano-prision-31-3530812.html\">Sentencia firme<\/a>. Aprob\u00f3 la construcci\u00f3n de un apartahotel en una parcela destinada a uso escolar. El Gobierno le hab\u00eda advertido de la&nbsp;<strong>ilegalidad<\/strong>. El juez aplic\u00f3 a Galipienzo atenuantes por dilaci\u00f3n indebida. Entre la comisi\u00f3n de los hechos (2003) y el juicio pasaron m\u00e1s de 5 a\u00f1os.&nbsp;<a href=\"https:\/\/www.noticiasdenavarra.com\/sociedad\/2012\/11\/02\/hacienda-subastara-viviendas-200-000-3181760.html\">Hacienda le embarg\u00f3 m\u00e1s adelante dos propiedades<\/a>&nbsp;por no haber declarado lo cobrado por su actividad inmobiliaria siendo alcalde (m\u00e1s de 1,1 millones). Licenciado en Derecho,&nbsp;<strong>aleg\u00f3 \u201cignorancia\u201d de las incompatibilidades<\/strong>. Ignorancia y dilaci\u00f3n procesal, bastante comunes en procedimientos con pol\u00edticos implicados.<\/p>\n\n\n\n<p>En 2012, la presidenta Barcina&nbsp;<strong>acept\u00f3 la dimisi\u00f3n del consejero de Pol\u00edticas Sociales, Jes\u00fas Pejenaute<\/strong>. Un cortafuegos. Kontuz! denunci\u00f3 un intento de&nbsp;<strong>blanqueo&nbsp;<\/strong>en su etapa como subdirector de Caja Navarra. Barcina estaba en la Comisi\u00f3n de Control.&nbsp;<strong>\u00bfVapores et\u00edlicos nublan la memoria de Ibarrola o han hecho un PP con el ordenador de la historia del partido<\/strong>?&nbsp;<a href=\"https:\/\/www.noticiasdenavarra.com\/politica\/2015\/08\/01\/nuevo-gobierno-elimina-complemento-salarial-2862442.html\"><strong>Dietas ocultas<\/strong><\/a><strong>, privilegios fiscales y despilfarros<\/strong>&nbsp;son tambi\u00e9n corrupci\u00f3n. Moral y econ\u00f3mica.<\/p>\n\n\n\n<p><strong>Carlos P\u00e9rez Conde<\/strong><\/p>\n<!-- AddThis Advanced Settings generic via filter on the_content --><!-- AddThis Share Buttons generic via filter on the_content -->","protected":false},"excerpt":{"rendered":"<p>Domingo 29 de junio de 2025 Atril delante de unas cubas de vino. La escenograf\u00eda del Consejo Pol\u00edtico de UPN, reveladora: la presidenta\u00a0Ibarrola,\u00a0embriagada de ansias de poder. El proceso se encuentra en fase de estrujado policial y judicial de los granos arrancados. Despu\u00e9s de la fermentaci\u00f3n (el jugo de los indicios ha de pasar a &hellip; <a href=\"https:\/\/blogs.deia.eus\/anasagasti\/2025\/06\/29\/desmemoria\/\" class=\"more-link\">Sigue leyendo <span class=\"screen-reader-text\">DESMEMORIA<\/span><\/a><!-- AddThis Advanced Settings generic via filter on get_the_excerpt --><!-- AddThis Share Buttons generic via filter on get_the_excerpt --><\/p>\n","protected":false},"author":19,"featured_media":0,"comment_status":"open","ping_status":"open","sticky":false,"template":"","format":"standard","meta":{"footnotes":""},"categories":[1],"tags":[],"class_list":["post-20604","post","type-post","status-publish","format-standard","hentry","category-general"],"_links":{"self":[{"href":"https:\/\/blogs.deia.eus\/anasagasti\/wp-json\/wp\/v2\/posts\/20604","targetHints":{"allow":["GET"]}}],"collection":[{"href":"https:\/\/blogs.deia.eus\/anasagasti\/wp-json\/wp\/v2\/posts"}],"about":[{"href":"https:\/\/blogs.deia.eus\/anasagasti\/wp-json\/wp\/v2\/types\/post"}],"author":[{"embeddable":true,"href":"https:\/\/blogs.deia.eus\/anasagasti\/wp-json\/wp\/v2\/users\/19"}],"replies":[{"embeddable":true,"href":"https:\/\/blogs.deia.eus\/anasagasti\/wp-json\/wp\/v2\/comments?post=20604"}],"version-history":[{"count":1,"href":"https:\/\/blogs.deia.eus\/anasagasti\/wp-json\/wp\/v2\/posts\/20604\/revisions"}],"predecessor-version":[{"id":20606,"href":"https:\/\/blogs.deia.eus\/anasagasti\/wp-json\/wp\/v2\/posts\/20604\/revisions\/20606"}],"wp:attachment":[{"href":"https:\/\/blogs.deia.eus\/anasagasti\/wp-json\/wp\/v2\/media?parent=20604"}],"wp:term":[{"taxonomy":"category","embeddable":true,"href":"https:\/\/blogs.deia.eus\/anasagasti\/wp-json\/wp\/v2\/categories?post=20604"},{"taxonomy":"post_tag","embeddable":true,"href":"https:\/\/blogs.deia.eus\/anasagasti\/wp-json\/wp\/v2\/tags?post=20604"}],"curies":[{"name":"wp","href":"https:\/\/api.w.org\/{rel}","templated":true}]}}