{"id":20611,"date":"2025-07-01T16:29:33","date_gmt":"2025-07-01T14:29:33","guid":{"rendered":"https:\/\/blogs.deia.eus\/anasagasti\/?p=20611"},"modified":"2025-07-01T16:29:34","modified_gmt":"2025-07-01T14:29:34","slug":"fallece-mirentxu-aguirre-hija-del-gran-fortunato","status":"publish","type":"post","link":"https:\/\/blogs.deia.eus\/anasagasti\/2025\/07\/01\/fallece-mirentxu-aguirre-hija-del-gran-fortunato\/","title":{"rendered":"Fallece Mirentxu Aguirre, hija del gran Fortunato."},"content":{"rendered":"\n<p><strong>Martes 1 de julio de 2025<\/strong><\/p>\n\n\n<div class=\"wp-block-image\">\n<figure class=\"aligncenter size-large is-resized\"><a href=\"https:\/\/blogs.deia.eus\/anasagasti\/files\/2025\/07\/Mirentxu-y-Mikele-ante-la-tumba-de-su-Aita.jpg\"><img loading=\"lazy\" decoding=\"async\" width=\"940\" height=\"1253\" src=\"https:\/\/blogs.deia.eus\/anasagasti\/files\/2025\/07\/Mirentxu-y-Mikele-ante-la-tumba-de-su-Aita-940x1253.jpg\" alt=\"\" class=\"wp-image-20612\" style=\"width:526px;height:auto\" srcset=\"https:\/\/blogs.deia.eus\/anasagasti\/files\/2025\/07\/Mirentxu-y-Mikele-ante-la-tumba-de-su-Aita-940x1253.jpg 940w, https:\/\/blogs.deia.eus\/anasagasti\/files\/2025\/07\/Mirentxu-y-Mikele-ante-la-tumba-de-su-Aita-580x773.jpg 580w, https:\/\/blogs.deia.eus\/anasagasti\/files\/2025\/07\/Mirentxu-y-Mikele-ante-la-tumba-de-su-Aita-768x1024.jpg 768w, https:\/\/blogs.deia.eus\/anasagasti\/files\/2025\/07\/Mirentxu-y-Mikele-ante-la-tumba-de-su-Aita.jpg 1033w\" sizes=\"auto, (max-width: 940px) 100vw, 940px\" \/><\/a><\/figure>\n<\/div>\n\n\n<p>Su padre, Fortunato, fue uno de los fundadores del Osasuna, Concejal y Alcalde de Estella, fue el anfitri\u00f3n de las reuniones previas al primer Estatuto, el de Estella en 1931.<\/p>\n\n\n\n<p>Estrecho colaborador de Don Manuel de Irujo, fue asimismo burukide del Napar Buru Batzar y denunci\u00f3 los movimientos de Mola en Navarra previos a la sublevaci\u00f3n militar del 18 de julio de 1936. Producida \u00e9sta fue detenido y fusilado el 29 de septiembre de 1936.<\/p>\n\n\n\n<p>Mirentxu y su hermana Mikele, conocidas como \u201clas gemelas\u201d, con su ama y hermano mantuvieron la llama del recuerdo de su aita bajo la dictadura, reivindicando siempre su obra y testimonio.<\/p>\n\n\n\n<p><a href=\"https:\/\/www.noticiasdenavarra.com\/autores\/unai-yoldi.html\">Unai Yoldi<\/a> escribe hoy lo siguiente:<\/p>\n\n\n\n<p><strong><em>\u201cMirentxu Aguirre Aristizabal<\/em><\/strong><em>, fiel defensora de la&nbsp;<\/em><a href=\"https:\/\/www.noticiasdenavarra.com\/tags\/memoria-historica\/\"><em>memoria hist\u00f3rica<\/em><\/a><em>&nbsp;en&nbsp;<strong>Navarra<\/strong>, ha fallecido a los&nbsp;<strong>88 a\u00f1os de edad<\/strong>. Nacida en Pamplona en 1936, era hija de&nbsp;<\/em><a href=\"https:\/\/www.noticiasdenavarra.com\/navarra\/2024\/10\/09\/memoria-fortunato-aguirre-sigue-firme-8789429.html\"><em>Fortunato Aguirre<\/em><\/a><em>,&nbsp;<strong>alcalde de Estella y fundador de Osasuna que fue fusilado tras el golpe de Estado de 1936&nbsp;<\/strong>antes del nacimiento de Mirentxu y de su hermana gemela&nbsp;<strong>Mikele<\/strong>, tambi\u00e9n activista por la memoria hist\u00f3rica.<\/em><\/p>\n\n\n\n<p><strong><em>Entre 2002 y 2010<\/em><\/strong><em>&nbsp;presidi\u00f3 la&nbsp;<\/em><a href=\"https:\/\/www.noticiasdenavarra.com\/tags\/affna36\/\"><em>Asociaci\u00f3n de Familiares de Fusilados de Navarra (AFFNA-36)<\/em><\/a><em>,&nbsp;<strong>un colectivo creado para trabajar por la recuperaci\u00f3n de la memoria hist\u00f3rica e instar el reconocimiento de las instituciones p\u00fablicas<\/strong>&nbsp;y de la sociedad para las personas que por sus ideas pol\u00edticas fueron fusiladas en&nbsp;<strong>la Guerra Civil.<\/strong><\/em><\/p>\n\n\n\n<p><strong><em>\u00abQue se hable con normalidad de nuestra historia\u00bb<\/em><\/strong><strong><em><\/em><\/strong><\/p>\n\n\n\n<p><em>En su adi\u00f3s al frente de AFFNA-36 en 2010,&nbsp;<strong>Aguirre afirm\u00f3 que fue una experiencia \u00abmuy bonita\u00bb<\/strong>. \u00abMe voy contenta por lo que hemos hecho; hemos tenido muy buen ambiente; y hemos logrado&nbsp;<strong>que se pueda hablar con normalidad de nuestra historia<\/strong>&nbsp;y, sobre todo,&nbsp;<strong>que se reconozca la dignidad de las personas que fueron fusiladas\u00bb<\/strong>, asever\u00f3.<\/em><\/p>\n\n\n\n<p><strong><em>\u00abS\u00edmbolo de dignidad\u00bb<\/em><\/strong><\/p>\n\n\n\n<p><em>El PNV, partido en el que militaba su padre, ha lamentado este lunes el fallecimiento de Aguirre, de quien ha destacado que fue&nbsp;<strong>\u00abtodo un s\u00edmbolo de la dignidad de las v\u00edctimas del franquismo junto a su hermana Mikele<\/strong>, y todo un ejemplo de trabajo en recuperaci\u00f3n de la memoria hist\u00f3rica junto a sus hermanos ya fallecidos y junto a toda su familia\u00bb<strong>. \u00abMujer de firmes convicciones democr\u00e1ticas desde una perspectiva abertzale, siempre defendi\u00f3 los valores de la democracia, la libertad y la justicia social\u00bb<\/strong>, ha explicado el PNV.<\/em><\/p>\n\n\n\n<p><em>La formaci\u00f3n jeltzale ha explicado que \u00ab<strong>Mirentxu y Mikele no hab\u00edan nacido cuando el 29 de septiembre de 1936 los franquistas fusilaron en Tajonar a su padre, Fortunato Agirre Lukin, alcalde de EAJ-PNV en Lizarra<\/strong>, un brillante gestor art\u00edfice de importantes avances para la ciudad, presidente de la Asamblea Estatutaria de Lizarra,<strong>&nbsp;miembro del Napar Buru Batzar, fundador de Osasuna, del Club Deportivo Izarra y de la ikastola de Estella<\/strong>, que fue asesinado por sus valores y su defensa de la libertad, la justicia y la democracia\u00bb.<\/em><\/p>\n\n\n\n<p><em>El presidente del PNV de Navarra,&nbsp;<strong>Unai Hualde<\/strong>, ha trasladado sus condolencias a la familia, allegados y amistades de Aguirre, a quienes ha agradecido adem\u00e1s su&nbsp;<strong>\u00abacompa\u00f1amiento en todos los actos de recuperaci\u00f3n de la memoria por las v\u00edctimas del franquismo en los que han participado, convirti\u00e9ndose en un ejemplo de la dignidad de las v\u00edctimas\u00bb<\/strong>.<\/em><\/p>\n\n\n\n<p><em>\u00abLa familia Agirre&nbsp;<strong>ha hecho un trabajo imprescindible para recuperar la&nbsp;<\/strong><\/em><a href=\"https:\/\/www.noticiasdenavarra.com\/tags\/memoria-historica\/\"><strong><em>memoria hist\u00f3rica<\/em><\/strong><\/a><strong><em>&nbsp;en Navarra<\/em><\/strong><em>, en defensa de todas las v\u00edctimas de la barbarie y la sinraz\u00f3n. Durante a\u00f1os sufristeis el silencio y la desmemoria, pero nunca actuasteis con odio ni rencor.&nbsp;<strong>Goian Bego, Mirentxu, eta eskerrik asko<\/strong>\u00ab, ha se\u00f1alado Hualde.\u201d<\/em><\/p>\n<!-- AddThis Advanced Settings generic via filter on the_content --><!-- AddThis Share Buttons generic via filter on the_content -->","protected":false},"excerpt":{"rendered":"<p>Martes 1 de julio de 2025 Su padre, Fortunato, fue uno de los fundadores del Osasuna, Concejal y Alcalde de Estella, fue el anfitri\u00f3n de las reuniones previas al primer Estatuto, el de Estella en 1931. Estrecho colaborador de Don Manuel de Irujo, fue asimismo burukide del Napar Buru Batzar y denunci\u00f3 los movimientos de &hellip; <a href=\"https:\/\/blogs.deia.eus\/anasagasti\/2025\/07\/01\/fallece-mirentxu-aguirre-hija-del-gran-fortunato\/\" class=\"more-link\">Sigue leyendo <span class=\"screen-reader-text\">Fallece Mirentxu Aguirre, hija del gran Fortunato.<\/span><\/a><!-- AddThis Advanced Settings generic via filter on get_the_excerpt --><!-- AddThis Share Buttons generic via filter on get_the_excerpt --><\/p>\n","protected":false},"author":19,"featured_media":0,"comment_status":"open","ping_status":"open","sticky":false,"template":"","format":"standard","meta":{"footnotes":""},"categories":[1],"tags":[],"class_list":["post-20611","post","type-post","status-publish","format-standard","hentry","category-general"],"_links":{"self":[{"href":"https:\/\/blogs.deia.eus\/anasagasti\/wp-json\/wp\/v2\/posts\/20611","targetHints":{"allow":["GET"]}}],"collection":[{"href":"https:\/\/blogs.deia.eus\/anasagasti\/wp-json\/wp\/v2\/posts"}],"about":[{"href":"https:\/\/blogs.deia.eus\/anasagasti\/wp-json\/wp\/v2\/types\/post"}],"author":[{"embeddable":true,"href":"https:\/\/blogs.deia.eus\/anasagasti\/wp-json\/wp\/v2\/users\/19"}],"replies":[{"embeddable":true,"href":"https:\/\/blogs.deia.eus\/anasagasti\/wp-json\/wp\/v2\/comments?post=20611"}],"version-history":[{"count":1,"href":"https:\/\/blogs.deia.eus\/anasagasti\/wp-json\/wp\/v2\/posts\/20611\/revisions"}],"predecessor-version":[{"id":20613,"href":"https:\/\/blogs.deia.eus\/anasagasti\/wp-json\/wp\/v2\/posts\/20611\/revisions\/20613"}],"wp:attachment":[{"href":"https:\/\/blogs.deia.eus\/anasagasti\/wp-json\/wp\/v2\/media?parent=20611"}],"wp:term":[{"taxonomy":"category","embeddable":true,"href":"https:\/\/blogs.deia.eus\/anasagasti\/wp-json\/wp\/v2\/categories?post=20611"},{"taxonomy":"post_tag","embeddable":true,"href":"https:\/\/blogs.deia.eus\/anasagasti\/wp-json\/wp\/v2\/tags?post=20611"}],"curies":[{"name":"wp","href":"https:\/\/api.w.org\/{rel}","templated":true}]}}