{"id":20617,"date":"2025-07-03T12:37:45","date_gmt":"2025-07-03T10:37:45","guid":{"rendered":"https:\/\/blogs.deia.eus\/anasagasti\/?p=20617"},"modified":"2025-07-03T12:37:45","modified_gmt":"2025-07-03T10:37:45","slug":"un-pais-que-asusta","status":"publish","type":"post","link":"https:\/\/blogs.deia.eus\/anasagasti\/2025\/07\/03\/un-pais-que-asusta\/","title":{"rendered":"UN PA\u00cdS QUE ASUSTA"},"content":{"rendered":"\n<p><strong>Jueves 3 de julio de 2025<\/strong><\/p>\n\n\n<div class=\"wp-block-image\">\n<figure class=\"aligncenter size-full is-resized\"><a href=\"https:\/\/blogs.deia.eus\/anasagasti\/files\/2025\/07\/TELLADO.jpg\"><img loading=\"lazy\" decoding=\"async\" width=\"290\" height=\"174\" src=\"https:\/\/blogs.deia.eus\/anasagasti\/files\/2025\/07\/TELLADO.jpg\" alt=\"\" class=\"wp-image-20618\" style=\"width:548px;height:auto\" \/><\/a><\/figure>\n<\/div>\n\n\n<p>Javier de Andr\u00e9s, arremete. Lo lleva haciendo con fijaci\u00f3n desde que sustituy\u00f3 a Iturgaitz. No le importa el tipo de munici\u00f3n a emplear. Y tampoco que sus diatribas se basen en la mentira. Cree que as\u00ed logra hacerse con un espacio y trasladar el ambiente t\u00f3xico madrile\u00f1o a Euzkadi. Lo hizo con la Delegaci\u00f3n de Paris, lo hace con las acusaciones a S\u00e1nchez, lo hace ahora con una persona no afiliada al PNV, lo har\u00e1 con todo. Han encontrado la f\u00f3rmula filosofal que no es otra que la de Vox. Extremarlo todo, romper la menor relaci\u00f3n pol\u00edtica, no solucionar nada, pero creerse, gracias a las encuestas, que la Moncloa est\u00e1 a tiro de piedra. Esa es su oferta. Basura, v\u00f3mitos, y caca.<\/p>\n\n\n\n<p>Curiosamente nunca piden crear comisiones de investigaci\u00f3n para los presuntos corruptores, que son los empresarios de la construcci\u00f3n. Ah\u00ed le tenemos a Jos\u00e9 Manuel Entrecanales, presidente de Acciona, que ha dicho que no se enter\u00f3 que su delegado en Pamplona hac\u00eda negocios sucios con Santos Cerd\u00e1n. Curiosamente tambi\u00e9n, el juez no ha mandado a la polic\u00eda a registrar Acciona para evitar destrucci\u00f3n de pruebas. Curioso.<\/p>\n\n\n\n<p>Estamos pues ante una derecha armada que este fin de semana entronizar\u00e1 a un portero de discoteca pol\u00edtico como secretario general. Miguel Tellado ser\u00e1 el personaje destinado a golpear a la oposici\u00f3n y excitar los m\u00e1s bajos instintos espa\u00f1oles contra los nacionalistas a pesar de haber hablado \u00e9l con Koldo Garc\u00eda y haber tenido en su d\u00eda veleidades nacionalistas gallegas. Es como ponerle a Dr\u00e1cula al frente de un banco de sangre. Vale todo. No importa que a Feij\u00f3o se le recuerde su paseo en barco con el Capo Marcial Dorado. \u201dSomos la derecha y tenemos patente de corso\u201d.<\/p>\n\n\n\n<p>Malos tiempos para la l\u00edrica si esta gente llega al poder.<\/p>\n\n\n\n<p>C\u00e1ustico me manda este comentario que va en la misma l\u00ednea de preocupaci\u00f3n:<\/p>\n\n\n\n<p>Metidos en la basura del trumpismo global y similares basta con que un lerdo se\u00f1ale la luna para que otros lerdos miren el dedo sin ver m\u00e1s all\u00e1.<\/p>\n\n\n\n<p>El vodevil del PSOE, pat\u00e9tico y cutre comparado con las haza\u00f1as de los borbones, de los peperos y de los hipermillonarios especuladores y ladrones que rozan la perfecci\u00f3n, atrae toda la actividad informativa y el cabreo ciudadano porque alguien mucho m\u00e1s listo ha decidido que la sociedad mire ese espect\u00e1culo y se distraiga mientras otros siguen con su labor depredadora y criminal.<\/p>\n\n\n\n<p>Con los cinco millones del \u00abbot\u00edn \u00bb hay banqueros, especuladores energ\u00e9ticos o tecnol\u00f3gicos que se limpian el trasero cada d\u00eda. El tongo del gasto en armamento s\u00ed que es sangrante y se la pela a \u00e9sos indignados de postureo.<\/p>\n\n\n\n<p>Leo que un DJ catal\u00e1n animaba al p\u00fablico a llamar hijo de puta al presidente. Eso no es cabreo, eso es estrategia fascista, por lamentables que sean determinadas actuaciones. Luego se extra\u00f1an de que la extrema derecha gane adeptos entre la juventud. Es m\u00e1s divertido ser facha que progresista en un estado sin autoridad, que quiz\u00e1s tampoco sepa mantener los derechos conquistados y cada cierto tiempo &nbsp;se ve obligado a caminar para atr\u00e1s. Sin ir m\u00e1s lejos ning\u00fan DJ drogado provoc\u00f3 al p\u00fablico para llamar hija de puta a la cateta madrile\u00f1a. Y si lo hubiera hecho lo habr\u00eda pagado. Y dejo claro el PSOE no es mi tipo pero estoy acojonado con este pa\u00eds. M\u00e1s que nada porque lo conozco y es de asustar.<\/p>\n\n\n\n<p>Hay que tener el temple y el desprecio hacia la democracia que tiene el PP, s\u00ed se\u00f1or. El presidente pepero de la generalidad valenciana, inmaculado tras las m\u00e1s de 200 muertes, contrata \u00aba dedo\u00bb a una empresa amiga del PP e involucrada en el eterno caso G\u00fcrtel, para construir una pasarela peatonal en la zona donde comenz\u00f3 la riada famosa. Y nadie dice nada. Extra\u00f1o pa\u00eds.<\/p>\n<!-- AddThis Advanced Settings generic via filter on the_content --><!-- AddThis Share Buttons generic via filter on the_content -->","protected":false},"excerpt":{"rendered":"<p>Jueves 3 de julio de 2025 Javier de Andr\u00e9s, arremete. Lo lleva haciendo con fijaci\u00f3n desde que sustituy\u00f3 a Iturgaitz. No le importa el tipo de munici\u00f3n a emplear. Y tampoco que sus diatribas se basen en la mentira. Cree que as\u00ed logra hacerse con un espacio y trasladar el ambiente t\u00f3xico madrile\u00f1o a Euzkadi. &hellip; <a href=\"https:\/\/blogs.deia.eus\/anasagasti\/2025\/07\/03\/un-pais-que-asusta\/\" class=\"more-link\">Sigue leyendo <span class=\"screen-reader-text\">UN PA\u00cdS QUE ASUSTA<\/span><\/a><!-- AddThis Advanced Settings generic via filter on get_the_excerpt --><!-- AddThis Share Buttons generic via filter on get_the_excerpt --><\/p>\n","protected":false},"author":19,"featured_media":0,"comment_status":"open","ping_status":"open","sticky":false,"template":"","format":"standard","meta":{"footnotes":""},"categories":[1],"tags":[],"class_list":["post-20617","post","type-post","status-publish","format-standard","hentry","category-general"],"_links":{"self":[{"href":"https:\/\/blogs.deia.eus\/anasagasti\/wp-json\/wp\/v2\/posts\/20617","targetHints":{"allow":["GET"]}}],"collection":[{"href":"https:\/\/blogs.deia.eus\/anasagasti\/wp-json\/wp\/v2\/posts"}],"about":[{"href":"https:\/\/blogs.deia.eus\/anasagasti\/wp-json\/wp\/v2\/types\/post"}],"author":[{"embeddable":true,"href":"https:\/\/blogs.deia.eus\/anasagasti\/wp-json\/wp\/v2\/users\/19"}],"replies":[{"embeddable":true,"href":"https:\/\/blogs.deia.eus\/anasagasti\/wp-json\/wp\/v2\/comments?post=20617"}],"version-history":[{"count":1,"href":"https:\/\/blogs.deia.eus\/anasagasti\/wp-json\/wp\/v2\/posts\/20617\/revisions"}],"predecessor-version":[{"id":20619,"href":"https:\/\/blogs.deia.eus\/anasagasti\/wp-json\/wp\/v2\/posts\/20617\/revisions\/20619"}],"wp:attachment":[{"href":"https:\/\/blogs.deia.eus\/anasagasti\/wp-json\/wp\/v2\/media?parent=20617"}],"wp:term":[{"taxonomy":"category","embeddable":true,"href":"https:\/\/blogs.deia.eus\/anasagasti\/wp-json\/wp\/v2\/categories?post=20617"},{"taxonomy":"post_tag","embeddable":true,"href":"https:\/\/blogs.deia.eus\/anasagasti\/wp-json\/wp\/v2\/tags?post=20617"}],"curies":[{"name":"wp","href":"https:\/\/api.w.org\/{rel}","templated":true}]}}