{"id":20621,"date":"2025-07-04T13:13:14","date_gmt":"2025-07-04T11:13:14","guid":{"rendered":"https:\/\/blogs.deia.eus\/anasagasti\/?p=20621"},"modified":"2025-07-04T13:13:15","modified_gmt":"2025-07-04T11:13:15","slug":"los-males-internos-del-psoe","status":"publish","type":"post","link":"https:\/\/blogs.deia.eus\/anasagasti\/2025\/07\/04\/los-males-internos-del-psoe\/","title":{"rendered":"LOS MALES INTERNOS DEL PSOE."},"content":{"rendered":"\n<p><strong>Viernes 4 de julio de 2025<\/strong><\/p>\n\n\n<div class=\"wp-block-image\">\n<figure class=\"aligncenter size-full\"><a href=\"https:\/\/blogs.deia.eus\/anasagasti\/files\/2025\/07\/page-sanchez-efe.jpg\"><img loading=\"lazy\" decoding=\"async\" width=\"857\" height=\"768\" src=\"https:\/\/blogs.deia.eus\/anasagasti\/files\/2025\/07\/page-sanchez-efe.jpg\" alt=\"\" class=\"wp-image-20622\" srcset=\"https:\/\/blogs.deia.eus\/anasagasti\/files\/2025\/07\/page-sanchez-efe.jpg 857w, https:\/\/blogs.deia.eus\/anasagasti\/files\/2025\/07\/page-sanchez-efe-580x520.jpg 580w, https:\/\/blogs.deia.eus\/anasagasti\/files\/2025\/07\/page-sanchez-efe-768x688.jpg 768w\" sizes=\"auto, (max-width: 857px) 100vw, 857px\" \/><\/a><\/figure>\n<\/div>\n\n\n<p>De mi estancia en Madrid mantengo relaci\u00f3n con muchos pol\u00edticos de la \u00e9poca. y de su arco parlamentario. Eran otros tiempos en los que, habiendo de todo, se hac\u00eda buena la sentencia de Cicer\u00f3n que dec\u00eda que la pol\u00edtica es complicidad sin amistad, aunque el tiempo redondea las aristas en las relaciones y las cosas se ven en otra dimensi\u00f3n. Y prima el factor humano.<\/p>\n\n\n\n<p>Estos d\u00edas he hablado con pol\u00edticos del PSOE que han detentado cargos p\u00fablicos de significaci\u00f3n. Algunos, vieja guardia del PSOE.<\/p>\n\n\n\n<p>Hablando con uno, que ha sido cabeza de Instituci\u00f3n, y que ha firmado esa carta conjunta &nbsp;contra Pedro S\u00e1nchez dici\u00e9ndole se vaya a su casa, he tenido un debate interesante. Le he rebatido dici\u00e9ndole que me parece incomprensible que quieran gane el PP &nbsp;porque &nbsp;siendo leg\u00edtima la demanda , hacen lo que Garc\u00eda Page que solo cr\u00edtica a su partido y de forma p\u00fablica y con cara de asco, siendo&nbsp; de una gran deslealtad lo que &nbsp;expresa continuamente ,al silenciar &nbsp;todo lo que hace el PP, como si fuera su partido. Le he dicho que tienen raz\u00f3n en lo que dicen pero la pierden porque no equilibran su texto diciendo nada sobre el facher\u00edo del PP, partido condenado por corrupci\u00f3n, teniendo incluso &nbsp;un tw de Rajoy a Luis B\u00e1rcenas en las que le dec\u00eda: \u201dLuis, se fuerte\u201d y con decenas de portavoces y ministros que han pasado por Soto del Real. Si lo de los tres sopranos actuales es grave, no lo fue menos lo anterior contando adem\u00e1s con un jefe del estado viviendo en Abu Dabi. Y de eso no dicen nada como no dicen nada de las grandes constructoras, todas ellas en manos de jerarcas del PP. No hay corrupci\u00f3n sin corruptores.<\/p>\n\n\n\n<p>Otros &nbsp;socialistas son m\u00e1s constructivos pero ponen el dedo en la llaga interna.<\/p>\n\n\n\n<p>\u201cNuestro partido est\u00e1 muerto. No hay debate alguno. En tiempos de Felipe Gonz\u00e1lez hab\u00eda mucha cr\u00edtica interna, desde Izquierda Socialista, hasta los guerristas y anti guerristas, felipistas y vieja guardia. Las reuniones duraban d\u00eda y medio y eran duras y expl\u00edcitas. En la actualidad el Comit\u00e9 Federal est\u00e1 formado por 150 personas pero solo pueden hablar los secretarios regionales. Se reduce el debate, que es de un amenismo asfixiante y vomitivo, y se fomenta el culto a la personalidad. Nosotros somos 35 en Canarias y solo hablan o tienen derecho de palabra&nbsp; cinco. Las Agrupaciones del Partido no celebran debates sobre problemas que &nbsp;est\u00e1n en la sociedad, desde la emigraci\u00f3n a las nucleares, pasando por la violencia de g\u00e9nero o la vivienda. No se discute nada y claro no te extra\u00f1e que Koldo Garc\u00eda, portero de puticlub fuera Vocal Asesor del Ministro de Fomento, miembro del Consejo de Administraci\u00f3n de Renfe y del Ente Puertos del Estado. Cuando ocurre esto y nadie dice nada, o no puede decir nada no te extra\u00f1e pase lo que pasa.<\/p>\n\n\n\n<p>Y en Enusa que es la encargada de comprar material radioactivo trabaja y est\u00e1 al frente una persona que no sabe nada de lo que es un prot\u00f3n y gana 120.000 euros al a\u00f1o. Ahora querido I\u00f1aki, te dar\u00e1s cuenta de lo que estamos viviendo. Si el PSOE no se democratiza, vamos a la marginalidad\u201d.<\/p>\n\n\n\n<p>Bueno, expongo estos dos testimonios. Pod\u00eda escribir alguno m\u00e1s. Pero son gr\u00e1ficos. Cuando un partido ciega sus terminales y no acepta el debate interno, pone a los mejores, no a los m\u00e1s d\u00f3ciles, y vigila los excesos, pasa lo que les est\u00e1 pasando. Y si&nbsp; no hay vigilancia pasa lo que dec\u00eda Arzalluz con el queso y los ratones.<\/p>\n\n\n\n<p>Fueron conversaciones amistosas escuchadas con respeto viendo la angustia que les conmueve en esta ocasi\u00f3n.<\/p>\n<!-- AddThis Advanced Settings generic via filter on the_content --><!-- AddThis Share Buttons generic via filter on the_content -->","protected":false},"excerpt":{"rendered":"<p>Viernes 4 de julio de 2025 De mi estancia en Madrid mantengo relaci\u00f3n con muchos pol\u00edticos de la \u00e9poca. y de su arco parlamentario. Eran otros tiempos en los que, habiendo de todo, se hac\u00eda buena la sentencia de Cicer\u00f3n que dec\u00eda que la pol\u00edtica es complicidad sin amistad, aunque el tiempo redondea las aristas &hellip; <a href=\"https:\/\/blogs.deia.eus\/anasagasti\/2025\/07\/04\/los-males-internos-del-psoe\/\" class=\"more-link\">Sigue leyendo <span class=\"screen-reader-text\">LOS MALES INTERNOS DEL PSOE.<\/span><\/a><!-- AddThis Advanced Settings generic via filter on get_the_excerpt --><!-- AddThis Share Buttons generic via filter on get_the_excerpt --><\/p>\n","protected":false},"author":19,"featured_media":0,"comment_status":"open","ping_status":"open","sticky":false,"template":"","format":"standard","meta":{"footnotes":""},"categories":[1],"tags":[],"class_list":["post-20621","post","type-post","status-publish","format-standard","hentry","category-general"],"_links":{"self":[{"href":"https:\/\/blogs.deia.eus\/anasagasti\/wp-json\/wp\/v2\/posts\/20621","targetHints":{"allow":["GET"]}}],"collection":[{"href":"https:\/\/blogs.deia.eus\/anasagasti\/wp-json\/wp\/v2\/posts"}],"about":[{"href":"https:\/\/blogs.deia.eus\/anasagasti\/wp-json\/wp\/v2\/types\/post"}],"author":[{"embeddable":true,"href":"https:\/\/blogs.deia.eus\/anasagasti\/wp-json\/wp\/v2\/users\/19"}],"replies":[{"embeddable":true,"href":"https:\/\/blogs.deia.eus\/anasagasti\/wp-json\/wp\/v2\/comments?post=20621"}],"version-history":[{"count":1,"href":"https:\/\/blogs.deia.eus\/anasagasti\/wp-json\/wp\/v2\/posts\/20621\/revisions"}],"predecessor-version":[{"id":20623,"href":"https:\/\/blogs.deia.eus\/anasagasti\/wp-json\/wp\/v2\/posts\/20621\/revisions\/20623"}],"wp:attachment":[{"href":"https:\/\/blogs.deia.eus\/anasagasti\/wp-json\/wp\/v2\/media?parent=20621"}],"wp:term":[{"taxonomy":"category","embeddable":true,"href":"https:\/\/blogs.deia.eus\/anasagasti\/wp-json\/wp\/v2\/categories?post=20621"},{"taxonomy":"post_tag","embeddable":true,"href":"https:\/\/blogs.deia.eus\/anasagasti\/wp-json\/wp\/v2\/tags?post=20621"}],"curies":[{"name":"wp","href":"https:\/\/api.w.org\/{rel}","templated":true}]}}