{"id":20629,"date":"2025-07-05T09:39:18","date_gmt":"2025-07-05T07:39:18","guid":{"rendered":"https:\/\/blogs.deia.eus\/anasagasti\/?p=20629"},"modified":"2025-07-05T09:39:19","modified_gmt":"2025-07-05T07:39:19","slug":"de-cuca-gamarra-al-coco-macarra","status":"publish","type":"post","link":"https:\/\/blogs.deia.eus\/anasagasti\/2025\/07\/05\/de-cuca-gamarra-al-coco-macarra\/","title":{"rendered":"DE CUCA GAMARRA AL COCO MACARRA"},"content":{"rendered":"\n<p><strong>S\u00e1bado 5 de julio de 2025<\/strong><\/p>\n\n\n<div class=\"wp-block-image\">\n<figure class=\"aligncenter size-large\"><a href=\"https:\/\/blogs.deia.eus\/anasagasti\/files\/2025\/07\/GAMARRA_TELLADOn.jpg\"><img loading=\"lazy\" decoding=\"async\" width=\"940\" height=\"488\" src=\"https:\/\/blogs.deia.eus\/anasagasti\/files\/2025\/07\/GAMARRA_TELLADOn-940x488.jpg\" alt=\"\" class=\"wp-image-20630\" srcset=\"https:\/\/blogs.deia.eus\/anasagasti\/files\/2025\/07\/GAMARRA_TELLADOn-940x488.jpg 940w, https:\/\/blogs.deia.eus\/anasagasti\/files\/2025\/07\/GAMARRA_TELLADOn-580x301.jpg 580w, https:\/\/blogs.deia.eus\/anasagasti\/files\/2025\/07\/GAMARRA_TELLADOn-768x399.jpg 768w, https:\/\/blogs.deia.eus\/anasagasti\/files\/2025\/07\/GAMARRA_TELLADOn.jpg 1024w\" sizes=\"auto, (max-width: 940px) 100vw, 940px\" \/><\/a><\/figure>\n<\/div>\n\n\n<p>Sigan ustedes lo que est\u00e1 ocurriendo en el PP, congreso inclusive. Un Congreso que aprobar\u00e1 ponencias terribles contra el viejo estado auton\u00f3mico de 1978. Ya no habr\u00e1 \u201cNacionalidades y Regiones\u201d sino la Espa\u00f1a \u201c\u00fanica e indivisible\u201d verdadera obsesi\u00f3n de esa Espa\u00f1a residenciada en Madrid, que no piensa sino embiste.<\/p>\n\n\n\n<p>Lo que est\u00e1 ocurriendo con la corrupci\u00f3n es un inmenso torment\u00f3n de tel\u00f3n de fondo que oculta el meollo de lo que de verdad le importa al PP como si el PP fuera el Partido de la Madre Teresa de Calcuta y no tuviera al frente un se\u00f1or, N\u00fa\u00f1ez Feij\u00f3o, cuya amistad con un capo mafiosos se hizo viral por la inmundicia de la imagen. Pero para la derecha, todo vale. La prueba est\u00e1 en que el PP no habla de como combatir esa corrupci\u00f3n sist\u00e9mica que hace que Juan Carlos de Borb\u00f3n viva en Abu Dabi y a Acciona el juez no les ha enviado la polic\u00eda para que no destruyan pruebas. Patente de corso se le llama a esto.<\/p>\n\n\n\n<p>Y el broche va a ser el cambio de Cuca Gamarra, una se\u00f1ora de Logro\u00f1o que le traicion\u00f3 a Pablo Casado, que ser\u00e1 sustituida por un aut\u00e9ntico basilisco de la peor especie, lo m\u00e1s parecido a Herman Goering, una imagen de nazi alem\u00e1n que queda resumido todo en un macarra de dise\u00f1o llamado Miguel Tellado. Feij\u00f3o se rodea de halcones para evitar que Abascal y Ayuso, le muevan la silla, obsesionado con llegar a la Moncloa como sea. Ya lo dijo. \u201dNo soy presidente porque no lo quiero\u201d.<\/p>\n\n\n\n<p>Lo del modelo \u00e9tico les importa un pito. Lo de gobernar desde el centro no fue m\u00e1s que un enga\u00f1o. Lo de haber sido presidente de una Comunidad Aut\u00f3noma y por tanto mostrar una especial sensibilidad hacia lo auton\u00f3mico fue solo un anzuelo a pie de p\u00e1gina porque lo de \u00e9l es la Espa\u00f1a del M\u00edo Cid, de los Reyes Cat\u00f3licos, la del ferrolano Francisco Franco.<\/p>\n\n\n\n<p>Y sigan la noticia de un Carlos Maz\u00f3n, presidente de la Generalit\u00e1 Valenciana, que a pesar de los muertos habidos gracias a su negligencia, va a conseguir los dos a\u00f1os redondos en el cargo para cobrar pensi\u00f3n. Un esc\u00e1ndalo democr\u00e1tico al que se le une otro al creer que pagando cash los 835 euros, la comida con la periodista, supera la cr\u00edtica. F\u00edjense en la escandalosa cifra:835 euros una comida para dos. A 415 euros per c\u00e1pita. \u00bfQu\u00e9 comieron?. Y quer\u00eda pagarlo con dinero p\u00fablico hasta que le dijeron que no. Un esc\u00e1ndalo esos 835 euros que dar\u00edan para que cuarenta personas comieran un men\u00fa del d\u00eda de veinte euros, que no est\u00e1 mal.<\/p>\n\n\n\n<p>\u00bfD\u00f3nde est\u00e1n los intelectuales, la opini\u00f3n p\u00fablica, el PP, para decir que todo \u00e9sto es un inmundicia inconmensurable?.<\/p>\n\n\n\n<p>Y a esperar el mitin del PP donde se van a presentar como los salvadores de una Espa\u00f1a franquista y donde los de siempre podr\u00e1n seguir robando y pagando menos impuestos. En eso est\u00e1n.<\/p>\n<!-- AddThis Advanced Settings generic via filter on the_content --><!-- AddThis Share Buttons generic via filter on the_content -->","protected":false},"excerpt":{"rendered":"<p>S\u00e1bado 5 de julio de 2025 Sigan ustedes lo que est\u00e1 ocurriendo en el PP, congreso inclusive. Un Congreso que aprobar\u00e1 ponencias terribles contra el viejo estado auton\u00f3mico de 1978. Ya no habr\u00e1 \u201cNacionalidades y Regiones\u201d sino la Espa\u00f1a \u201c\u00fanica e indivisible\u201d verdadera obsesi\u00f3n de esa Espa\u00f1a residenciada en Madrid, que no piensa sino embiste. &hellip; <a href=\"https:\/\/blogs.deia.eus\/anasagasti\/2025\/07\/05\/de-cuca-gamarra-al-coco-macarra\/\" class=\"more-link\">Sigue leyendo <span class=\"screen-reader-text\">DE CUCA GAMARRA AL COCO MACARRA<\/span><\/a><!-- AddThis Advanced Settings generic via filter on get_the_excerpt --><!-- AddThis Share Buttons generic via filter on get_the_excerpt --><\/p>\n","protected":false},"author":19,"featured_media":0,"comment_status":"open","ping_status":"open","sticky":false,"template":"","format":"standard","meta":{"footnotes":""},"categories":[1],"tags":[],"class_list":["post-20629","post","type-post","status-publish","format-standard","hentry","category-general"],"_links":{"self":[{"href":"https:\/\/blogs.deia.eus\/anasagasti\/wp-json\/wp\/v2\/posts\/20629","targetHints":{"allow":["GET"]}}],"collection":[{"href":"https:\/\/blogs.deia.eus\/anasagasti\/wp-json\/wp\/v2\/posts"}],"about":[{"href":"https:\/\/blogs.deia.eus\/anasagasti\/wp-json\/wp\/v2\/types\/post"}],"author":[{"embeddable":true,"href":"https:\/\/blogs.deia.eus\/anasagasti\/wp-json\/wp\/v2\/users\/19"}],"replies":[{"embeddable":true,"href":"https:\/\/blogs.deia.eus\/anasagasti\/wp-json\/wp\/v2\/comments?post=20629"}],"version-history":[{"count":1,"href":"https:\/\/blogs.deia.eus\/anasagasti\/wp-json\/wp\/v2\/posts\/20629\/revisions"}],"predecessor-version":[{"id":20631,"href":"https:\/\/blogs.deia.eus\/anasagasti\/wp-json\/wp\/v2\/posts\/20629\/revisions\/20631"}],"wp:attachment":[{"href":"https:\/\/blogs.deia.eus\/anasagasti\/wp-json\/wp\/v2\/media?parent=20629"}],"wp:term":[{"taxonomy":"category","embeddable":true,"href":"https:\/\/blogs.deia.eus\/anasagasti\/wp-json\/wp\/v2\/categories?post=20629"},{"taxonomy":"post_tag","embeddable":true,"href":"https:\/\/blogs.deia.eus\/anasagasti\/wp-json\/wp\/v2\/tags?post=20629"}],"curies":[{"name":"wp","href":"https:\/\/api.w.org\/{rel}","templated":true}]}}