{"id":20632,"date":"2025-07-06T07:39:53","date_gmt":"2025-07-06T05:39:53","guid":{"rendered":"https:\/\/blogs.deia.eus\/anasagasti\/?p=20632"},"modified":"2025-07-06T07:39:53","modified_gmt":"2025-07-06T05:39:53","slug":"nosotros-los-espanoles","status":"publish","type":"post","link":"https:\/\/blogs.deia.eus\/anasagasti\/2025\/07\/06\/nosotros-los-espanoles\/","title":{"rendered":"\u00a1NOSOTROS LOS ESPA\u00d1OLES!"},"content":{"rendered":"\n<p><strong>Domingo 6 de julio de 2025<\/strong><\/p>\n\n\n<div class=\"wp-block-image\">\n<figure class=\"aligncenter size-full is-resized\"><a href=\"https:\/\/blogs.deia.eus\/anasagasti\/files\/2025\/07\/foto-archivo-expresidentes-felipe-gonzalez-jose-maria-aznar_78.jpg\"><img loading=\"lazy\" decoding=\"async\" width=\"524\" height=\"225\" src=\"https:\/\/blogs.deia.eus\/anasagasti\/files\/2025\/07\/foto-archivo-expresidentes-felipe-gonzalez-jose-maria-aznar_78.jpg\" alt=\"\" class=\"wp-image-20633\" style=\"width:688px;height:auto\" \/><\/a><\/figure>\n<\/div>\n\n\n<p>\u201cNosotros el pueblo de los Estados Unidos\u2026.\u201d es el pre\u00e1mbulo de su Constituci\u00f3n. Aznar lo ha hecho suyo. Solo quiere cerca a espa\u00f1oles pata negra y eso que su abuelo firmaba en el Euzkadi como Imanol. Otra de las frases redondas a recordar en respuesta &nbsp;y \u00e9sta de Josep Pla, fue aquella cuando dijo que lo m\u00e1s parecido a un espa\u00f1ol de derechas es un espa\u00f1ol de izquierdas. Me la ha recordado la &nbsp;lectura de la papela de 38 socialistas veteranos, cabreados como una mona, echando espuma por la comisura de los labios, que le piden a Pedro S\u00e1nchez se vaya a casa. Lo dicen gentes que&nbsp; como Barrionuevo y Vera, fueron encarcelados por ser responsables del Gal justificando la mayor\u00eda de los firmantes aquella aberraci\u00f3n. Su enfado no trae causa de una &nbsp;exquisita sensibilidad hacia el combate contra &nbsp;la corrupci\u00f3n, no, lo que les mueve a escribir esa carta, no es porque S\u00e1nchez no cuente con ellos para nada, sino por algo en lo que coinciden de hoz y coz con el PP-VOX y que verbaliz\u00f3 Mariano Rajoy. \u201dSu delito es pactar con los independentistas\u201d. No importa que S\u00e1nchez haya pacificado, a la fuerza ahorcan, Catalunya con &nbsp;los Indultos y la odiada Amnist\u00eda, sin tener ellos como f\u00f3rmula sanadora de soluci\u00f3n de un problema casi irresoluble m\u00e1s que la c\u00e1rcel, la represi\u00f3n, el 155 y el Piol\u00edn, sino porque ese socialismo firmante &nbsp;tan agresivo coincide en todo con esa Espa\u00f1a falangista de Aznar en blanco y negro, que no admite la plurinacionalidad, la cooficialidad de las lenguas y mucho menos se cuestione esa visi\u00f3n castellana del poder. Ese es el meollo de lo que est\u00e1 pasando en Espa\u00f1a a lo que se le a\u00f1ade una ciudad como Madrid, Villa burbuja endog\u00e1mica t\u00f3xica con la Brunete Medi\u00e1tica disparando, donde todas las fobias tienen su asiento. Escucharles a Feij\u00f3o, Tellado, Ayuso, Gamarra, Gonz\u00e1lez Pons, es escuchar a un facher\u00edo impresentable que no ha aprobado la asignatura democr\u00e1tica y solo sacan a pasear el insulto y una inquietante agresividad golpista que hasta ahora hab\u00edan contenido a duras penas. Ejercer el poder, porque es de ellos, y la unidad de Espa\u00f1a, es su programa. No nos enga\u00f1emos. Y no hay m\u00e1s.<\/p>\n\n\n\n<p><strong>LA CABEZA DE S\u00c1NCHEZ<\/strong><\/p>\n\n\n\n<p>Ese Madrid est\u00e1 conjurado contra Pedro S\u00e1nchez. Lo odian, lo insultan, lo aborrecen. Y se ponen de acuerdo todos esos buenos espa\u00f1oles. La Judicatura, Obispos de la Conferencia Episcopal, Fuerzas de Seguridad del estado, la Sexta y el Pa\u00eds en vergonzosa coyunda, los presidentes auton\u00f3micos del PP, un N\u00fa\u00f1ez Feij\u00f3o incapaz de mandarle a su casa al presidente de Valencia por su desastre, un Feij\u00f3o sin criterio en relaci\u00f3n con la OTAN y los Aranceles, ni lo que est\u00e1 ocurriendo humanitariamente en Gaza, un PP que quiere llegar como sea al poder, como sea, y utiliza todos los medios siendo el PNV un estorbo a eliminar o a recordar que su voto fue decisivo para mandar a Rajoy a casa, que tampoco quiso irse de La Moncloa, igual que S\u00e1nchez. \u00bfO lo han olvidado?. La diferencia con 2018 es que el Juez sentenci\u00f3 que el PP era, todo \u00e9l, un partido corrupto y el testimonio de Rajoy ante el juez no hab\u00eda sido &nbsp;cre\u00edble. Les conden\u00f3. Y el PNV apoy\u00f3 la Moci\u00f3n de censura.<\/p>\n\n\n\n<p>Hoy, en este hurac\u00e1n inducido, la gran diferencia es que no hay sentencia contra el PSOE y de momento estamos en ciernes de una instrucci\u00f3n que am\u00e9n&nbsp; de poner en solfa el engreimiento de S\u00e1nchez por no escuchar a nadie y fiarse de unos apandeadores ladrones y machistas no hay m\u00e1s que ese desprestigio por fallar \u201cin vigilando\u201d. De momento, esperemos que se averig\u00fce el affaire de Delcy Rodr\u00edguez-Zapatero con el asunto de las maletas de Barajas y si otro ministro de fomento y secretario de Organizaci\u00f3n como Pepe Blanco, no caiga bajo la lupa de los negocios sucios.<\/p>\n\n\n\n<p>Y en todo \u00e9sto a buscar cualquier relaci\u00f3n del PNV con Cerd\u00e1n. Normal. En 1996 negociamos con Rodrigo Rato, que lleg\u00f3 a Vicepresidente y Director gerente del Fondo Monetario Internacional. Negociamos con el pol\u00edtico. Con el tiempo fue condenado por Alzamiento de bienes, blanqueo de capitales, fraude fiscal e incluso por las tarjetas Black y dio con sus huesos en la misma c\u00e1rcel de Soto de Real que Cerd\u00e1n. Lo mismo que el portavoz Eduardo Zaplana &nbsp;o los tres tesoreros condenados que ha tenido el PP en la c\u00e1rcel, el \u00faltimo, Luis B\u00e1rcenas, sentenciado a 33 a\u00f1os apoyado por un Rajoy que le dec\u00eda: \u201dLuis, se fuerte\u201d y, a todo esto, el juez todav\u00eda no ha mandado a la polic\u00eda a registrar las empresas constructoras Acciona y Ferrovial a investigar sus papeles. \u00bfPor qu\u00e9 ser\u00e1?.<\/p>\n\n\n\n<p>Entiendo que N\u00fa\u00f1ez Feij\u00f3o quiera escuchar a las fuerzas que apoyan a S\u00e1nchez, pero manda al peor emisario, Miguel Tellado, un se\u00f1or &nbsp;de la derecha medieval, que le pones el uniforme de la Wehrmacht y no desentona. El que nos llam\u00f3 aprovechateguis, el que nos puso a caldo a cuenta del acuerdo de la Delegaci\u00f3n de la Av. Marceau, el que nos acusa de corruptos por apoyar, seg\u00fan \u00e9l, a un corrupto, seg\u00fan dice con toda su cara dura. Pero es que este Feij\u00f3o no da la talla. De aquel centro moderado gallego a este vomitivo discurso abascaliano y me da que el PP, mientras no tenga al frente gentes como Juanma Moreno, no llegar\u00e1 al poder y si lo hace, ser\u00e1 entonces el momento del caos. Pero Espa\u00f1a es as\u00ed, se\u00f1ora Baronesa.<\/p>\n\n\n\n<p><strong>LA CAVERNA DESATADA<\/strong><\/p>\n\n\n\n<p>Javier Rup\u00e9rez, que destila odio militante contra los vascos en general, confundiendo a ETA que le secuestr\u00f3, con una opci\u00f3n pol\u00edtica leg\u00edtima, acaba de pedir la desaparici\u00f3n de las CCAA, as\u00ed como suprimir los innecesarios gastos del pinganillo. En Santiago de Chile, en octubre de 2000 fue uno de los que propici\u00f3 la salida del PNV de la Internacional Dem\u00f3crata Cristiana que hab\u00edamos fundado. Incluso Felipe Gonz\u00e1lez dice que no votar\u00e1 al PSOE \u201csi se consolida la ley de amnist\u00eda\u201d. \u201dConmigo nunca contar\u00e1 nadie que haya participado en esto, que es pedirle perd\u00f3n a los que han hecho la barrabasada\u201d. Y eso que en Suresnes aprobaron el derecho de autodeterminaci\u00f3n de los pueblos. El mismo que dijo que Espa\u00f1a no ser\u00eda democr\u00e1tica si el Sahara no era libre.<\/p>\n\n\n\n<p>Todo esto, desgraciadamente, no es m\u00e1s&nbsp; que un entrem\u00e9s de lo que le puede pasar a este estado espa\u00f1ol con el PP-VOX a los mandos y con este franquismo sociol\u00f3gico que se resiste a morir. Rup\u00e9rez fue quien con Fernando \u00c1lvarez Miranda recibi\u00f3 el encargo de Su\u00e1rez de explicar en 1979 el por qu\u00e9 no se iba a aprobar el estatuto de Gernika &nbsp;a nuestros amigos democristianos en Alemania, B\u00e9lgica, Venezuela y USA y cuando llegaron a Barajas de vuelta, compraron El Pa\u00eds y vieron &nbsp;un &nbsp;gran titular sobre el acuerdo alcanzado en la Moncloa, entre Su\u00e1rez y el PNV, en relaci\u00f3n con el texto estatutario del Estatuto de Gernika con su disposici\u00f3n adicional. No pod\u00edan creerlo y siguen sin creerlo. Bien se ocup\u00f3 cuando fue embajador en Washington de hostigar a los vascos de Idaho por apoyar el llamado \u201cPlan Ibarretxe\u201d del que dijo Aznar estaba cimentado sobre mil muertos. Y es que Espa\u00f1a, se\u00f1oras y se\u00f1ores, existe, y est\u00e1 ah\u00ed con todo un sector de la espa\u00f1olidad desatado y pensando que en 1978 se fue demasiado lejos. Antes nos dec\u00edan que primero hab\u00eda que eliminar el terrorismo de ETA y que todo vendr\u00eda por a\u00f1adidura. Ya, ya. Y ah\u00ed est\u00e1 toda esta gente alterada y denigrando de su Tribunal Constitucional porque ha avalado la Amnist\u00eda, como todos avalamos en 1977 aquella ley de punto final para todos los sicarios, ladrones, asesinos, torturadores y tiralevitas &nbsp;del r\u00e9gimen franquista que se hicieron, aparentemente el harakiri. Con el tiempo, populares y un gran meollo socialista han demostrado ser caimanes del mismo pozo s\u00e9ptico que sigue considerando intocable la Espa\u00f1a \u00fanica e indivisible&nbsp; con una corrupci\u00f3n sist\u00e9mica &nbsp;y estructural &nbsp;incorporada, herencia de una transici\u00f3n que se fund\u00f3 en la impunidad de aquellos peces gordos&nbsp; salvados por la&nbsp; ley de Amnist\u00eda de 1977. Ahora, N\u00fa\u00f1ez Feij\u00f3o considera que la ley de Amnist\u00eda es ilegal, porque le revienta, y lo dice, \u201dsolo sirvi\u00f3 para comprar una Investidura\u201d. De la foto con el capo Marcial Dorado, eso si es grave, mejor no hablar. Pura caspa.<\/p>\n\n\n\n<p><strong>GONZ\u00c1LEZ Y AZNAR SE DAN LA MANO<\/strong><\/p>\n\n\n\n<p>Felipe Gonz\u00e1lez, el Isidoro socialista de aquellos a\u00f1os, ya no se acuerda de su traje de pana y ahora dice que&nbsp; \u201c\u00e9sta autoamnist\u00eda es una verg\u00fcenza\u201d. Cree que S\u00e1nchez deber\u00eda convocar elecciones y ve la ley de amnist\u00eda como un acto de corrupci\u00f3n pol\u00edtica amenazando con no votar al PSOE por defenderla. \u201dPedro S\u00e1nchez ya no tiene vida pol\u00edtica\u201d. La X del Gal, el presidente que acompa\u00f1\u00f3 a Barrionuevo y Vera a la c\u00e1rcel de Guadalajara, est\u00e1 hecho un beligerante &nbsp;basilisco por lo mismo que a &nbsp;Aznar y a &nbsp;Rajoy, lo \u00fanico que les preocupa: \u201dla intocable unidad de Espa\u00f1a\u201d. Y para ello, la droga del poder es de ellos junto a la traici\u00f3n a un ideario, la ausencia de principios morales s\u00f3lidamente establecidos y defendidos junto a la &nbsp;Brunete Medi\u00e1tica disparando basura cada cinco minutos. \u00a1Tan cruentas batallas para venir a morir a las riberas de este r\u00edo sin agua!. Terrible espect\u00e1culo.<\/p>\n\n\n\n<p><strong>NACIONALISMOS MALOS. <\/strong>A la pregunta de qu\u00e9 relaci\u00f3n debe tener el PP con \u00ablos nacionalismos\u00bb, Aznar respond\u00eda como si fuese presidente, magistrado del Tribunal Supremo o rey: \u00abEl nacionalismo tiene que tener claro que las pol\u00edticas que ha venido practicando de chantaje se han terminado. Y que jugar con los elementos b\u00e1sicos de la Constituci\u00f3n se ha terminado. Una vez rota su lealtad a la Constituci\u00f3n, no puedan aspirar a seguir ampliando su \u00e1mbito competencial. Y si plantean un escenario de reforma constitucional, que no piensen que eso significa partir de lo que hay hoy. Significa partir desde cero\u00bb.<\/p>\n\n\n\n<p><strong>NACIONALISMO BUENO. <\/strong>En cambio, Aznar ve muy positivo el nacionalismo espa\u00f1ol, que considera que se resume bien en la sentencia con la que arranca su ponencia: \u00abNosotros, los espa\u00f1oles\u2026\u00bb. Seg\u00fan Aznar, esa expresi\u00f3n \u00abes todo un programa pol\u00edtico porque es la expresi\u00f3n de lo com\u00fan, de lo compartido, de lo solidario, de lo que nos ha unido hist\u00f3ricamente, de lo que tenemos que hacer juntos\u00bb. Esa es la idea que el PP \u00abtiene que explicar, esa enorme fortaleza. Ese es un proyecto para la mayor\u00eda de los espa\u00f1oles. \u2018Nosotros, los espa\u00f1oles\u2019. Esa es la expresi\u00f3n correcta\u00bb, afirmaba.<\/p>\n\n\n\n<p>Es el mismo Aznar que en 1996 escuch\u00e9 en la calle G\u00e9nova aquello de \u201cPujol enano, aprende castellano\u201d a hablar catal\u00e1n en la intimidad olvidando que su abuelo Manuel Aznar le quiso poner el nombre de Imanol a su hijo, padre del presidente, y en la partida de bautismo que obra en la Iglesia de San Vicente de Bilbao pone Manuel (Imanol) impedida la inscripci\u00f3n por las leyes del momento ante las que \u00e9l se rebelaba escribiendo incluso una obra de teatro \u201cEl Jard\u00edn del Mayorazgo\u201d incapaz hoy el independentista vasco m\u00e1s radical de mejorar tal texto.<\/p>\n\n\n\n<p>Pero eso, como los principios, son de quita y pon y por esta raz\u00f3n ahora mola lo dicho por el senador ayusista Alfonso Serrano cuando les dijo a nuestros senadores que se fueran, cerraran la puerta porque \u201cno les necesitamos para nada\u201d. Es lo que hay.<\/p>\n<!-- AddThis Advanced Settings generic via filter on the_content --><!-- AddThis Share Buttons generic via filter on the_content -->","protected":false},"excerpt":{"rendered":"<p>Domingo 6 de julio de 2025 \u201cNosotros el pueblo de los Estados Unidos\u2026.\u201d es el pre\u00e1mbulo de su Constituci\u00f3n. Aznar lo ha hecho suyo. Solo quiere cerca a espa\u00f1oles pata negra y eso que su abuelo firmaba en el Euzkadi como Imanol. Otra de las frases redondas a recordar en respuesta &nbsp;y \u00e9sta de Josep &hellip; <a href=\"https:\/\/blogs.deia.eus\/anasagasti\/2025\/07\/06\/nosotros-los-espanoles\/\" class=\"more-link\">Sigue leyendo <span class=\"screen-reader-text\">\u00a1NOSOTROS LOS ESPA\u00d1OLES!<\/span><\/a><!-- AddThis Advanced Settings generic via filter on get_the_excerpt --><!-- AddThis Share Buttons generic via filter on get_the_excerpt --><\/p>\n","protected":false},"author":19,"featured_media":0,"comment_status":"open","ping_status":"open","sticky":false,"template":"","format":"standard","meta":{"footnotes":""},"categories":[1],"tags":[],"class_list":["post-20632","post","type-post","status-publish","format-standard","hentry","category-general"],"_links":{"self":[{"href":"https:\/\/blogs.deia.eus\/anasagasti\/wp-json\/wp\/v2\/posts\/20632","targetHints":{"allow":["GET"]}}],"collection":[{"href":"https:\/\/blogs.deia.eus\/anasagasti\/wp-json\/wp\/v2\/posts"}],"about":[{"href":"https:\/\/blogs.deia.eus\/anasagasti\/wp-json\/wp\/v2\/types\/post"}],"author":[{"embeddable":true,"href":"https:\/\/blogs.deia.eus\/anasagasti\/wp-json\/wp\/v2\/users\/19"}],"replies":[{"embeddable":true,"href":"https:\/\/blogs.deia.eus\/anasagasti\/wp-json\/wp\/v2\/comments?post=20632"}],"version-history":[{"count":1,"href":"https:\/\/blogs.deia.eus\/anasagasti\/wp-json\/wp\/v2\/posts\/20632\/revisions"}],"predecessor-version":[{"id":20634,"href":"https:\/\/blogs.deia.eus\/anasagasti\/wp-json\/wp\/v2\/posts\/20632\/revisions\/20634"}],"wp:attachment":[{"href":"https:\/\/blogs.deia.eus\/anasagasti\/wp-json\/wp\/v2\/media?parent=20632"}],"wp:term":[{"taxonomy":"category","embeddable":true,"href":"https:\/\/blogs.deia.eus\/anasagasti\/wp-json\/wp\/v2\/categories?post=20632"},{"taxonomy":"post_tag","embeddable":true,"href":"https:\/\/blogs.deia.eus\/anasagasti\/wp-json\/wp\/v2\/tags?post=20632"}],"curies":[{"name":"wp","href":"https:\/\/api.w.org\/{rel}","templated":true}]}}