{"id":20832,"date":"2025-08-31T08:46:25","date_gmt":"2025-08-31T06:46:25","guid":{"rendered":"https:\/\/blogs.deia.eus\/anasagasti\/?p=20832"},"modified":"2025-08-31T08:46:25","modified_gmt":"2025-08-31T06:46:25","slug":"bolivia-viene-de-bolivar","status":"publish","type":"post","link":"https:\/\/blogs.deia.eus\/anasagasti\/2025\/08\/31\/bolivia-viene-de-bolivar\/","title":{"rendered":"BOLIVIA VIENE DE BOL\u00cdVAR"},"content":{"rendered":"\n<p><strong>Domingo 31 de agosto de 2025<\/strong><\/p>\n\n\n<div class=\"wp-block-image\">\n<figure class=\"aligncenter size-large\"><a href=\"https:\/\/blogs.deia.eus\/anasagasti\/files\/2025\/08\/Paz_Quiroga-1.jpg\"><img loading=\"lazy\" decoding=\"async\" width=\"940\" height=\"529\" src=\"https:\/\/blogs.deia.eus\/anasagasti\/files\/2025\/08\/Paz_Quiroga-1-940x529.jpg\" alt=\"\" class=\"wp-image-20834\" srcset=\"https:\/\/blogs.deia.eus\/anasagasti\/files\/2025\/08\/Paz_Quiroga-1-940x529.jpg 940w, https:\/\/blogs.deia.eus\/anasagasti\/files\/2025\/08\/Paz_Quiroga-1-580x326.jpg 580w, https:\/\/blogs.deia.eus\/anasagasti\/files\/2025\/08\/Paz_Quiroga-1-768x432.jpg 768w, https:\/\/blogs.deia.eus\/anasagasti\/files\/2025\/08\/Paz_Quiroga-1.jpg 988w\" sizes=\"auto, (max-width: 940px) 100vw, 940px\" \/><\/a><\/figure>\n<\/div>\n\n\n<p>Sim\u00f3n Bol\u00edvar liber\u00f3 cinco Rep\u00fablicas americanas del Imperio espa\u00f1ol. Venezuela, Panam\u00e1 -Colombia, Ecuador, Per\u00fa y Bolivia. Vivi\u00f3 47 a\u00f1os y uno en el Casco Viejo de Bilbao. Sus or\u00edgenes estaban cerca de Markina. \u201dBolivar, pradera de molino en lengua vasca, molino que supo moler trigo de gloria y dar a los pueblos pan de libertad\u201d escribi\u00f3 la poetisa rumana Elena V\u0103c\u0103rescu. Lo logr\u00f3 en la batalla de Ayacucho, que represent\u00f3 el enfrentamiento m\u00e1s importante para consolidar la independencia de esos estados, antiguas colonias.<\/p>\n\n\n\n<p>Antonio Jos\u00e9 de Sucre fue el gran mariscal de Ayacucho. Bol\u00edvar lo design\u00f3 primer presidente de Bolivia y el nombre de Bolivia deriva del apellido de El Libertador desde 1825. Hoy se llama \u201cEstado Plurinacional de Bolivia\u201d tras reconocerse la multiculturalidad, las diferentes nacionalidades y la diversidad de la poblaci\u00f3n boliviana. \u00bfSe imaginan que el estado espa\u00f1ol se denominara as\u00ed?. Pues hay precedentes y no pasa nada.<\/p>\n\n\n\n<p>En el oriente de Venezuela hay un estado que se llama Sucre, en su honor. Su capital es Cuman\u00e1. Puro Caribe. Mis aitas estaban all\u00ed exiliados y los cuatro hermanos nacimos en Cuman\u00e1, la poblaci\u00f3n natal de Sucre que deb\u00eda ser el tipo m\u00e1s leal e inteligente que tuvo Bol\u00edvar. Lo asesinaron.<\/p>\n\n\n\n<p>Cuento esto por la cercan\u00eda con Bolivia. En el Beni los misioneros vascos hicieron una gran labor. Carlos Anasagasti, franciscano, capell\u00e1n de gudaris, fue su primer Obispo. Era de Bermeo. Y en Euzkadi tenemos unos nueve mil&nbsp; bolivianos que votaron el pasado domingo 17 de agosto en el Palacio Euskalduna. EITB, con su desastrosa pol\u00edtica informativa, nos sigue ense\u00f1ando como cocinar, pero nada de lo que deber\u00eda interesar a un ente p\u00fablico y m\u00e1s como en este caso pues se trata&nbsp; de &nbsp;una emigraci\u00f3n agradecida y trabajadora. El 19 de octubre tienen &nbsp;la segunda vuelta.<\/p>\n\n\n\n<p><strong>PAZ ZAMORA<\/strong><\/p>\n\n\n\n<p>Con una vida marcada por la pol\u00edtica ,incluso antes de nacer en&nbsp; Santiago de Compostela hace 57 a\u00f1os, en el exilio de sus padres perseguidos por dictaduras militares, el senador y candidato Rodrigo Paz busca seguir las huellas de su padre, el ex presidente de Bolivia Jaime Paz Zamora (1989-1993), y escribir su propia historia al frente del Palacio Quemado.<\/p>\n\n\n\n<p>Paz Pereira, gan\u00f3 la primera vuelta de las elecciones presidenciales y competir\u00e1 en la segunda vuelta&nbsp;contra el ex presidente Jorge \u201cTuto\u201d Quiroga. Tras sus primeros a\u00f1os en el exterior, fue al colegio en La Paz. Ten\u00eda 12 a\u00f1os cuando su padre fue el \u00fanico sobreviviente de un&nbsp; atentado a\u00e9reo.Estudi\u00f3 econom\u00eda y relaciones internacionales y una maestr\u00eda de gesti\u00f3n pol\u00edtica en la American University de Washington. En 2002, lleg\u00f3 al Congreso como diputado por el departamento de Tarija, pero entre 2010 y 2020 volvi\u00f3 a la ciudad hom\u00f3nima, donde fue primero concejal y luego alcalde. En el \u00faltimo lustro se desempe\u00f1\u00f3 como senador&nbsp; por la alianza Comunidad Ciudadana, liderada por el ex presidente Carlos Mesa.<\/p>\n\n\n\n<p><strong>LOS EJES DE CAMPA\u00d1A<\/strong><\/p>\n\n\n\n<p>Su carrera en Tarija, la principal regi\u00f3n productora de gas y conocida como \u201cla billetera del pa\u00eds\u201d, con &nbsp;reclamaciones&nbsp; auton\u00f3micas, que desde Euzkadi apoyamos, arroja luz sobre por qu\u00e9 su campa\u00f1a se enfoca en una descentralizaci\u00f3n del Estado para darle mayor presupuesto a los departamentos.<\/p>\n\n\n\n<p>El plan de gobierno del Partido Dem\u00f3crata Cristiano de Paz Zamora, se llama as\u00ed, una tercera v\u00eda tipo PNV, titulado Agenda 50\/50, se ordena en tres ejes. El primero habla de una \u201casfixia\u201d en la que el Estado concentra cerca del 85 % del presupuesto, y pide un modelo que redistribuya los fondos proporcionalmente.<\/p>\n\n\n\n<p>El candidato, adem\u00e1s, propone lo que denomina&nbsp; \u201cPlatita para todos\u201d: un programa de cr\u00e9ditos accesibles, facilidades tributarias para impulsar la econom\u00eda formal, y eliminar barreras de importaci\u00f3n a productos que Bolivia no fabrique, lo que incluye la \u201celiminaci\u00f3n\u201d de la aduana. \u201cVienen tiempos mejores. Bajar aranceles, bajar impuestos, \u201cplatita para todos\u201d, dijo&nbsp;en un acto en Achacachi en junio. \u201cCapitalismo para todos, no para unos cuantos\u201d, ha sintetizado en varias declaraciones.<\/p>\n\n\n\n<p>No obstante, aclar\u00f3 semanas atr\u00e1s que no busca pr\u00e9stamos de organismos internacionales. \u201cEn Bolivia la plata alcanza para reactivar nuestra econom\u00eda. Que conste, soy contrario a cualquier cr\u00e9dito del Fondo Monetario Internacional\u201d. Y el tercer &nbsp;eje que pone como prioridad es &nbsp;la reforma de la Justicia y la lucha contra la corrupci\u00f3n, a la que califica como un problema estructural del pa\u00eds. Paz acompa\u00f1ado junto a Edman Lara como candidato a vicepresidente, un ex capit\u00e1n de la Polic\u00eda Nacional que fue dado de baja en 2024 por &nbsp;haber &nbsp;denunciado flagrantes casos de corrupci\u00f3n en las fuerzas de seguridad, &nbsp;haci\u00e9ndose &nbsp;muy famoso por su valent\u00eda en su denuncia contra la corrupci\u00f3n.<\/p>\n\n\n\n<p>\u201cHay quienes viven de la pol\u00edtica y quienes hacemos servicio p\u00fablico.&nbsp; Creo que mi generaci\u00f3n tiene el derecho de postular a la Presidencia, no desde la capital sino desde &nbsp;&nbsp;Tarija y plantear una alternativa para el pa\u00eds\u201d..<\/p>\n\n\n\n<p>El plan de gobierno tambi\u00e9n menciona la vulnerabilidad de la comunidad LGBT y la problem\u00e1tica de la violencia contra las mujeres, Adem\u00e1s, propone pol\u00edticas de energ\u00edas limpias, en un pa\u00eds mayoritariamente conservador y con una econom\u00eda extractiva de hidrocarburos.<\/p>\n\n\n\n<p>Si Bolivia ya tuvo a dos jefes de Estado nacidos en el exterior de la talla de Sim\u00f3n Bol\u00edvar y Antonio Jos\u00e9 de Sucre, Paz Pereira apuesta por unirse a esa lista y seguir el legado familiar con su sello personal.<\/p>\n\n\n\n<p><strong>NOS VISIT\u00d3 SU PADRE<\/strong><\/p>\n\n\n\n<p>En 1990, siendo yo diputado, visit\u00f3 oficialmente Madrid su padre, el presidente Jaime&nbsp; Paz Zamora. De este presidente boliviano me llamaron la atenci\u00f3n dos cosas. Su cara quemada, tras el atentado a\u00e9reo de 1980 (fue el \u00fanico sobreviviente) y lo bien que hablaba. Como buen boliviano era&nbsp; hombre de&nbsp; discursos suaves y &nbsp;emotivos. Su mano izquierda pol\u00edtica le permit\u00eda&nbsp; gobernar un pa\u00eds que estaba saliendo muy poco a poco de la miseria, la inflaci\u00f3n, el golpismo y el cultivo de la coca. Hab\u00eda nacido en Cochabamba, hijo de un general que era primo hermano del presidente V\u00edctor Paz Estensoro, una de las personalidades bolivianas m\u00e1s importantes del siglo XX y quien fuera presidente de su pa\u00eds en cuatro ocasiones.<\/p>\n\n\n\n<p>Paz Zamora estudi\u00f3 en los jesuitas en Sucre y se traslad\u00f3 a la ciudad argentina de C\u00f3rdoba donde ingres\u00f3 en la orden de los redentoristas, estudiando filosof\u00eda y teolog\u00eda. .Antes de ser ordenado se gradu\u00f3 como licenciado&nbsp; en Ciencias Sociales y Pol\u00edticas con menci\u00f3n en Relaciones Internacionales en la Universidad Cat\u00f3lica de Lovaina. En 1971 fund\u00f3 el Movimiento de Izquierda Revolucionaria, el MIR, partido inscrito en la Internacional Socialista del cual fue l\u00edder, adem\u00e1s de organizar la resistencia clandestina contra el r\u00e9gimen militar del &nbsp;general Hugo Banzer. Pasado el tiempo, Banzer le apoyar\u00eda para que Paz Zamora fuera presidente.<\/p>\n\n\n\n<p>Estuvo dos d\u00edas en Madrid. El Rey le ofreci\u00f3 una cena en, la que estuve y, Felipe Gonz\u00e1lez, una comida en La Moncloa. En esta oportunidad se invitaron a todos los partidos y a tres representantes del Grupo Mixto: Mardones, Rojas Marcos y Lizondo. Hab\u00eda mucho empresario y banqueros como Mario Conde. Los invitados bolivianos con smoking, frente a los ran\u00adcios fracs de los hu\u00e9spedes. Me ubicaron en la mesa frente a Txiki Benegas, quien falleci\u00f3 hace ahora diez a\u00f1os. Tras escuchar el himno de Bolivia, Juan Carlos &nbsp;de Borb\u00f3n glos\u00f3 la importancia de Bolivia, record\u00f3 su viaje en 1987 y alab\u00f3 a un pa\u00eds que trataba de salir de su crisis. El discurso de Paz Zamora fue m\u00e1s po\u00e9tico y evocador. Tras los brindis comenz\u00f3 la cena. Como fondo, la orquesta de la Guardia Real interpretaba varias obras. El caf\u00e9 se tom\u00f3 &nbsp;en la sala Gasparini, donde mayordomos uniformados &nbsp;ofrec\u00edan puros con la vitola de la firma de Juan Carlos, caf\u00e9 y alg\u00fan licor. Fue &nbsp;el momento de los saludos y los con\u00adtactos pol\u00edticos. Habl\u00e9&nbsp; con Benegas y&nbsp; Luis Y\u00e1\u00f1ez. Al salir, Felipe Gonz\u00e1lez me dijo que estaba leyendo el libro de &nbsp;V\u00e1zquez Montalb\u00e1n sobre Jes\u00fas de Gal\u00edndez, tras haber visto el programa de Manuel Campo Vidal, pues le hab\u00eda interesado el personaje. En ese programa de televisi\u00f3n tuve un debate con V\u00e1zquez Montalban, que describ\u00eda a Galindez como esp\u00eda de una CIA que ni exist\u00eda. El catal\u00e1n hab\u00eda escrito el libro Gal\u00edndez y yo le rebat\u00ed varias opiniones. A V\u00e1zquez Montalban, le hab\u00eda extra\u00f1ado que &nbsp;en 1956, en la Universidad &nbsp;de Barcelona se hablaba de como un agente del PNV hab\u00eda sido secuestrado en Nueva York y posteriormente asesinado en Rep\u00fablica Dominicana tras haberle torturado &nbsp;aquel dictador tan sanguinario .<\/p>\n\n\n\n<p>Al d\u00eda siguiente, el Presidente&nbsp; boliviano fue al Congreso, Se le recibi\u00f3 en la Sala Internacional. El presidente F\u00e9lix Pons, pronunci\u00f3 un discurso de bienvenida. Paz Zamora, sin papel, lentamente desgran\u00f3 un precioso parlamento que gust\u00f3 a todos los presentes. Habl\u00f3 no solo de la situaci\u00f3n de su pa\u00eds y de la superaci\u00f3n de la miseria y la infla\u00adci\u00f3n sino del abandono de Europa a Am\u00e9rica y del porqu\u00e9 del eterno desencuentro. Es uno de los discursos que m\u00e1s intensamente se me qued\u00f3 grabado. El Presidente fue muy aplaudido.<\/p>\n\n\n\n<p>Ojal\u00e1 su hijo Paz Pereira, gane las elecciones en la segunda vuelta el 18 de octubre. Creo que los vascos deber\u00edamos seguir m\u00e1s de cerca estos acontecimientos y no tanto como se hacen las kokotxas en EITB. Am\u00e9rica comienza a salir de gobiernos de fuerza y de dictaduras y solo s\u00e9 que la Comunidad Boliviana en Euzkadi est\u00e1 encantada con la pelea entre Evo Morales y el actual presidente Luis &nbsp;Arce que ha dado la victoria a candidatos alternativos como Paz Zamora y Tito Quiroga, aunque no hay que desde\u00f1ar el 20% logrado por Evo Morales en su llamamiento a la abstenci\u00f3n. Ojal\u00e1 pronto Venezuela le d\u00e9 suela a Maduro, aunque todo esto a EITB no le interese absolutamente nada o lo vea con los ojos de una izquierda fracasada. Pero a m\u00ed, y a much\u00edsima gente, nos interesa y mucho.<\/p>\n<!-- AddThis Advanced Settings generic via filter on the_content --><!-- AddThis Share Buttons generic via filter on the_content -->","protected":false},"excerpt":{"rendered":"<p>Domingo 31 de agosto de 2025 Sim\u00f3n Bol\u00edvar liber\u00f3 cinco Rep\u00fablicas americanas del Imperio espa\u00f1ol. Venezuela, Panam\u00e1 -Colombia, Ecuador, Per\u00fa y Bolivia. Vivi\u00f3 47 a\u00f1os y uno en el Casco Viejo de Bilbao. Sus or\u00edgenes estaban cerca de Markina. \u201dBolivar, pradera de molino en lengua vasca, molino que supo moler trigo de gloria y dar &hellip; <a href=\"https:\/\/blogs.deia.eus\/anasagasti\/2025\/08\/31\/bolivia-viene-de-bolivar\/\" class=\"more-link\">Sigue leyendo <span class=\"screen-reader-text\">BOLIVIA VIENE DE BOL\u00cdVAR<\/span><\/a><!-- AddThis Advanced Settings generic via filter on get_the_excerpt --><!-- AddThis Share Buttons generic via filter on get_the_excerpt --><\/p>\n","protected":false},"author":19,"featured_media":0,"comment_status":"open","ping_status":"open","sticky":false,"template":"","format":"standard","meta":{"footnotes":""},"categories":[1],"tags":[],"class_list":["post-20832","post","type-post","status-publish","format-standard","hentry","category-general"],"_links":{"self":[{"href":"https:\/\/blogs.deia.eus\/anasagasti\/wp-json\/wp\/v2\/posts\/20832","targetHints":{"allow":["GET"]}}],"collection":[{"href":"https:\/\/blogs.deia.eus\/anasagasti\/wp-json\/wp\/v2\/posts"}],"about":[{"href":"https:\/\/blogs.deia.eus\/anasagasti\/wp-json\/wp\/v2\/types\/post"}],"author":[{"embeddable":true,"href":"https:\/\/blogs.deia.eus\/anasagasti\/wp-json\/wp\/v2\/users\/19"}],"replies":[{"embeddable":true,"href":"https:\/\/blogs.deia.eus\/anasagasti\/wp-json\/wp\/v2\/comments?post=20832"}],"version-history":[{"count":1,"href":"https:\/\/blogs.deia.eus\/anasagasti\/wp-json\/wp\/v2\/posts\/20832\/revisions"}],"predecessor-version":[{"id":20835,"href":"https:\/\/blogs.deia.eus\/anasagasti\/wp-json\/wp\/v2\/posts\/20832\/revisions\/20835"}],"wp:attachment":[{"href":"https:\/\/blogs.deia.eus\/anasagasti\/wp-json\/wp\/v2\/media?parent=20832"}],"wp:term":[{"taxonomy":"category","embeddable":true,"href":"https:\/\/blogs.deia.eus\/anasagasti\/wp-json\/wp\/v2\/categories?post=20832"},{"taxonomy":"post_tag","embeddable":true,"href":"https:\/\/blogs.deia.eus\/anasagasti\/wp-json\/wp\/v2\/tags?post=20832"}],"curies":[{"name":"wp","href":"https:\/\/api.w.org\/{rel}","templated":true}]}}