{"id":20839,"date":"2025-09-02T13:05:19","date_gmt":"2025-09-02T11:05:19","guid":{"rendered":"https:\/\/blogs.deia.eus\/anasagasti\/?p=20839"},"modified":"2025-09-02T13:05:20","modified_gmt":"2025-09-02T11:05:20","slug":"dos-fotos-muy-interesantes-de-la-familia-beistegi","status":"publish","type":"post","link":"https:\/\/blogs.deia.eus\/anasagasti\/2025\/09\/02\/dos-fotos-muy-interesantes-de-la-familia-beistegi\/","title":{"rendered":"DOS FOTOS MUY INTERESANTES DE LA FAMILIA BEISTEGI"},"content":{"rendered":"\n<p><strong>Martes 2 de septiembre de 2025<\/strong><\/p>\n\n\n<div class=\"wp-block-image\">\n<figure class=\"aligncenter size-large\"><a href=\"https:\/\/blogs.deia.eus\/anasagasti\/files\/2025\/09\/Familia-Beistegi-1.jpg\"><img loading=\"lazy\" decoding=\"async\" width=\"940\" height=\"330\" src=\"https:\/\/blogs.deia.eus\/anasagasti\/files\/2025\/09\/Familia-Beistegi-1-940x330.jpg\" alt=\"\" class=\"wp-image-20840\" srcset=\"https:\/\/blogs.deia.eus\/anasagasti\/files\/2025\/09\/Familia-Beistegi-1-940x330.jpg 940w, https:\/\/blogs.deia.eus\/anasagasti\/files\/2025\/09\/Familia-Beistegi-1-580x203.jpg 580w, https:\/\/blogs.deia.eus\/anasagasti\/files\/2025\/09\/Familia-Beistegi-1-768x269.jpg 768w, https:\/\/blogs.deia.eus\/anasagasti\/files\/2025\/09\/Familia-Beistegi-1.jpg 1066w\" sizes=\"auto, (max-width: 940px) 100vw, 940px\" \/><\/a><\/figure>\n<\/div>\n\n\n<p>Sabin Beistegi es uno de los hijos de Juanito Beistegi, una de las importantes personalidades del EAJ-PNV en Euzkadi. Eibarr\u00e9s, fue comandante del batall\u00f3n Loyola, apresado y encarcelado en Santo\u00f1a. Su experiencia fue contada en su libro \u201c366 d\u00edas de Combate por Euzkadi\u201d. Son unas memorias imprescindibles para conocer lo que se hizo y como se hizo.<\/p>\n\n\n\n<p>Hijo de una familia acomodada de armeros eibarreses, dese muy pronto desarroll\u00f3 su gran amor por el euskera. Tras la primera guerra mundial la empresa familiar \u201cBeistegi Hermanos\u201d, diversific\u00f3 su negocio hacia la fabricaci\u00f3n de bicicletas. Enviado por su familia a Sheffield (Inglaterra) a aprender ingl\u00e9s a su regreso comenz\u00f3 a militar en el nacionalismo vasco.<\/p>\n\n\n\n<p>Tras pasarse de 1937 a 1943 de prisi\u00f3n en prisi\u00f3n se exili\u00f3 y lleg\u00f3 a M\u00e9xico en 1951 retornando en 1960. Falleci\u00f3 en Zarautz el 22 de septiembre de 1993.<\/p>\n\n\n\n<p>\u201cNuestra casa de Eibar se quem\u00f3 y la de Gernika qued\u00f3 destruida. En 48 horas lo perdimos todo\u201d relataba Beistegi.<\/p>\n\n\n\n<p>Hoy traigo este apunte ya que su hijo Sabin me ha hecho llegar estas dos fotos que ten\u00eda su aita. Y me dice:<\/p>\n\n\n\n<p>\u201cEn la de la izquierda aita est\u00e1 sentado el primero a la izquierda y el t\u00edo Ant\u00f3n Zarrabeitia es el segundo por la derecha de la tercera fila. Por el aspecto, pienso que puede ser el penal de Burgos, pero tambi\u00e9n puede ser Santo\u00f1a o Larrinaga.<\/p>\n\n\n\n<p>As\u00edmismo me dice mi prima, que el de arriba a la izquierda puede ser Ant\u00f3n Galarza conocido como Ruidos.<\/p>\n\n\n\n<p>En la otra fotograf\u00eda est\u00e1 ama, Tere Azkarate Zarrabeitia, presidenta de Emakume Abertzale Batza del Centro Vasco de M\u00e9xico con el Lehendakari Agirre en una de sus visitas a M\u00e9xico durante el exilio<\/p>\n\n\n\n<p>Agradezco a Sabin el env\u00edo y comentarios. Es historia del PNV y de Euzkadi.<\/p>\n<!-- AddThis Advanced Settings generic via filter on the_content --><!-- AddThis Share Buttons generic via filter on the_content -->","protected":false},"excerpt":{"rendered":"<p>Martes 2 de septiembre de 2025 Sabin Beistegi es uno de los hijos de Juanito Beistegi, una de las importantes personalidades del EAJ-PNV en Euzkadi. Eibarr\u00e9s, fue comandante del batall\u00f3n Loyola, apresado y encarcelado en Santo\u00f1a. Su experiencia fue contada en su libro \u201c366 d\u00edas de Combate por Euzkadi\u201d. Son unas memorias imprescindibles para conocer &hellip; <a href=\"https:\/\/blogs.deia.eus\/anasagasti\/2025\/09\/02\/dos-fotos-muy-interesantes-de-la-familia-beistegi\/\" class=\"more-link\">Sigue leyendo <span class=\"screen-reader-text\">DOS FOTOS MUY INTERESANTES DE LA FAMILIA BEISTEGI<\/span><\/a><!-- AddThis Advanced Settings generic via filter on get_the_excerpt --><!-- AddThis Share Buttons generic via filter on get_the_excerpt --><\/p>\n","protected":false},"author":19,"featured_media":0,"comment_status":"open","ping_status":"open","sticky":false,"template":"","format":"standard","meta":{"footnotes":""},"categories":[1],"tags":[],"class_list":["post-20839","post","type-post","status-publish","format-standard","hentry","category-general"],"_links":{"self":[{"href":"https:\/\/blogs.deia.eus\/anasagasti\/wp-json\/wp\/v2\/posts\/20839","targetHints":{"allow":["GET"]}}],"collection":[{"href":"https:\/\/blogs.deia.eus\/anasagasti\/wp-json\/wp\/v2\/posts"}],"about":[{"href":"https:\/\/blogs.deia.eus\/anasagasti\/wp-json\/wp\/v2\/types\/post"}],"author":[{"embeddable":true,"href":"https:\/\/blogs.deia.eus\/anasagasti\/wp-json\/wp\/v2\/users\/19"}],"replies":[{"embeddable":true,"href":"https:\/\/blogs.deia.eus\/anasagasti\/wp-json\/wp\/v2\/comments?post=20839"}],"version-history":[{"count":1,"href":"https:\/\/blogs.deia.eus\/anasagasti\/wp-json\/wp\/v2\/posts\/20839\/revisions"}],"predecessor-version":[{"id":20841,"href":"https:\/\/blogs.deia.eus\/anasagasti\/wp-json\/wp\/v2\/posts\/20839\/revisions\/20841"}],"wp:attachment":[{"href":"https:\/\/blogs.deia.eus\/anasagasti\/wp-json\/wp\/v2\/media?parent=20839"}],"wp:term":[{"taxonomy":"category","embeddable":true,"href":"https:\/\/blogs.deia.eus\/anasagasti\/wp-json\/wp\/v2\/categories?post=20839"},{"taxonomy":"post_tag","embeddable":true,"href":"https:\/\/blogs.deia.eus\/anasagasti\/wp-json\/wp\/v2\/tags?post=20839"}],"curies":[{"name":"wp","href":"https:\/\/api.w.org\/{rel}","templated":true}]}}