{"id":20842,"date":"2025-09-03T08:23:53","date_gmt":"2025-09-03T06:23:53","guid":{"rendered":"https:\/\/blogs.deia.eus\/anasagasti\/?p=20842"},"modified":"2025-09-03T08:23:53","modified_gmt":"2025-09-03T06:23:53","slug":"podemos-recuperar-a-venezuela","status":"publish","type":"post","link":"https:\/\/blogs.deia.eus\/anasagasti\/2025\/09\/03\/podemos-recuperar-a-venezuela\/","title":{"rendered":"\u00bfPODEMOS RECUPERAR A VENEZUELA?"},"content":{"rendered":"\n<p><strong>Mi\u00e9rcoles 3 de septiembre de 20<\/strong>25<\/p>\n\n\n\n<p>L<strong>uis Ugalde<\/strong><\/p>\n\n\n\n<figure class=\"wp-block-image size-full\"><a href=\"https:\/\/blogs.deia.eus\/anasagasti\/files\/2025\/09\/Recuperar-Venezuela-1.jpg\"><img loading=\"lazy\" decoding=\"async\" width=\"768\" height=\"432\" src=\"https:\/\/blogs.deia.eus\/anasagasti\/files\/2025\/09\/Recuperar-Venezuela-1.jpg\" alt=\"\" class=\"wp-image-20844\" srcset=\"https:\/\/blogs.deia.eus\/anasagasti\/files\/2025\/09\/Recuperar-Venezuela-1.jpg 768w, https:\/\/blogs.deia.eus\/anasagasti\/files\/2025\/09\/Recuperar-Venezuela-1-580x326.jpg 580w\" sizes=\"auto, (max-width: 768px) 100vw, 768px\" \/><\/a><\/figure>\n\n\n\n<p>Si nos atenemos a las realidades m\u00e1s visibles, a los hechos y a las estad\u00edsticas, parece que no podemos; que los venezolanos no podemos frenar la decadencia y la invasora pobreza y mucho menos retomar el ritmo nacional de ascenso econ\u00f3mico y social que vivimos en la segunda mitad del siglo XX. Los gr\u00e1ficos de la decadencia del producto interno bruto (que en una d\u00e9cada reciente se redujo a su quinta parte) y de la inversi\u00f3n p\u00fablica y privada, junto con el desolador panorama escolar con sueldos de verg\u00fcenza y ausentismo programado, el enfermizo servicio p\u00fablico de salud y el salario m\u00ednimo venezolano en los primeros lugares, entre los m\u00e1s bajos e inhumanos del mundo, y con millones de venezolanos forzados a buscar oportunidades de vida como emigrantes sin patria, surge la pregunta \u00bfpodemos enfrentar esta decadencia actual y emprender exitosamente como hicimos en aquellas d\u00e9cadas? La primera respuesta es NO PODEMOS. La negativa se agrava con\u00a0<strong>el actual estado de \u00e1nimo<\/strong>\u00a0que parece resignarse a la decadencia inhumana y empuja el deseo de abandonar el pa\u00eds. \u00bfCu\u00e1ntos j\u00f3venes viven la tentaci\u00f3n de pensar que aqu\u00ed no hay futuro para ellos?<\/p>\n\n\n\n<p>En ese derrotismo pone su nido la<strong>&nbsp;resignaci\u00f3n<\/strong>&nbsp;que impide activar el talento y la inversi\u00f3n, necesarios para crear din\u00e1micas, esperanzas y resultados contagiosos, como en los mejores tiempos.<\/p>\n\n\n\n<p>Urge en Venezuela un nuevo esp\u00edritu que cambie el clima de derrota y produzca una confluencia de caminos hacia un esfuerzo com\u00fan para revertir esta decadencia. Es una emergencia nacional que requiere liderazgos con visi\u00f3n y energ\u00eda creativa que contagien a todo el pa\u00eds, saltando por encima de las barreras partidistas que nos dividieron. Liderazgos en la pol\u00edtica, en las universidades y escuelas, el empresariado y en las iglesias\u2026 Liderazgos que resuenen en un \u00fanico grito de S\u00cd PODEMOS y crear un nuevo clima capaz de derrotar al \u201cno podemos\u201d reinante.&nbsp;<strong>No&nbsp;<\/strong>se trata de un&nbsp;<strong>voluntarismo<\/strong>&nbsp;sin fundamento, si no de descubrir y seguir los ejemplos de gente que en diversas actividades no se ha rendido y ha aprendido a remar contracorriente, a hacer m\u00e1s con menos, activando la energ\u00eda y la creatividad interna en contextos adversos. Por ejemplo, en educaci\u00f3n veo estos oasis de resistencia y \u00e9xito, no solamente en algunos colegios privados de clase media, sino en modestas escuelas de sectores de bajos recursos con maestras y comunidades activadas con esperanza y resultados. En los barrios nacidos de la necesidad en lo m\u00e1s alto de La Vega. Conozco y admiro escuelas de este tipo que no han perdido un solo d\u00eda de clase en todo el a\u00f1o con equipos de educadores que apuestan a escuelas ganadoras y lo logran: hay menos recursos, pero se activa m\u00e1s el talento y crece la capacidad de vencer obst\u00e1culos. \u00bfC\u00f3mo ser\u00eda si los salarios dejaran de ser miserables?<\/p>\n\n\n\n<p><strong>Gran Confluencia Nacional<\/strong><\/p>\n\n\n\n<p>Esto pol\u00edticamente no nos plantea la necesidad de un partido con grandes promesas y definiciones ideol\u00f3gicas enfrentado a otros partidos con posiciones contrarias, como fueron liberales y conservadores en el siglo XIX o socialistas, comunistas y dem\u00f3cratas sociales en el XX.&nbsp;<strong>Ese tiempo ya pas\u00f3<\/strong>. Necesitamos un movimiento espiritual suprapartidista que respete especificidades y una en la emergencia vital.<\/p>\n\n\n\n<p>Miremos a Cuba, en su \u201cs\u00e1lvese quien pueda\u201d actual y su necesidad de nacer de nuevo. Veamos la impresionante y profunda derrota del \u201csocialismo\u201d en Bolivia, luego de veinte a\u00f1os en el poder. No es una ideolog\u00eda con grandes promesas lo que necesitamos, sino hechos concretos con logros que muestran c\u00f3mo hacer m\u00e1s con menos transformando los factores de producci\u00f3n que tenemos. Menos ideolog\u00eda, m\u00e1s confluencia plural y mejor combinaci\u00f3n y rendimiento de los factores productivos disponibles. Todos confluyendo con pragmatismo humanista en la producci\u00f3n de m\u00e1s calidad humana y bienestar, con mejor convivencia social y producci\u00f3n econ\u00f3mica y cultural. Cuba, Bolivia y Venezuela \u201csocialistas\u201d, al igual que otras rep\u00fablicas latinoamericanas capitalistas, necesitan la confluencia libre, abierta y creativa de todas las fuerzas sociales y espirituales en la producci\u00f3n.&nbsp;Sacudir la resignaci\u00f3n y activar las capacidades que tenemos, pero que est\u00e1n apagadas.<\/p>\n\n\n\n<p>S\u00cd PODEMOS con un liderazgos y alianzas abiertas que levanten y movilicen el \u00e1nimo nacional y con sentido de emergencia que salte las barreras de dogmatismos ideol\u00f3gicos trasnochados haciendo valer el \u00e1nimo creativo con metas de progreso y logros graduales.<\/p>\n\n\n\n<p>Incluso una gran parte de la di\u00e1spora contribuir\u00e1 y enriquecer\u00e1 esa transformaci\u00f3n; aunque muchos no regresen, se establecer\u00e1n vasos comunicantes con experiencias e iniciativas que nos beneficien como pa\u00eds. Ya pasaron las d\u00e9cadas de grandes promesas pol\u00edticas con dos bloques enfrentados con promesas de \u201csocialismo\u201d paradis\u00edaco y de \u201cliberalismo\u201d milagrero que con su sola presencia multiplica para todos los panes y los peces. La clave est\u00e1 en la mejor combinaci\u00f3n de la libertad creativa con un esp\u00edritu social incluyente.&nbsp;Necesitamos audacia para levantar un consenso nacional, un nuevo estado de \u00e1nimo nacional con econom\u00eda y sociedad liberales empe\u00f1ados en logros sociales que dejen atr\u00e1s el esp\u00edritu derrotista de la actual Venezuela.<\/p>\n\n\n\n<p>\u00a1S\u00cd PODEMOS con decisi\u00f3n compartida y convergencia nacional!<\/p>\n<!-- AddThis Advanced Settings generic via filter on the_content --><!-- AddThis Share Buttons generic via filter on the_content -->","protected":false},"excerpt":{"rendered":"<p>Mi\u00e9rcoles 3 de septiembre de 2025 Luis Ugalde Si nos atenemos a las realidades m\u00e1s visibles, a los hechos y a las estad\u00edsticas, parece que no podemos; que los venezolanos no podemos frenar la decadencia y la invasora pobreza y mucho menos retomar el ritmo nacional de ascenso econ\u00f3mico y social que vivimos en la &hellip; <a href=\"https:\/\/blogs.deia.eus\/anasagasti\/2025\/09\/03\/podemos-recuperar-a-venezuela\/\" class=\"more-link\">Sigue leyendo <span class=\"screen-reader-text\">\u00bfPODEMOS RECUPERAR A VENEZUELA?<\/span><\/a><!-- AddThis Advanced Settings generic via filter on get_the_excerpt --><!-- AddThis Share Buttons generic via filter on get_the_excerpt --><\/p>\n","protected":false},"author":19,"featured_media":0,"comment_status":"open","ping_status":"open","sticky":false,"template":"","format":"standard","meta":{"footnotes":""},"categories":[1],"tags":[],"class_list":["post-20842","post","type-post","status-publish","format-standard","hentry","category-general"],"_links":{"self":[{"href":"https:\/\/blogs.deia.eus\/anasagasti\/wp-json\/wp\/v2\/posts\/20842","targetHints":{"allow":["GET"]}}],"collection":[{"href":"https:\/\/blogs.deia.eus\/anasagasti\/wp-json\/wp\/v2\/posts"}],"about":[{"href":"https:\/\/blogs.deia.eus\/anasagasti\/wp-json\/wp\/v2\/types\/post"}],"author":[{"embeddable":true,"href":"https:\/\/blogs.deia.eus\/anasagasti\/wp-json\/wp\/v2\/users\/19"}],"replies":[{"embeddable":true,"href":"https:\/\/blogs.deia.eus\/anasagasti\/wp-json\/wp\/v2\/comments?post=20842"}],"version-history":[{"count":1,"href":"https:\/\/blogs.deia.eus\/anasagasti\/wp-json\/wp\/v2\/posts\/20842\/revisions"}],"predecessor-version":[{"id":20845,"href":"https:\/\/blogs.deia.eus\/anasagasti\/wp-json\/wp\/v2\/posts\/20842\/revisions\/20845"}],"wp:attachment":[{"href":"https:\/\/blogs.deia.eus\/anasagasti\/wp-json\/wp\/v2\/media?parent=20842"}],"wp:term":[{"taxonomy":"category","embeddable":true,"href":"https:\/\/blogs.deia.eus\/anasagasti\/wp-json\/wp\/v2\/categories?post=20842"},{"taxonomy":"post_tag","embeddable":true,"href":"https:\/\/blogs.deia.eus\/anasagasti\/wp-json\/wp\/v2\/tags?post=20842"}],"curies":[{"name":"wp","href":"https:\/\/api.w.org\/{rel}","templated":true}]}}