{"id":20846,"date":"2025-09-04T10:37:16","date_gmt":"2025-09-04T08:37:16","guid":{"rendered":"https:\/\/blogs.deia.eus\/anasagasti\/?p=20846"},"modified":"2025-09-04T10:37:16","modified_gmt":"2025-09-04T08:37:16","slug":"necesitamos-un-poder-judicial-propio","status":"publish","type":"post","link":"https:\/\/blogs.deia.eus\/anasagasti\/2025\/09\/04\/necesitamos-un-poder-judicial-propio\/","title":{"rendered":"NECESITAMOS UN PODER JUDICIAL PROPIO"},"content":{"rendered":"\n<p><strong>Jueves 4 de septiembre de 2025<\/strong><\/p>\n\n\n<div class=\"wp-block-image\">\n<figure class=\"aligncenter size-full\"><a href=\"https:\/\/blogs.deia.eus\/anasagasti\/files\/2025\/09\/La-presuncion-de-indecencia.jpg\"><img loading=\"lazy\" decoding=\"async\" width=\"728\" height=\"737\" src=\"https:\/\/blogs.deia.eus\/anasagasti\/files\/2025\/09\/La-presuncion-de-indecencia.jpg\" alt=\"\" class=\"wp-image-20847\" srcset=\"https:\/\/blogs.deia.eus\/anasagasti\/files\/2025\/09\/La-presuncion-de-indecencia.jpg 728w, https:\/\/blogs.deia.eus\/anasagasti\/files\/2025\/09\/La-presuncion-de-indecencia-580x587.jpg 580w\" sizes=\"auto, (max-width: 728px) 100vw, 728px\" \/><\/a><\/figure>\n<\/div>\n\n\n<p>Recibo este comentario sobre el mundo judicial, al que no lleg\u00f3 la transici\u00f3n, que transcribo porque tiene mucha raz\u00f3n.<\/p>\n\n\n\n<p>Dice as\u00ed:<\/p>\n\n\n\n<p>\u201cSobre el tema de los jueces, fiscales (y otros altos funcionarios), la necesidad de cambiar el modelo actual, la lawfare y otras cosas similares, ya sabemos que uno de los grandes problemas de la transici\u00f3n espa\u00f1ola y que lastran a la democracia actual, fue que a diferencia de Alemania o Italia, no ha habido una buena purga de los altos cargos fascistas.<\/p>\n\n\n\n<p>Es una clase cerrada relacionada &nbsp;con el franquismo y m\u00e1s all\u00e1 de \u00e9l, con el imperio, hasta la reconquista, las mismas familias siempre, de jueces, fiscales, otros altos funcionarios, polic\u00edas, militares (aparte de pol\u00edticos, empresarios, due\u00f1os de medios de comunicaci\u00f3n, etc.),<\/p>\n\n\n\n<p>Todo este mundo constituye una oligarqu\u00eda ya pasada, pero que sigue &nbsp;presente e igual la vemos en el futuro&nbsp; a pesar de que &nbsp;esper\u00e1bamos &nbsp;que con el tiempo se fuese disolviendo, pero m\u00e1s bien se ha consolidado y seguir\u00e1n ah\u00ed aferrados aunque se lleven al pa\u00eds por delante.<\/p>\n\n\n\n<p>De ah\u00ed la importancia de un poder judicial propio.<\/p>\n\n\n\n<p>De hecho &nbsp;lo han conseguido mantener en Escocia\u2026.De ah\u00ed &nbsp;tambi\u00e9n que &nbsp;de igual forma que hemos conseguido los vascos recuperar nuestra fiscalidad\u2026, entonces igual cambiaban algunas cosas\u2026,ya que &nbsp;no solo hay que tener un poder legislativo y un ejecutivo propio, sino tambi\u00e9n un poder judicial propio, como lo tienen los escoceses dentro del Reino Unido..<\/p>\n\n\n\n<p>El juez Santiago Vidal: \u00abUn tercio del colectivo judicial es del Opus Dei\u00bb.<\/p>\n\n\n\n<p>Y otro apunte de inter\u00e9s. Este del pensador y fil\u00f3sofo italiano Norberto Bobiio.<\/p>\n\n\n\n<p>\u201cEl fascista habla todo el tiempo de corrupci\u00f3n. Lo hizo en Italia en 1922, en Alemania en 1933 y en Brasil en 1964.<\/p>\n\n\n\n<p>Acusa, insulta, agrede como si fuera puro, honesto y&nbsp; no corrupto como lo que denuncia.<\/p>\n\n\n\n<p>Pero el fascista es s\u00f3lo un criminal, un soci\u00f3pata que persigue una carrera pol\u00edtica para corromper. Y en el poder, ya conseguido no vacila en torturar, violar, robar nuestras pertenencias, nuestra libertad y nuestros derechos. M\u00e1s que corrupci\u00f3n el fascista practica la maldad\u201d.<\/p>\n<!-- AddThis Advanced Settings generic via filter on the_content --><!-- AddThis Share Buttons generic via filter on the_content -->","protected":false},"excerpt":{"rendered":"<p>Jueves 4 de septiembre de 2025 Recibo este comentario sobre el mundo judicial, al que no lleg\u00f3 la transici\u00f3n, que transcribo porque tiene mucha raz\u00f3n. Dice as\u00ed: \u201cSobre el tema de los jueces, fiscales (y otros altos funcionarios), la necesidad de cambiar el modelo actual, la lawfare y otras cosas similares, ya sabemos que uno &hellip; <a href=\"https:\/\/blogs.deia.eus\/anasagasti\/2025\/09\/04\/necesitamos-un-poder-judicial-propio\/\" class=\"more-link\">Sigue leyendo <span class=\"screen-reader-text\">NECESITAMOS UN PODER JUDICIAL PROPIO<\/span><\/a><!-- AddThis Advanced Settings generic via filter on get_the_excerpt --><!-- AddThis Share Buttons generic via filter on get_the_excerpt --><\/p>\n","protected":false},"author":19,"featured_media":0,"comment_status":"open","ping_status":"open","sticky":false,"template":"","format":"standard","meta":{"footnotes":""},"categories":[1],"tags":[],"class_list":["post-20846","post","type-post","status-publish","format-standard","hentry","category-general"],"_links":{"self":[{"href":"https:\/\/blogs.deia.eus\/anasagasti\/wp-json\/wp\/v2\/posts\/20846","targetHints":{"allow":["GET"]}}],"collection":[{"href":"https:\/\/blogs.deia.eus\/anasagasti\/wp-json\/wp\/v2\/posts"}],"about":[{"href":"https:\/\/blogs.deia.eus\/anasagasti\/wp-json\/wp\/v2\/types\/post"}],"author":[{"embeddable":true,"href":"https:\/\/blogs.deia.eus\/anasagasti\/wp-json\/wp\/v2\/users\/19"}],"replies":[{"embeddable":true,"href":"https:\/\/blogs.deia.eus\/anasagasti\/wp-json\/wp\/v2\/comments?post=20846"}],"version-history":[{"count":1,"href":"https:\/\/blogs.deia.eus\/anasagasti\/wp-json\/wp\/v2\/posts\/20846\/revisions"}],"predecessor-version":[{"id":20848,"href":"https:\/\/blogs.deia.eus\/anasagasti\/wp-json\/wp\/v2\/posts\/20846\/revisions\/20848"}],"wp:attachment":[{"href":"https:\/\/blogs.deia.eus\/anasagasti\/wp-json\/wp\/v2\/media?parent=20846"}],"wp:term":[{"taxonomy":"category","embeddable":true,"href":"https:\/\/blogs.deia.eus\/anasagasti\/wp-json\/wp\/v2\/categories?post=20846"},{"taxonomy":"post_tag","embeddable":true,"href":"https:\/\/blogs.deia.eus\/anasagasti\/wp-json\/wp\/v2\/tags?post=20846"}],"curies":[{"name":"wp","href":"https:\/\/api.w.org\/{rel}","templated":true}]}}