{"id":20849,"date":"2025-09-04T21:35:13","date_gmt":"2025-09-04T19:35:13","guid":{"rendered":"https:\/\/blogs.deia.eus\/anasagasti\/?p=20849"},"modified":"2025-09-04T21:35:13","modified_gmt":"2025-09-04T19:35:13","slug":"deberian-decirle-al-rey-que-no-fuera","status":"publish","type":"post","link":"https:\/\/blogs.deia.eus\/anasagasti\/2025\/09\/04\/deberian-decirle-al-rey-que-no-fuera\/","title":{"rendered":"DEBER\u00cdAN DECIRLE AL REY QUE NO FUERA."},"content":{"rendered":"\n<p><strong>Viernes 5 de septiembre de 2025<\/strong><\/p>\n\n\n<div class=\"wp-block-image\">\n<figure class=\"aligncenter size-full\"><a href=\"https:\/\/blogs.deia.eus\/anasagasti\/files\/2025\/09\/Rey-y-FGE1.jpg\"><img loading=\"lazy\" decoding=\"async\" width=\"750\" height=\"492\" src=\"https:\/\/blogs.deia.eus\/anasagasti\/files\/2025\/09\/Rey-y-FGE1.jpg\" alt=\"\" class=\"wp-image-20850\" srcset=\"https:\/\/blogs.deia.eus\/anasagasti\/files\/2025\/09\/Rey-y-FGE1.jpg 750w, https:\/\/blogs.deia.eus\/anasagasti\/files\/2025\/09\/Rey-y-FGE1-580x380.jpg 580w\" sizes=\"auto, (max-width: 750px) 100vw, 750px\" \/><\/a><\/figure>\n<\/div>\n\n\n<p>En esta obsequiosa y genuflexa Espa\u00f1a, dos Asociaciones de Fiscales y la mayoritaria de jueces han pedido al\u00a0 crucificado y vilipendiado Fiscal General Garc\u00eda Ortiz que no acuda a la apertura del A\u00f1o Judicial: \u201dEs un acto de desprecio al estado de Derecho\u201d. De Deshecho m\u00e1s bien, pues mezclan\u00a0 en su pataleta al Rey Felipe VI y le dicen al Fiscal que\u00a0 le est\u00e1 irrespetando. L\u00f3gico ser\u00eda que le dijeran al Rey que sobra en un acto de ese tipo.<\/p>\n\n\n\n<p>A estos se\u00f1ores ,en esta garantista Espa\u00f1a, eso de la presunci\u00f3n de inocencia se las trae al pairo. M\u00e1s bien&nbsp; presumen su indecencia porque al parecer le ha&nbsp; faltado el Fiscal General asimismo el respeto al novio de la Presidenta de la Comunidad de Madrid, Isabel D\u00edaz Ayuso. Que piel m\u00e1s fina para un comisionista millonario..\u00a1Uy que horror se\u00f1ores!.<\/p>\n\n\n\n<p>Si el Fiscal General fuera del PP, otro gallo cantar\u00eda.<\/p>\n\n\n\n<p>Esto se une al hecho de&nbsp; que las causas judiciales sobre las muertes en residencias de Madrid, durante el Covid, se dilatan porque ahora varios tribunales rechazan investigar&nbsp; dichas &nbsp;muertes. Una presidenta blindada&nbsp; junto a su novio ,el comisionista ,alguien que es intocable para estos se\u00f1ores..<\/p>\n\n\n\n<p><strong>Caustico:<\/strong><\/p>\n\n\n\n<p>Un fulano comete un delito fiscal y lo reconoce. El fiscal general filtra, no est\u00e1 demostrado con pruebas, un mail en el que el delincuente presunto pide un pacto. El fiscal sufre acoso de jueces y fiscales, el Borb\u00f3n le pone malas caras al fiscal y buena cara a la novia del presunto, el franquismo en pleno, pol\u00edticos y jueces, boicotea el acto de inauguraci\u00f3n del a\u00f1o judicial y mientras tanto el presunto delincuente forzoso anda tan tranquilo protegido por su txurri que es presidenta de Madrid Libertad.<\/p>\n\n\n\n<p>Espa\u00f1a y democracia son incompatibles porque pervive con fuerza el franquismo social, pol\u00edtico, judicial, etc\u2026<\/p>\n\n\n\n<p>Esto no tiene arreglo. Ni lo buscan.<\/p>\n<!-- AddThis Advanced Settings generic via filter on the_content --><!-- AddThis Share Buttons generic via filter on the_content -->","protected":false},"excerpt":{"rendered":"<p>Viernes 5 de septiembre de 2025 En esta obsequiosa y genuflexa Espa\u00f1a, dos Asociaciones de Fiscales y la mayoritaria de jueces han pedido al\u00a0 crucificado y vilipendiado Fiscal General Garc\u00eda Ortiz que no acuda a la apertura del A\u00f1o Judicial: \u201dEs un acto de desprecio al estado de Derecho\u201d. De Deshecho m\u00e1s bien, pues mezclan\u00a0 &hellip; <a href=\"https:\/\/blogs.deia.eus\/anasagasti\/2025\/09\/04\/deberian-decirle-al-rey-que-no-fuera\/\" class=\"more-link\">Sigue leyendo <span class=\"screen-reader-text\">DEBER\u00cdAN DECIRLE AL REY QUE NO FUERA.<\/span><\/a><!-- AddThis Advanced Settings generic via filter on get_the_excerpt --><!-- AddThis Share Buttons generic via filter on get_the_excerpt --><\/p>\n","protected":false},"author":19,"featured_media":0,"comment_status":"open","ping_status":"open","sticky":false,"template":"","format":"standard","meta":{"footnotes":""},"categories":[1],"tags":[],"class_list":["post-20849","post","type-post","status-publish","format-standard","hentry","category-general"],"_links":{"self":[{"href":"https:\/\/blogs.deia.eus\/anasagasti\/wp-json\/wp\/v2\/posts\/20849","targetHints":{"allow":["GET"]}}],"collection":[{"href":"https:\/\/blogs.deia.eus\/anasagasti\/wp-json\/wp\/v2\/posts"}],"about":[{"href":"https:\/\/blogs.deia.eus\/anasagasti\/wp-json\/wp\/v2\/types\/post"}],"author":[{"embeddable":true,"href":"https:\/\/blogs.deia.eus\/anasagasti\/wp-json\/wp\/v2\/users\/19"}],"replies":[{"embeddable":true,"href":"https:\/\/blogs.deia.eus\/anasagasti\/wp-json\/wp\/v2\/comments?post=20849"}],"version-history":[{"count":1,"href":"https:\/\/blogs.deia.eus\/anasagasti\/wp-json\/wp\/v2\/posts\/20849\/revisions"}],"predecessor-version":[{"id":20851,"href":"https:\/\/blogs.deia.eus\/anasagasti\/wp-json\/wp\/v2\/posts\/20849\/revisions\/20851"}],"wp:attachment":[{"href":"https:\/\/blogs.deia.eus\/anasagasti\/wp-json\/wp\/v2\/media?parent=20849"}],"wp:term":[{"taxonomy":"category","embeddable":true,"href":"https:\/\/blogs.deia.eus\/anasagasti\/wp-json\/wp\/v2\/categories?post=20849"},{"taxonomy":"post_tag","embeddable":true,"href":"https:\/\/blogs.deia.eus\/anasagasti\/wp-json\/wp\/v2\/tags?post=20849"}],"curies":[{"name":"wp","href":"https:\/\/api.w.org\/{rel}","templated":true}]}}