{"id":20948,"date":"2025-10-11T10:47:10","date_gmt":"2025-10-11T08:47:10","guid":{"rendered":"https:\/\/blogs.deia.eus\/anasagasti\/?p=20948"},"modified":"2025-10-11T10:52:54","modified_gmt":"2025-10-11T08:52:54","slug":"maria-corina-nos-recibio-el-agudo-sectarismo-de-la-izquierda-caviar","status":"publish","type":"post","link":"https:\/\/blogs.deia.eus\/anasagasti\/2025\/10\/11\/maria-corina-nos-recibio-el-agudo-sectarismo-de-la-izquierda-caviar\/","title":{"rendered":"MAR\u00cdA CORINA NOS RECIBI\u00d3 &#8211; EL AGUDO SECTARISMO DE LA IZQUIERDA CAVIAR."},"content":{"rendered":"\n<p><strong>S\u00e1bado 11 de octubre de 2025<\/strong><\/p>\n\n\n<div class=\"wp-block-image\">\n<figure class=\"aligncenter size-full is-resized\"><a href=\"https:\/\/blogs.deia.eus\/anasagasti\/files\/2025\/10\/Maiquetia.jpg\"><img loading=\"lazy\" decoding=\"async\" width=\"275\" height=\"183\" src=\"https:\/\/blogs.deia.eus\/anasagasti\/files\/2025\/10\/Maiquetia.jpg\" alt=\"\" class=\"wp-image-20949\" style=\"width:463px;height:auto\" \/><\/a><\/figure>\n<\/div>\n\n\n<p>La fotograf\u00eda est\u00e1 sacada en el aeropuerto de Maiquet\u00eda en Caracas. \u00c9ramos una delegaci\u00f3n parlamentaria. Estamos representantes de cuatro partidos, no as\u00ed de Podemos o Bildu, partidos bolivarianos que apoyan la dictadura de Ch\u00e1vez y Maduro. Dionisio Garc\u00eda Carnero del PP de Zamora, amigo de &nbsp;la familia de Mar\u00eda Ubarretxena y una persona con mucha sensibilidad americana, quien acaba de fallecer&nbsp; es el tercero por la izquierda, al lado de la esposa del alcalde de Caracas, en el centro y de Lilian Tintori, esposa de Leopoldo L\u00f3pez. Mar\u00eda Corina Machado es la primera por la derecha. &nbsp;Est\u00e1n tambi\u00e9n Ander Gil del Partido Socialista que fue presidente del Senado y Josep Maldonado, toda una instituci\u00f3n de la antigua &nbsp;CiU en Catalunya. Su cena anual de Sport Solidari es una fecha en el calendario &nbsp;y de las m\u00e1s contundentes acciones solidarias &nbsp;que se realizan en Barcelona.<\/p>\n\n\n\n<p>El caso es que fuimos a visitar los presos de la dictadura. Pudimos solo hacerlo con Antonio Ledezma, alcalde de Caracas arrestado en su domicilio. No pudimos visitar a Leopoldo L\u00f3pez y nos pasamos tres horas bajo el sol con su esposa Lilian Tintori en la fotograf\u00eda, ni tampoco en el Helicoide, terrible prisi\u00f3n, con el alcalde Ceballos, de San Crist\u00f3bal. Y nos recibi\u00f3 en el aeropuerto y tuvimos reuniones con ella, Mar\u00eda Corina &nbsp;Machado &nbsp;explic\u00e1ndonos a la persecuci\u00f3n a la que estaban sometidas.<\/p>\n\n\n\n<p>Mar\u00eda Corina nos dijo que tuvi\u00e9ramos mucho cuidado ya que la semana anterior hab\u00edan llegado a ese aeropuerto &nbsp;una delegaci\u00f3n del parlamento de Brasil y subiendo a Caracas les hab\u00edan detenido paramilitares y dado vuelta a &nbsp;la furgoneta. Afortunadamente no tuvimos ning\u00fan problema personal aunque vimos una sociedad &nbsp;viviendo sin democracia, con lo justo, arengados todo el d\u00eda por el histrionismo demag\u00f3gico del r\u00e9gimen y que no pod\u00eda vivir. Ante ello, emigraba, m\u00e1s de ocho millones de venezolanos est\u00e1n fuera porque aquel era un &nbsp;pa\u00eds sin futuro y con una libertad reprimida. Era evidente que se trataba de un r\u00e9gimen corrupto que ten\u00eda un ej\u00e9rcito sosteniendo a un narco estado. Para colmo los parlamentarios de la izquierda espa\u00f1ola y de los de Bildu iban a las elecciones a apoyarles juntos a Podemos y Sumar.<\/p>\n\n\n\n<p>Ayer le concedieron el Premio Nobel de la Paz a Mar\u00eda Corina, la l\u00edder de toda la oposici\u00f3n venezolana, que quiere cambiar toda esa basura pol\u00edtica con los votos y no con las balas. Una mujer brava, con mucha personalidad, inasequible al desaliento que ha logrado mantener desde su refugio cerrado en Caracas, la llama de la esperanza para una transici\u00f3n democr\u00e1tica en Venezuela a pesar de que Maduro robara las elecciones y sea apoyado por esa izquierda totalitaria mundial que encima le r\u00eden las gracias y aplauden el robo electoral de unas elecciones que gan\u00f3 la oposici\u00f3n, pero que Maduro, Bildu y dem\u00e1s apoyan arruinando un pa\u00eds riqu\u00edsimo como Venezuela hoy en la miseria.<\/p>\n\n\n\n<p>En Radio Euskadi, Loreto Larumbe, &nbsp;nos entrevist\u00f3 muy profesionalmente &nbsp;ayer a Pedro Gil, de Venezolanos en Bilbao y a m\u00ed y contamos nuestra impresi\u00f3n. Sin embargo al&nbsp; mediod\u00eda ETB, como siempre, defraud\u00f3. Parec\u00eda que la noticia no les hab\u00eda gustado nada. La tuvieron como segunda informaci\u00f3n &nbsp;con esa asepsia equidistante que nos transmit\u00eda como de mal les hab\u00eda sentado a los que mandan en los informativos de ese \u00f3rgano p\u00fablico, ELA-LAB. Defienden un r\u00e9gimen asqueroso que no permite sindicatos democr\u00e1ticos en Venezuela. Curioso, aunque ellos en Euzkadi mandan hasta en los informativos p\u00fablicos sin someterse a elecci\u00f3n alguna, m\u00e1s que a las internas, sin garant\u00edas y manipuladas.<\/p>\n\n\n\n<p>Por la noche la cosa fue de traca en ETB, destacando m\u00e1s las cr\u00edticas al Premio que el inmenso m\u00e9rito de haber logrado semejante galard\u00f3n con tantos candidatos id\u00f3neos, la presi\u00f3n de Trump y candidaturas tan aceptables como las de Zelenski o M\u00e9dicos sin Fronteras. Tildaban a los otorgantes del Premio poco menos que una cuadrilla del ku kux klan a la hora de elegir a Mar\u00eda Corina mientras describ\u00edan a la l\u00edder opositora, que ha logrado nuclear a toda&nbsp; la oposici\u00f3n, poco menos &nbsp;de persona af\u00edn a&nbsp; la ultraderecha. La indignaci\u00f3n de la poblaci\u00f3n &nbsp;venezolana emigrante en Euzkadi, en momentos de tanta alegr\u00eda fue gran contrariedad y hast\u00edo.<\/p>\n\n\n\n<p>Y una curiosidad. \u00bfD\u00f3nde est\u00e1n las mujeres de ultraizquierda defendiendo a una mujer acosada?. Normal que mujeres como Jone Belarra, Irene Montero, Yolanda &nbsp;D\u00edaz y las dos parlamentarias &nbsp;de Bildu que estuvieron en las fraudulentas elecciones de Maduro el 28 de julio del a\u00f1o pasado y sin pasar 24 horas avalaran su robo electoral como Diana Urrea y Marije Fullaondo no pararan de decir mentiras, estupideces y loas a una dictadura siniestra como la de Maduro, pero que ETB no apostara por una mujer tan valiente como Mar\u00eda Corina reivindicando democracia , es incomprensible, tras haber dicho \u00e9sta una verdad tan revolucionaria como: \u201dNo puede haber paz sin libertad\u201d.<\/p>\n\n\n\n<p>La gente decente est\u00e1 encantada con que el Nobel se lo lleve una mujer que es uno de los ejemplos m\u00e1s extraordinarios de coraje civil en Am\u00e9rica Latina. Mar\u00eda Corina ha sido una figura clave y unificadora de la oposici\u00f3n que antes que ella la liderase, estaba profundamente dividida. Una oposici\u00f3n que encontr\u00f3 terreno com\u00fan en la demanda de elecciones libres y gobierno representativo. Esto es&nbsp; lo que est\u00e1 en el coraz\u00f3n de la democracia que no es otra cosa que la voluntad compartida de defender los principios de la voluntad popular teniendo en cuenta que Venezuela ha evolucionado de ser un pa\u00eds con una democracia relativamente pr\u00f3spera a un brutal estado totalitario que apoyan las mujeres mencionadas y que ahora sufre una crisis humanitaria y econ\u00f3mica. La mayor\u00eda de los venezolanos viven en profunda pobreza, mientras los pocos de la c\u00fapula chavista se enriquecen y roban.<\/p>\n\n\n\n<p>Ojal\u00e1 este Premio impulse de verdad el logro de la paz y la democracia en aquel pa\u00eds tan querido y en Euzkadi, ELA-LAB, sean unos sindicatos democr\u00e1ticos y no defensores del discurso m\u00e1s rancio populista y antidemocr\u00e1tico.<\/p>\n<!-- AddThis Advanced Settings generic via filter on the_content --><!-- AddThis Share Buttons generic via filter on the_content -->","protected":false},"excerpt":{"rendered":"<p>S\u00e1bado 11 de octubre de 2025 La fotograf\u00eda est\u00e1 sacada en el aeropuerto de Maiquet\u00eda en Caracas. \u00c9ramos una delegaci\u00f3n parlamentaria. Estamos representantes de cuatro partidos, no as\u00ed de Podemos o Bildu, partidos bolivarianos que apoyan la dictadura de Ch\u00e1vez y Maduro. Dionisio Garc\u00eda Carnero del PP de Zamora, amigo de &nbsp;la familia de Mar\u00eda &hellip; <a href=\"https:\/\/blogs.deia.eus\/anasagasti\/2025\/10\/11\/maria-corina-nos-recibio-el-agudo-sectarismo-de-la-izquierda-caviar\/\" class=\"more-link\">Sigue leyendo <span class=\"screen-reader-text\">MAR\u00cdA CORINA NOS RECIBI\u00d3 &#8211; EL AGUDO SECTARISMO DE LA IZQUIERDA CAVIAR.<\/span><\/a><!-- AddThis Advanced Settings generic via filter on get_the_excerpt --><!-- AddThis Share Buttons generic via filter on get_the_excerpt --><\/p>\n","protected":false},"author":19,"featured_media":0,"comment_status":"open","ping_status":"open","sticky":false,"template":"","format":"standard","meta":{"footnotes":""},"categories":[1],"tags":[],"class_list":["post-20948","post","type-post","status-publish","format-standard","hentry","category-general"],"_links":{"self":[{"href":"https:\/\/blogs.deia.eus\/anasagasti\/wp-json\/wp\/v2\/posts\/20948","targetHints":{"allow":["GET"]}}],"collection":[{"href":"https:\/\/blogs.deia.eus\/anasagasti\/wp-json\/wp\/v2\/posts"}],"about":[{"href":"https:\/\/blogs.deia.eus\/anasagasti\/wp-json\/wp\/v2\/types\/post"}],"author":[{"embeddable":true,"href":"https:\/\/blogs.deia.eus\/anasagasti\/wp-json\/wp\/v2\/users\/19"}],"replies":[{"embeddable":true,"href":"https:\/\/blogs.deia.eus\/anasagasti\/wp-json\/wp\/v2\/comments?post=20948"}],"version-history":[{"count":1,"href":"https:\/\/blogs.deia.eus\/anasagasti\/wp-json\/wp\/v2\/posts\/20948\/revisions"}],"predecessor-version":[{"id":20950,"href":"https:\/\/blogs.deia.eus\/anasagasti\/wp-json\/wp\/v2\/posts\/20948\/revisions\/20950"}],"wp:attachment":[{"href":"https:\/\/blogs.deia.eus\/anasagasti\/wp-json\/wp\/v2\/media?parent=20948"}],"wp:term":[{"taxonomy":"category","embeddable":true,"href":"https:\/\/blogs.deia.eus\/anasagasti\/wp-json\/wp\/v2\/categories?post=20948"},{"taxonomy":"post_tag","embeddable":true,"href":"https:\/\/blogs.deia.eus\/anasagasti\/wp-json\/wp\/v2\/tags?post=20948"}],"curies":[{"name":"wp","href":"https:\/\/api.w.org\/{rel}","templated":true}]}}