{"id":20957,"date":"2025-10-13T09:43:10","date_gmt":"2025-10-13T07:43:10","guid":{"rendered":"https:\/\/blogs.deia.eus\/anasagasti\/?p=20957"},"modified":"2025-10-13T09:43:11","modified_gmt":"2025-10-13T07:43:11","slug":"como-queda-la-dictadura-de-maduro-tras-el-premio-nobel","status":"publish","type":"post","link":"https:\/\/blogs.deia.eus\/anasagasti\/2025\/10\/13\/como-queda-la-dictadura-de-maduro-tras-el-premio-nobel\/","title":{"rendered":"\u00bfC\u00d3MO\u00a0 QUEDA LA DICTADURA DE MADURO TRAS EL PREMIO NOBEL?"},"content":{"rendered":"\n<p><strong>Lunes 13 de octubre de 2025<\/strong><\/p>\n\n\n<div class=\"wp-block-image\">\n<figure class=\"aligncenter size-large\"><a href=\"https:\/\/blogs.deia.eus\/anasagasti\/files\/2025\/10\/Maduro-llama-violenta-a-Maria-Corina.jpg\"><img loading=\"lazy\" decoding=\"async\" width=\"940\" height=\"1015\" src=\"https:\/\/blogs.deia.eus\/anasagasti\/files\/2025\/10\/Maduro-llama-violenta-a-Maria-Corina-940x1015.jpg\" alt=\"\" class=\"wp-image-20958\" srcset=\"https:\/\/blogs.deia.eus\/anasagasti\/files\/2025\/10\/Maduro-llama-violenta-a-Maria-Corina-940x1015.jpg 940w, https:\/\/blogs.deia.eus\/anasagasti\/files\/2025\/10\/Maduro-llama-violenta-a-Maria-Corina-580x626.jpg 580w, https:\/\/blogs.deia.eus\/anasagasti\/files\/2025\/10\/Maduro-llama-violenta-a-Maria-Corina-768x829.jpg 768w, https:\/\/blogs.deia.eus\/anasagasti\/files\/2025\/10\/Maduro-llama-violenta-a-Maria-Corina.jpg 1080w\" sizes=\"auto, (max-width: 940px) 100vw, 940px\" \/><\/a><\/figure>\n<\/div>\n\n\n<p>1.- El reconocimiento internacional a Mar\u00eda Corina Machado no es s\u00f3lo un premio Nobel &nbsp;personal. Es un cambio de narrativa: deja de ser una figura opositora y pasa a ser un referente democr\u00e1tico reconocido globalmente frente a una estructura criminal enquistada en el poder.<\/p>\n\n\n\n<p>2.- Para la administraci\u00f3n Trump, el Cabello-Madurismo ya no es un gobierno autoritario, sino el Cartel de los Soles: una organizaci\u00f3n narco-terrorista con alcance internacional. Esa categor\u00eda redefine las reglas del juego y habilita respuestas no diplom\u00e1ticas sino estrat\u00e9gicas.<\/p>\n\n\n\n<p>3.- El premio &nbsp;Nobel act\u00faa tambi\u00e9n como escudo pol\u00edtico. A partir de ahora, cualquier agresi\u00f3n contra Machado ser\u00e1 interpretada como un ataque contra una figura protegida por los est\u00e1ndares internacionales de derechos humanos y legitimidad democr\u00e1tica.No la protege totalmente,pero dificulta al r\u00e9gimen cualquier ataque contra su persona.<\/p>\n\n\n\n<p>4.- El C\u00e1rtel&nbsp; queda atrapado en un dilema:<\/p>\n\n\n\n<p>Si reprime, acelera la intervenci\u00f3n externa.<\/p>\n\n\n\n<p>Si negocia, acepta su ilegitimidad.<\/p>\n\n\n\n<p>Si no act\u00faa, se expone a fracturas internas por defecci\u00f3n de sus propios cuadros.<\/p>\n\n\n\n<p>5.- Venezuela ya no es un&nbsp;conflicto interno sino un enfrentamiento entre una ciudadan\u00eda civil desarmada y una organizaci\u00f3n paraestatal dedicada al control por la fuerza.<\/p>\n\n\n\n<p>6.- El derrumbe del sistema no llegar\u00e1 por una guerra frontal sino por la erosi\u00f3n progresiva del miedo que lo sostiene: aislamiento jur\u00eddico, costos personales y fuga de lealtades.<\/p>\n\n\n\n<p>7.- El premio Nobel no cierra la historia. La inicia con un nuevo t\u00edtulo: democracia contra crimen organizado.<\/p>\n<!-- AddThis Advanced Settings generic via filter on the_content --><!-- AddThis Share Buttons generic via filter on the_content -->","protected":false},"excerpt":{"rendered":"<p>Lunes 13 de octubre de 2025 1.- El reconocimiento internacional a Mar\u00eda Corina Machado no es s\u00f3lo un premio Nobel &nbsp;personal. Es un cambio de narrativa: deja de ser una figura opositora y pasa a ser un referente democr\u00e1tico reconocido globalmente frente a una estructura criminal enquistada en el poder. 2.- Para la administraci\u00f3n Trump, &hellip; <a href=\"https:\/\/blogs.deia.eus\/anasagasti\/2025\/10\/13\/como-queda-la-dictadura-de-maduro-tras-el-premio-nobel\/\" class=\"more-link\">Sigue leyendo <span class=\"screen-reader-text\">\u00bfC\u00d3MO\u00a0 QUEDA LA DICTADURA DE MADURO TRAS EL PREMIO NOBEL?<\/span><\/a><!-- AddThis Advanced Settings generic via filter on get_the_excerpt --><!-- AddThis Share Buttons generic via filter on get_the_excerpt --><\/p>\n","protected":false},"author":19,"featured_media":0,"comment_status":"open","ping_status":"open","sticky":false,"template":"","format":"standard","meta":{"footnotes":""},"categories":[1],"tags":[],"class_list":["post-20957","post","type-post","status-publish","format-standard","hentry","category-general"],"_links":{"self":[{"href":"https:\/\/blogs.deia.eus\/anasagasti\/wp-json\/wp\/v2\/posts\/20957","targetHints":{"allow":["GET"]}}],"collection":[{"href":"https:\/\/blogs.deia.eus\/anasagasti\/wp-json\/wp\/v2\/posts"}],"about":[{"href":"https:\/\/blogs.deia.eus\/anasagasti\/wp-json\/wp\/v2\/types\/post"}],"author":[{"embeddable":true,"href":"https:\/\/blogs.deia.eus\/anasagasti\/wp-json\/wp\/v2\/users\/19"}],"replies":[{"embeddable":true,"href":"https:\/\/blogs.deia.eus\/anasagasti\/wp-json\/wp\/v2\/comments?post=20957"}],"version-history":[{"count":1,"href":"https:\/\/blogs.deia.eus\/anasagasti\/wp-json\/wp\/v2\/posts\/20957\/revisions"}],"predecessor-version":[{"id":20959,"href":"https:\/\/blogs.deia.eus\/anasagasti\/wp-json\/wp\/v2\/posts\/20957\/revisions\/20959"}],"wp:attachment":[{"href":"https:\/\/blogs.deia.eus\/anasagasti\/wp-json\/wp\/v2\/media?parent=20957"}],"wp:term":[{"taxonomy":"category","embeddable":true,"href":"https:\/\/blogs.deia.eus\/anasagasti\/wp-json\/wp\/v2\/categories?post=20957"},{"taxonomy":"post_tag","embeddable":true,"href":"https:\/\/blogs.deia.eus\/anasagasti\/wp-json\/wp\/v2\/tags?post=20957"}],"curies":[{"name":"wp","href":"https:\/\/api.w.org\/{rel}","templated":true}]}}