{"id":20960,"date":"2025-10-13T17:29:29","date_gmt":"2025-10-13T15:29:29","guid":{"rendered":"https:\/\/blogs.deia.eus\/anasagasti\/?p=20960"},"modified":"2025-10-13T20:44:19","modified_gmt":"2025-10-13T18:44:19","slug":"ela-lab-elab-no-se-han-enterado-que-bajo-la-dictadura-de-maduro-no-hay-sindicatos","status":"publish","type":"post","link":"https:\/\/blogs.deia.eus\/anasagasti\/2025\/10\/13\/ela-lab-elab-no-se-han-enterado-que-bajo-la-dictadura-de-maduro-no-hay-sindicatos\/","title":{"rendered":"ELA-LAB (ELAB) NO SE HAN ENTERADO QUE BAJO LA DICTADURA DE MADURO NO HAY SINDICATOS"},"content":{"rendered":"\n<p><strong>Lunes 13 de octubre de 2025<\/strong><\/p>\n\n\n<div class=\"wp-block-image\">\n<figure class=\"aligncenter size-full\"><a href=\"https:\/\/blogs.deia.eus\/anasagasti\/files\/2025\/10\/Futuro-de-Maduro.jpg\"><img loading=\"lazy\" decoding=\"async\" width=\"768\" height=\"769\" src=\"https:\/\/blogs.deia.eus\/anasagasti\/files\/2025\/10\/Futuro-de-Maduro.jpg\" alt=\"\" class=\"wp-image-20961\" srcset=\"https:\/\/blogs.deia.eus\/anasagasti\/files\/2025\/10\/Futuro-de-Maduro.jpg 768w, https:\/\/blogs.deia.eus\/anasagasti\/files\/2025\/10\/Futuro-de-Maduro-580x581.jpg 580w, https:\/\/blogs.deia.eus\/anasagasti\/files\/2025\/10\/Futuro-de-Maduro-150x150.jpg 150w\" sizes=\"auto, (max-width: 768px) 100vw, 768px\" \/><\/a><\/figure>\n<\/div>\n\n\n<p>ELA y LAB son las dos caras de la misma moneda totalitaria sindical que controlan la informaci\u00f3n de \u00a0EITB. Son los que mandan en sus informativos. No la directora de los mismos. Tampoco Mikel Reparaz que se la pasa de corresponsal viajero, gastos pagados, teniendo como hay en Oriente Medio el mejor periodista para dar cuenta de lo que pasa en Gaza como Mikel Aiestaran. Como consecuencia de estas debilidades el producto informativo constante manipulado y ausente de la verdad es lo que hemos visto y escuchado al mediod\u00eda de hoy lunes 13 de octubre. La noticia internacional tras lo ocurrido en Israel-Gaza ha sido que Maduro hab\u00eda llamado \u201cbruja demoniaca\u201d a Mar\u00eda Corina Machado, Premio Nobel de la Paz. Sin que tan siquiera equilibrasen el ex abrupto. Utilizan a Maduro para insultar a la l\u00edder democr\u00e1tica.<\/p>\n\n\n\n<p>Y es que ha sido una constante en la informaci\u00f3n de EITB tras el disgusto que les ha supuesto que una mujer luchadora, perseguida, enclaustrada, valiente y l\u00edder del 90% de la oposici\u00f3n venezolana, con un programa de todos los Partidos para regenerar un Pa\u00eds que en la actualidad es un Narco &nbsp;estado, con ocho millones de venezolanos en el exterior y con unas elecciones robadas tras los comicios de julio del a\u00f1o pasado la hayan convertido en un Faro de decencia mundial. Les molesta que en el consulado de Venezuela en Bilbao el 90% vot\u00e1semos el a\u00f1o pasado por Edmundo Gonz\u00e1lez Urrutia como presidente de Venezuela, exiliado en la actualidad en Madrid. Y es que ELAB no respeta ni las votaciones de los vascos en Euzkadi ni de los venezolanos emigrados que llegan a los 21.000. Les da lo mismo. Lo de ellos es la constante manipulaci\u00f3n.<\/p>\n\n\n\n<p>Para estos manipuladores de ELAB, Mar\u00eda Corina Machado no es una mujer que lucha por los derechos humanos sino una peligrosa \u201cbruja\u201d &nbsp;ultraderechista&nbsp; a la que han dado el Premio Nobel de la Paz porque los suecos son tontos y est\u00e1n comprados.<\/p>\n\n\n\n<p>Y me llama la atenci\u00f3n que ELAB no respete a los periodistas vascos &nbsp;que malviven en Venezuela y est\u00e1n encarcelados, perseguidos, anulados, reprimidos, robados en sus medios import\u00e1ndoles un pito que haya dos bizkainos, Adasme y Basoa, secuestrados por la dictadura. Para ocuparse de ellos ten\u00edan que ser como, Pablo Gonz\u00e1lez, el esp\u00eda ruso que nos sacaban al aire cada informativo y fue canjeado por Putin.<\/p>\n\n\n\n<p>Y me extra\u00f1a tambi\u00e9n que Dani \u00c1lvarez no diga nada ante una grave noticia que pod\u00eda haber contrarrestado el insulto de Maduro a Mar\u00eda Corina, por ejemplo informar que el gobierno de la dictadura de Maduro ha cerrado la Hermandad Gallega por lo que considera irregularidades. La clausura de la prestigiosa y numerosa entidad coincid\u00eda con el 65 aniversario de la entidad, lo que le ha supuesto un agujero de nota. La iniciativa comprende adem\u00e1s el cierre de la veintena de comercios que la integran. Hay que recordar que siendo presidente del gobierno Rodr\u00edguez Zapatero visit\u00f3 en viaje oficial a la Hermandad y all\u00ed le montaron la necesaria protesta por su obsequiosidad con el chavismo. Y eso no se olvida. Aqu\u00ed s\u00ed.<\/p>\n\n\n\n<p>No me extra\u00f1a que cierren en breve el Centro Vasco de Caracas por cualquier excusa y en EITB lo justifiquen. As\u00ed est\u00e1 la informaci\u00f3n en este pa\u00eds. Menos mal que nuestros exiliados ya no viven.<\/p>\n\n\n\n<p>A ELAB habr\u00eda que recordarles que en Venezuela no hay sindicatos, que el r\u00e9gimen persigue la libertad de expresi\u00f3n, que dos vascos est\u00e1n encarcelados porque si, que Maduro es un peligroso dictador, que rob\u00f3 unas elecciones y que no es decente lo que hacen en EITB.<\/p>\n\n\n\n<p>Ya s\u00e9 que no se lleva el compromiso con la verdad y los derechos humanos y que se considera normal este tipo de manipulaci\u00f3n diaria. \u00a1A &nbsp;que miseria nos ha llevado el abandono post moderno del compromiso y decoro, porque el decoro no es una moda francesa, sino una constante intelectual y moral!. Y entiendo que los de ELAB y los que pecan por omisi\u00f3n, m\u00e1s que por beligerancia, sigan ah\u00ed callando como muertos y manteniendo su puesto de &nbsp;trabajo porque les tienen miedo. Y ese pensamiento d\u00e9bil de deconstrucci\u00f3n y otras posturas comodonas hacen que la impunidad de los informativos y el silencio del Consejo de Administraci\u00f3n, hagan el resto.<\/p>\n\n\n\n<p>La colectividad venezolana en Euzkadi est\u00e1 extraordinariamente indignada y hace lo que har\u00eda yo: cambiar de canal. Al marxismo cretinismo que soportamos no cabe hacer otra cosa ante la continua desinformaci\u00f3n existente<\/p>\n\n\n\n<p>Seguramente este Premio Nobel volver\u00e1 a poner en el foco a Venezuela y EITB tratar\u00e1 de manipular la informaci\u00f3n como lo ha hecho desde siempre. Van a perder la batalla. Mar\u00eda Corina, con ayuda de la comunidad internacional y del 90% de los venezolanos decentes vencer\u00e1. Y yo no pienso callarme. Denunciar\u00e9 continuamente esta inmundicia informativa.<\/p>\n\n\n\n<p>Quien tiene el poder y no lo ejerce, que no se queje.<\/p>\n<!-- AddThis Advanced Settings generic via filter on the_content --><!-- AddThis Share Buttons generic via filter on the_content -->","protected":false},"excerpt":{"rendered":"<p>Lunes 13 de octubre de 2025 ELA y LAB son las dos caras de la misma moneda totalitaria sindical que controlan la informaci\u00f3n de \u00a0EITB. Son los que mandan en sus informativos. No la directora de los mismos. Tampoco Mikel Reparaz que se la pasa de corresponsal viajero, gastos pagados, teniendo como hay en Oriente &hellip; <a href=\"https:\/\/blogs.deia.eus\/anasagasti\/2025\/10\/13\/ela-lab-elab-no-se-han-enterado-que-bajo-la-dictadura-de-maduro-no-hay-sindicatos\/\" class=\"more-link\">Sigue leyendo <span class=\"screen-reader-text\">ELA-LAB (ELAB) NO SE HAN ENTERADO QUE BAJO LA DICTADURA DE MADURO NO HAY SINDICATOS<\/span><\/a><!-- AddThis Advanced Settings generic via filter on get_the_excerpt --><!-- AddThis Share Buttons generic via filter on get_the_excerpt --><\/p>\n","protected":false},"author":19,"featured_media":0,"comment_status":"open","ping_status":"open","sticky":false,"template":"","format":"standard","meta":{"footnotes":""},"categories":[1],"tags":[],"class_list":["post-20960","post","type-post","status-publish","format-standard","hentry","category-general"],"_links":{"self":[{"href":"https:\/\/blogs.deia.eus\/anasagasti\/wp-json\/wp\/v2\/posts\/20960","targetHints":{"allow":["GET"]}}],"collection":[{"href":"https:\/\/blogs.deia.eus\/anasagasti\/wp-json\/wp\/v2\/posts"}],"about":[{"href":"https:\/\/blogs.deia.eus\/anasagasti\/wp-json\/wp\/v2\/types\/post"}],"author":[{"embeddable":true,"href":"https:\/\/blogs.deia.eus\/anasagasti\/wp-json\/wp\/v2\/users\/19"}],"replies":[{"embeddable":true,"href":"https:\/\/blogs.deia.eus\/anasagasti\/wp-json\/wp\/v2\/comments?post=20960"}],"version-history":[{"count":2,"href":"https:\/\/blogs.deia.eus\/anasagasti\/wp-json\/wp\/v2\/posts\/20960\/revisions"}],"predecessor-version":[{"id":20963,"href":"https:\/\/blogs.deia.eus\/anasagasti\/wp-json\/wp\/v2\/posts\/20960\/revisions\/20963"}],"wp:attachment":[{"href":"https:\/\/blogs.deia.eus\/anasagasti\/wp-json\/wp\/v2\/media?parent=20960"}],"wp:term":[{"taxonomy":"category","embeddable":true,"href":"https:\/\/blogs.deia.eus\/anasagasti\/wp-json\/wp\/v2\/categories?post=20960"},{"taxonomy":"post_tag","embeddable":true,"href":"https:\/\/blogs.deia.eus\/anasagasti\/wp-json\/wp\/v2\/tags?post=20960"}],"curies":[{"name":"wp","href":"https:\/\/api.w.org\/{rel}","templated":true}]}}